{"id":1263443,"date":"2026-03-12T18:33:59","date_gmt":"2026-03-13T00:33:59","guid":{"rendered":"https:\/\/www.acapulcopress.com\/?p=1263443"},"modified":"2026-03-12T19:11:24","modified_gmt":"2026-03-13T01:11:24","slug":"diputado-de-mc-propone-capacitacion-de-primeros-auxilios-en-escuelas","status":"publish","type":"post","link":"https:\/\/www.acapulcopress.com\/index.php\/2026\/03\/12\/diputado-de-mc-propone-capacitacion-de-primeros-auxilios-en-escuelas\/","title":{"rendered":"Diputado de MC propone capacitaci\u00f3n de primeros auxilios en escuelas"},"content":{"rendered":"<p>CHILPANCINGO * 12 de marzo, 2026.<br \/>\n<em>) LXIV Legislatura | Guerrero<\/em><br \/>\nEl diputado<strong> Juli\u00e1n L\u00f3pez Galeana<\/strong> present\u00f3 una iniciativa para reformar el art\u00edculo 60, fracci\u00f3n XVIII, y adicionar la fracci\u00f3n XX al art\u00edculo 109 de la <em>Ley de Educaci\u00f3n del Estado de Guerrero,<\/em> con el prop\u00f3sito de incorporar la ense\u00f1anza y capacitaci\u00f3n en primeros auxilios b\u00e1sicos en el sistema educativo estatal. La medida busca que estudiantes, docentes y personal escolar cuenten con herramientas para actuar oportunamente ante emergencias m\u00e9dicas dentro de los planteles.<\/p>\n<p>Al fundamentar la propuesta, el legislador se\u00f1al\u00f3 que las escuelas son espacios donde conviven diariamente miles de ni\u00f1as, ni\u00f1os, adolescentes, docentes y personal administrativo, y que no est\u00e1n exentas de accidentes o situaciones de riesgo como ca\u00eddas, desmayos, atragantamientos, reacciones al\u00e9rgicas o crisis convulsivas.<\/p>\n<p>Agreg\u00f3 que, en Guerrero, esta reforma cobra especial relevancia debido a la exposici\u00f3n constante a fen\u00f3menos naturales como sismos, huracanes e inundaciones, adem\u00e1s de que en muchas comunidades el acceso inmediato a servicios de salud es limitado o, en algunos casos, inexistente.<\/p>\n<p>Por ello, la iniciativa plantea incorporar en la legislaci\u00f3n educativa el fomento de la atenci\u00f3n de primeros auxilios b\u00e1sicos dentro de los planes y programas de estudio, as\u00ed como impulsar programas de capacitaci\u00f3n dirigidos a estudiantes, docentes y personal administrativo. La propuesta fue turnada a la Comisi\u00f3n de Educaci\u00f3n, Ciencia y Tecnolog\u00eda.<\/p>\n<p><strong>Recuperar carril exclusivo del Acab\u00fas<\/strong><\/p>\n<p>El diputado tambi\u00e9n present\u00f3 un punto de acuerdo para exhortar a la presidenta municipal de Acapulco de Ju\u00e1rez, Abelina L\u00f3pez Rodr\u00edguez, a instruir a la Coordinaci\u00f3n de Movilidad y Transporte Municipal y a las \u00e1reas competentes a implementar acciones que permitan al sistema de transporte p\u00fablico Acab\u00fas recuperar y mantener el uso exclusivo de su carril confinado, con el fin de mejorar la movilidad urbana y fortalecer la seguridad vial.<\/p>\n<p>Explic\u00f3 que el Acab\u00fas fue dise\u00f1ado como un sistema de transporte masivo con carriles exclusivos para garantizar rapidez, seguridad y eficiencia; sin embargo, la constante invasi\u00f3n de estos espacios por veh\u00edculos particulares y unidades de carga afecta su operaci\u00f3n y perjudica a miles de usuarios.<\/p>\n<p>Record\u00f3 que el sistema inici\u00f3 operaciones en 2016 para atender a miles de pasajeros diariamente y que actualmente brinda servicio a cerca de 30 mil personas. Por ello, subray\u00f3 que garantizar el respeto al carril confinado permitir\u00e1 mejorar la eficiencia del transporte p\u00fablico, optimizar los tiempos de traslado y brindar mayor seguridad a la poblaci\u00f3n usuaria. La propuesta fue turnada a la Comisi\u00f3n de Transporte.<\/p>\n<p>Fortalecer el protocolo \u201cMochila sin riesgo\u201d<\/p>\n<p>El diputado Juli\u00e1n L\u00f3pez Galeana present\u00f3 adem\u00e1s un punto de acuerdo para que la Secretar\u00eda de Educaci\u00f3n Guerrero, en coordinaci\u00f3n con la Secretar\u00eda de Seguridad P\u00fablica del Estado, implementen y fortalezcan en los planteles de educaci\u00f3n b\u00e1sica y media superior el protocolo \u201cMochila sin riesgo\u201d.<\/p>\n<p>El objetivo es realizar revisiones preventivas de manera consensuada, con la participaci\u00f3n de madres, padres o tutores y autoridades escolares, garantizando en todo momento el respeto a los derechos humanos de ni\u00f1as, ni\u00f1os y adolescentes, as\u00ed como la promoci\u00f3n de entornos escolares seguros.<\/p>\n<p>Este acuerdo fue turnado a las Comisiones Unidas de Educaci\u00f3n, Ciencia y Tecnolog\u00eda, y de Seguridad P\u00fablica.<\/p>\n<p>Exhorto a la SEG y SSP<br \/>\nEl diputado Juli\u00e1n L\u00f3pez Galeana tambi\u00e9n present\u00f3 un punto de acuerdo para que la Secretar\u00eda de Educaci\u00f3n Guerrero, en coordinaci\u00f3n con la Secretar\u00eda de Seguridad P\u00fablica del Estado, implementen y fortalezcan en los planteles de educaci\u00f3n b\u00e1sica y media superior el protocolo \u201cMochila sin riesgo\u201d.<\/p>\n<p>Esto con el objetivo de realizar revisiones preventivas de manera consensuada, con la participaci\u00f3n de madres, padres o tutores y autoridades escolares, garantizando en todo momento el respeto a los derechos humanos de ni\u00f1as, ni\u00f1os y adolescentes, as\u00ed como la promoci\u00f3n de entornos escolares seguros.<\/p>\n<p>Este acuerdo se turn\u00f3 a las Comisiones Unidas de Educaci\u00f3n, Ciencia y Tecnolog\u00eda, y de Seguridad P\u00fablica.<br \/>\n<em>)\u00a0<a href=\"http:\/\/fb.me\/Steparious\" target=\"_blank\" rel=\"noopener\">fb.me\/Steparious<\/a>\u00a0|\u00a0<a href=\"http:\/\/fb.me\/acapulcopress\" target=\"_blank\" rel=\"noopener\">fb.me\/acapulcopress<\/a><\/em><\/p>\n","protected":false},"excerpt":{"rendered":"<p>CHILPANCINGO * 12 de marzo, 2026. ) LXIV Legislatura | Guerrero El diputado Juli\u00e1n L\u00f3pez Galeana present\u00f3 una iniciativa para reformar el art\u00edculo 60, fracci\u00f3n XVIII, y adicionar la fracci\u00f3n XX al art\u00edculo 109 de la Ley de Educaci\u00f3n del Estado de Guerrero, con el prop\u00f3sito de incorporar la ense\u00f1anza y capacitaci\u00f3n en primeros auxilios&#8230;<\/p>\n","protected":false},"author":1,"featured_media":1263444,"comment_status":"closed","ping_status":"open","sticky":false,"template":"","format":"standard","meta":{"footnotes":""},"categories":[2037,61],"tags":[11308,11831,12256],"class_list":["post-1263443","post","type-post","status-publish","format-standard","has-post-thumbnail","hentry","category-congreso-de-guerrero","category-legislacion","tag-julian-lopez-galeana","tag-ley-de-educacion-del-estado-de-guerrero","tag-lxiv-legislatura-guerrero"],"_links":{"self":[{"href":"https:\/\/www.acapulcopress.com\/index.php\/wp-json\/wp\/v2\/posts\/1263443","targetHints":{"allow":["GET"]}}],"collection":[{"href":"https:\/\/www.acapulcopress.com\/index.php\/wp-json\/wp\/v2\/posts"}],"about":[{"href":"https:\/\/www.acapulcopress.com\/index.php\/wp-json\/wp\/v2\/types\/post"}],"author":[{"embeddable":true,"href":"https:\/\/www.acapulcopress.com\/index.php\/wp-json\/wp\/v2\/users\/1"}],"replies":[{"embeddable":true,"href":"https:\/\/www.acapulcopress.com\/index.php\/wp-json\/wp\/v2\/comments?post=1263443"}],"version-history":[{"count":2,"href":"https:\/\/www.acapulcopress.com\/index.php\/wp-json\/wp\/v2\/posts\/1263443\/revisions"}],"predecessor-version":[{"id":1263446,"href":"https:\/\/www.acapulcopress.com\/index.php\/wp-json\/wp\/v2\/posts\/1263443\/revisions\/1263446"}],"wp:featuredmedia":[{"embeddable":true,"href":"https:\/\/www.acapulcopress.com\/index.php\/wp-json\/wp\/v2\/media\/1263444"}],"wp:attachment":[{"href":"https:\/\/www.acapulcopress.com\/index.php\/wp-json\/wp\/v2\/media?parent=1263443"}],"wp:term":[{"taxonomy":"category","embeddable":true,"href":"https:\/\/www.acapulcopress.com\/index.php\/wp-json\/wp\/v2\/categories?post=1263443"},{"taxonomy":"post_tag","embeddable":true,"href":"https:\/\/www.acapulcopress.com\/index.php\/wp-json\/wp\/v2\/tags?post=1263443"}],"curies":[{"name":"wp","href":"https:\/\/api.w.org\/{rel}","templated":true}]}}