{"id":1263451,"date":"2026-03-13T16:16:19","date_gmt":"2026-03-13T22:16:19","guid":{"rendered":"https:\/\/www.acapulcopress.com\/?p=1263451"},"modified":"2026-03-13T16:18:40","modified_gmt":"2026-03-13T22:18:40","slug":"gobierno-de-guerrero-realizara-jornada-especial-de-correccion-de-actas-en-baja-california-sur","status":"publish","type":"post","link":"https:\/\/www.acapulcopress.com\/index.php\/2026\/03\/13\/gobierno-de-guerrero-realizara-jornada-especial-de-correccion-de-actas-en-baja-california-sur\/","title":{"rendered":"Gobierno de Guerrero realizar\u00e1 jornada especial de correcci\u00f3n de actas en Baja California Sur"},"content":{"rendered":"<p>CHILPANCINGO * 13 de marzo, 2026.<br \/>\n<em>) Gobierno de Guerrero<\/em><br \/>\nCon la finalidad de garantizar el derecho a la identidad y facilitar el acceso a servicios registrales a los guerrerenses que viven fuera del <img loading=\"lazy\" decoding=\"async\" class=\"alignleft wp-image-1263453 size-medium\" src=\"https:\/\/www.acapulcopress.com\/wp-content\/uploads\/2026\/03\/CORRECCION-DE-ACTAS-BCS2-300x200.jpeg\" alt=\"\" width=\"300\" height=\"200\" srcset=\"https:\/\/www.acapulcopress.com\/wp-content\/uploads\/2026\/03\/CORRECCION-DE-ACTAS-BCS2-300x200.jpeg 300w, https:\/\/www.acapulcopress.com\/wp-content\/uploads\/2026\/03\/CORRECCION-DE-ACTAS-BCS2-1024x683.jpeg 1024w, https:\/\/www.acapulcopress.com\/wp-content\/uploads\/2026\/03\/CORRECCION-DE-ACTAS-BCS2-768x512.jpeg 768w, https:\/\/www.acapulcopress.com\/wp-content\/uploads\/2026\/03\/CORRECCION-DE-ACTAS-BCS2-580x387.jpeg 580w, https:\/\/www.acapulcopress.com\/wp-content\/uploads\/2026\/03\/CORRECCION-DE-ACTAS-BCS2-860x574.jpeg 860w, https:\/\/www.acapulcopress.com\/wp-content\/uploads\/2026\/03\/CORRECCION-DE-ACTAS-BCS2-1160x774.jpeg 1160w, https:\/\/www.acapulcopress.com\/wp-content\/uploads\/2026\/03\/CORRECCION-DE-ACTAS-BCS2.jpeg 1280w\" sizes=\"auto, (max-width: 300px) 100vw, 300px\" \/>estado, el gobierno de Guerrero llevar\u00e1 a cabo del 21 al 23 de marzo una <em>Jornada Especial de Correcci\u00f3n de Actas en Baja California Sur<\/em>.<\/p>\n<p>Esta actividad forma parte de las pol\u00edticas p\u00fablicas impulsadas por la gobernadora Evelyn Salgado Pineda, enfocadas en priorizar la atenci\u00f3n a la poblaci\u00f3n guerrerense que residen en distintas regiones del pa\u00eds y fortalecer su acceso a tr\u00e1mites del Registro Civil.<\/p>\n<p>El titular de la <em>Coordinaci\u00f3n T\u00e9cnica del Sistema Estatal del Registro Civil<\/em>, <strong>Carlos Salgado Carranza<\/strong>, inform\u00f3 que la subdirectora operativa, Lucero Sanaid\u00e9 Corona, encabezar\u00e1 la jornada junto con su equipo de trabajo, brindando asesor\u00eda y atenci\u00f3n directa a quienes requieran regularizar o corregir documentos oficiales.<\/p>\n<p>Dijo que la jornada se realizar\u00e1 en Los Cabos los d\u00edas 21, 22 y 23 de marzo en el Parque Las Palmas, en un horario de 9:00 de la ma\u00f1ana a 5:00 de la tarde.<\/p>\n<p>Se ofrecer\u00e1n diversos servicios registrales, entre ellos, aclaraciones administrativas, rectificaciones administrativas, nulidades de doble registro de nacimiento, certificaci\u00f3n de CURP, constancias de inexistencia de registro de nacimiento y constancias de inexistencia de registro de matrimonio.<\/p>\n<p>El funcionario estatal dijo que el gobierno del estado est\u00e1 comprometido en acercar los servicios del registro civil a la poblaci\u00f3n guerrerense, garantizando su derecho a la identidad y brindando certeza jur\u00eddica a sus documentos oficiales.<br \/>\n<em>)\u00a0<a href=\"http:\/\/fb.me\/Steparious\" target=\"_blank\" rel=\"noopener\">fb.me\/Steparious<\/a>\u00a0|\u00a0<a href=\"http:\/\/fb.me\/acapulcopress\" target=\"_blank\" rel=\"noopener\">fb.me\/acapulcopress<\/a><\/em><\/p>\n","protected":false},"excerpt":{"rendered":"<p>CHILPANCINGO * 13 de marzo, 2026. ) Gobierno de Guerrero Con la finalidad de garantizar el derecho a la identidad y facilitar el acceso a servicios registrales a los guerrerenses que viven fuera del estado, el gobierno de Guerrero llevar\u00e1 a cabo del 21 al 23 de marzo una Jornada Especial de Correcci\u00f3n de Actas&#8230;<\/p>\n","protected":false},"author":1,"featured_media":1263452,"comment_status":"closed","ping_status":"open","sticky":false,"template":"","format":"standard","meta":{"footnotes":""},"categories":[2080],"tags":[19318,19317,9302,19316,15418],"class_list":["post-1263451","post","type-post","status-publish","format-standard","has-post-thumbnail","hentry","category-regiones-de-guerrero","tag-carlos-salgado-carranza","tag-coordinacion-tecnica-del-sistema-estatal-del-registro-civil-en-guerrero","tag-gobierno-de-guerrero","tag-jornada-especial-de-correccion-de-actas-en-baja-california-sur","tag-registro-civil-guerrero"],"_links":{"self":[{"href":"https:\/\/www.acapulcopress.com\/index.php\/wp-json\/wp\/v2\/posts\/1263451","targetHints":{"allow":["GET"]}}],"collection":[{"href":"https:\/\/www.acapulcopress.com\/index.php\/wp-json\/wp\/v2\/posts"}],"about":[{"href":"https:\/\/www.acapulcopress.com\/index.php\/wp-json\/wp\/v2\/types\/post"}],"author":[{"embeddable":true,"href":"https:\/\/www.acapulcopress.com\/index.php\/wp-json\/wp\/v2\/users\/1"}],"replies":[{"embeddable":true,"href":"https:\/\/www.acapulcopress.com\/index.php\/wp-json\/wp\/v2\/comments?post=1263451"}],"version-history":[{"count":2,"href":"https:\/\/www.acapulcopress.com\/index.php\/wp-json\/wp\/v2\/posts\/1263451\/revisions"}],"predecessor-version":[{"id":1263455,"href":"https:\/\/www.acapulcopress.com\/index.php\/wp-json\/wp\/v2\/posts\/1263451\/revisions\/1263455"}],"wp:featuredmedia":[{"embeddable":true,"href":"https:\/\/www.acapulcopress.com\/index.php\/wp-json\/wp\/v2\/media\/1263452"}],"wp:attachment":[{"href":"https:\/\/www.acapulcopress.com\/index.php\/wp-json\/wp\/v2\/media?parent=1263451"}],"wp:term":[{"taxonomy":"category","embeddable":true,"href":"https:\/\/www.acapulcopress.com\/index.php\/wp-json\/wp\/v2\/categories?post=1263451"},{"taxonomy":"post_tag","embeddable":true,"href":"https:\/\/www.acapulcopress.com\/index.php\/wp-json\/wp\/v2\/tags?post=1263451"}],"curies":[{"name":"wp","href":"https:\/\/api.w.org\/{rel}","templated":true}]}}