{"id":1263456,"date":"2026-03-13T17:18:26","date_gmt":"2026-03-13T23:18:26","guid":{"rendered":"https:\/\/www.acapulcopress.com\/?p=1263456"},"modified":"2026-03-13T17:28:31","modified_gmt":"2026-03-13T23:28:31","slug":"sheinbaum-confirma-dichos-de-trump-publicamente-rechaza-ayuda-contra-carteles","status":"publish","type":"post","link":"https:\/\/www.acapulcopress.com\/index.php\/2026\/03\/13\/sheinbaum-confirma-dichos-de-trump-publicamente-rechaza-ayuda-contra-carteles\/","title":{"rendered":"Sheinbaum p\u00fablicamente rechaza ayuda de EU contra c\u00e1rteles"},"content":{"rendered":"<p>TECOM\u00c1N, Col. * 13 de marzo, 2026.<br \/>\n<em>) Infobae | LatinUs<\/em><br \/>\nLa presidenta de M\u00e9xico, <strong>Claudia Sheinbaum<\/strong>, aprovech\u00f3 su visita a Tecom\u00e1n, Colima, para enviar un mensaje directo sobre la relaci\u00f3n entre M\u00e9xico y Estados Unidos, tras una publicaci\u00f3n en redes sociales de Donald Trump que alud\u00eda al pa\u00eds.<\/p>\n<p>Durante el evento de<em> Pensi\u00f3n Mujeres Bienestar<\/em> en Tecom\u00e1n, Colima, la mandataria sugiri\u00f3 que el inquilino de la <em>Casa Blanca<\/em> no estaba bien informado y reiter\u00f3 que pueden colaborar siempre y cuando se respete la soberan\u00eda.<\/p>\n<p>\u00abA lo mejor no est\u00e1 muy bien informado, porque estamos trabajando con Estados Unidos para el tema de seguridad, pero hay una condici\u00f3n que siempre hemos puesto porque podemos colaborar, trabajar juntos, pero hay algo por lo que hemos luchado toda nuestra vida, el pueblo de M\u00e9xico, la soberan\u00eda y esa no est\u00e1 en negociaci\u00f3n\u00bb, dijo.<\/p>\n<p>El mandatario de Estados Unidos reposte\u00f3 en su cuenta de <em>Truth Social<\/em> el mensaje de un usuario que cuestionaba la decisi\u00f3n de Sheinbaum de rechazar la propuesta de Trump sobre erradicar c\u00e1rteles.<\/p>\n<p>Claudia Sheinbaum admiti\u00f3 que Donald Trump la llam\u00f3 para ofrecerle erradicar a los c\u00e1rteles y que rechaz\u00f3 que Estados Unidos intervenga: \u201das\u00ed es, dijimos que no, orgullosamente no\u00bb, se le\u00eda en el mensaje acompa\u00f1ado de un video de la presidenta hablando del tema.<\/p>\n<p>\u00ab<strong>\u00bfY as\u00ed dice que no son un &#8216;narcogobierno&#8217;?<\/strong>\u00ab, dice la publicaci\u00f3n del usuario identificado como Liberfach0.<\/p>\n<p>Trump no a\u00f1adi\u00f3 comentarios y hasta el momento no se ha vuelto a pronunciar sobre esa publicaci\u00f3n o sobre Sheinbaum.<\/p>\n<p>Fue as\u00ed que durante su intervenci\u00f3n ante cientos de mujeres beneficiarias del programa <em>Pensi\u00f3n Mujeres Bienestar<\/em>, Sheinbaum fue contundente al abordar el tema fronterizo: \u201cHace unos minutos el presidente Trump hizo una publicaci\u00f3n ah\u00ed en sus redes sociales relacionada con M\u00e9xico, pero a lo mejor no est\u00e1 muy bien informado, porque estamos trabajando con Estados Unidos para el tema de seguridad\u201d, afirm\u00f3, generando una fuerte reacci\u00f3n del p\u00fablico.<\/p>\n<p>Fue as\u00ed que durante su intervenci\u00f3n ante cientos de mujeres beneficiarias del programa Pensi\u00f3n Mujeres Bienestar, Sheinbaum fue contundente al abordar el tema fronterizo: \u201cHace unos minutos el presidente Trump hizo una publicaci\u00f3n ah\u00ed en sus redes sociales relacionada con M\u00e9xico, pero a lo mejor no est\u00e1 muy bien informado, porque estamos trabajando con Estados Unidos para el tema de seguridad\u201d, afirm\u00f3, generando una fuerte reacci\u00f3n del p\u00fablico.<br \/>\n<em>)\u00a0<a href=\"http:\/\/fb.me\/Steparious\" target=\"_blank\" rel=\"noopener\">fb.me\/Steparious<\/a>\u00a0|\u00a0<a href=\"http:\/\/fb.me\/acapulcopress\" target=\"_blank\" rel=\"noopener\">fb.me\/acapulcopress<\/a><\/em><\/p>\n","protected":false},"excerpt":{"rendered":"<p>TECOM\u00c1N, Col. * 13 de marzo, 2026. ) Infobae | LatinUs La presidenta de M\u00e9xico, Claudia Sheinbaum, aprovech\u00f3 su visita a Tecom\u00e1n, Colima, para enviar un mensaje directo sobre la relaci\u00f3n entre M\u00e9xico y Estados Unidos, tras una publicaci\u00f3n en redes sociales de Donald Trump que alud\u00eda al pa\u00eds. Durante el evento de Pensi\u00f3n Mujeres&#8230;<\/p>\n","protected":false},"author":1,"featured_media":1263457,"comment_status":"closed","ping_status":"open","sticky":false,"template":"","format":"standard","meta":{"footnotes":""},"categories":[1997],"tags":[5317,5327,5853,7450,19319],"class_list":["post-1263456","post","type-post","status-publish","format-standard","has-post-thumbnail","hentry","category-noticias-destacadas","tag-carteles-de-la-droga","tag-casa-blanca","tag-claudia-sheinbaum-pardo","tag-donald-trump","tag-truth-social"],"_links":{"self":[{"href":"https:\/\/www.acapulcopress.com\/index.php\/wp-json\/wp\/v2\/posts\/1263456","targetHints":{"allow":["GET"]}}],"collection":[{"href":"https:\/\/www.acapulcopress.com\/index.php\/wp-json\/wp\/v2\/posts"}],"about":[{"href":"https:\/\/www.acapulcopress.com\/index.php\/wp-json\/wp\/v2\/types\/post"}],"author":[{"embeddable":true,"href":"https:\/\/www.acapulcopress.com\/index.php\/wp-json\/wp\/v2\/users\/1"}],"replies":[{"embeddable":true,"href":"https:\/\/www.acapulcopress.com\/index.php\/wp-json\/wp\/v2\/comments?post=1263456"}],"version-history":[{"count":3,"href":"https:\/\/www.acapulcopress.com\/index.php\/wp-json\/wp\/v2\/posts\/1263456\/revisions"}],"predecessor-version":[{"id":1263460,"href":"https:\/\/www.acapulcopress.com\/index.php\/wp-json\/wp\/v2\/posts\/1263456\/revisions\/1263460"}],"wp:featuredmedia":[{"embeddable":true,"href":"https:\/\/www.acapulcopress.com\/index.php\/wp-json\/wp\/v2\/media\/1263457"}],"wp:attachment":[{"href":"https:\/\/www.acapulcopress.com\/index.php\/wp-json\/wp\/v2\/media?parent=1263456"}],"wp:term":[{"taxonomy":"category","embeddable":true,"href":"https:\/\/www.acapulcopress.com\/index.php\/wp-json\/wp\/v2\/categories?post=1263456"},{"taxonomy":"post_tag","embeddable":true,"href":"https:\/\/www.acapulcopress.com\/index.php\/wp-json\/wp\/v2\/tags?post=1263456"}],"curies":[{"name":"wp","href":"https:\/\/api.w.org\/{rel}","templated":true}]}}