{"id":1263462,"date":"2026-02-27T21:58:15","date_gmt":"2026-02-28T03:58:15","guid":{"rendered":"https:\/\/www.acapulcopress.com\/?p=1263462"},"modified":"2026-03-16T10:05:11","modified_gmt":"2026-03-16T16:05:11","slug":"proponen-reforma-para-garantizar-inclusion-indigena-y-afromexicana-en-cargos-publicos","status":"publish","type":"post","link":"https:\/\/www.acapulcopress.com\/index.php\/2026\/02\/27\/proponen-reforma-para-garantizar-inclusion-indigena-y-afromexicana-en-cargos-publicos\/","title":{"rendered":"Proponen reforma para garantizar inclusi\u00f3n ind\u00edgena y afromexicana en cargos p\u00fablicos"},"content":{"rendered":"<p>CHILPANCINGO * 27 de febrero, 2026.<br \/>\n<em>) LXIV Legislatura | Guerrero<\/em><\/p>\n<p>&#8211; El diputado<strong> Jes\u00fas Parra Garc\u00eda<\/strong> present\u00f3 una iniciativa para reformar los art\u00edculos 9, 10, 16, 18, 21, 56, 57 y 58, as\u00ed como adicionar los art\u00edculos 3 Bis y 4 Bis, un tercer p\u00e1rrafo al art\u00edculo 22 y un Cap\u00edtulo Quinto Bis denominado \u201cDe los Pueblos y Comunidades Ind\u00edgenas y Afromexicanas\u201d de la Ley Org\u00e1nica de la Administraci\u00f3n P\u00fablica del Estado de Guerrero.<\/p>\n<p>En tribuna, el diputado integrante del Grupo Parlamentario del PRI explic\u00f3 que la propuesta tiene como finalidad armonizar este ordenamiento con los est\u00e1ndares constitucionales y convencionales en materia de derechos humanos, incorporar de manera transversal la perspectiva de g\u00e9nero, fortalecer la transparencia y el combate a la corrupci\u00f3n, y garantizar el reconocimiento efectivo de los derechos de los pueblos y comunidades ind\u00edgenas y afromexicanas en la actuaci\u00f3n del Ejecutivo estatal.<\/p>\n<p>Inform\u00f3 que la Constituci\u00f3n Pol\u00edtica del Estado establece la obligaci\u00f3n de todas las autoridades de promover, respetar, proteger y garantizar los derechos humanos bajo los principios de universalidad, interdependencia, indivisibilidad y progresividad, por lo que resulta indispensable que la administraci\u00f3n p\u00fablica estatal incorpore de manera expresa el enfoque de derechos humanos en la planeaci\u00f3n, programaci\u00f3n, ejecuci\u00f3n y evaluaci\u00f3n de sus pol\u00edticas p\u00fablicas.<\/p>\n<p>Por ello, dijo que se plantea establecer en la ley en comento la obligaci\u00f3n de ajustar la actuaci\u00f3n del Poder Ejecutivo al par\u00e1metro de control de constitucionalidad y convencionalidad, atendiendo los criterios de los \u00f3rganos jurisdiccionales nacionales e internacionales, as\u00ed como adoptar medidas de prevenci\u00f3n, reparaci\u00f3n y no repetici\u00f3n ante posibles violaciones a derechos humanos.<\/p>\n<p>Tambi\u00e9n busca fortalecer la transversalizaci\u00f3n de la perspectiva de g\u00e9nero en todas las dependencias, mediante la incorporaci\u00f3n de obligaciones espec\u00edficas para garantizar la igualdad sustantiva, la paridad en el acceso a cargos p\u00fablicos, la prevenci\u00f3n y atenci\u00f3n de la violencia contra las mujeres, la elaboraci\u00f3n de presupuestos con enfoque de g\u00e9nero y la generaci\u00f3n de informaci\u00f3n estad\u00edstica desagregada que permita dise\u00f1ar pol\u00edticas p\u00fablicas m\u00e1s eficaces.<\/p>\n<p>Parra Garc\u00eda indic\u00f3 que, en materia de pueblos y comunidades ind\u00edgenas y afromexicanas, se contempla la creaci\u00f3n de un cap\u00edtulo espec\u00edfico que obligue a las secretar\u00edas y entidades a observar el enfoque intercultural, garantizar el acceso a la informaci\u00f3n en lenguas originarias y realizar procesos de consulta previa, libre e informada cuando las decisiones, programas o proyectos gubernamentales puedan impactar directamente en sus derechos, asegurando su participaci\u00f3n efectiva en el dise\u00f1o y evaluaci\u00f3n de pol\u00edticas p\u00fablicas.<\/p>\n<p>Adem\u00e1s, de aprobarse, se reforzar\u00e1n las disposiciones relativas a transparencia, rendici\u00f3n de cuentas, disciplina financiera y combate a la corrupci\u00f3n, al robustecer las atribuciones y principios que rigen a los \u00f3rganos internos de control, promover la profesionalizaci\u00f3n del servicio p\u00fablico y fortalecer los mecanismos de coordinaci\u00f3n con el Sistema Estatal Anticorrupci\u00f3n.<br \/>\nLa iniciativa fue turnada a la Comisi\u00f3n de Estudios Constitucionales y Jur\u00eddicos.<br \/>\n<em>)\u00a0<a href=\"http:\/\/fb.me\/Steparious\" target=\"_blank\" rel=\"noopener\">fb.me\/Steparious<\/a>\u00a0|\u00a0<a href=\"http:\/\/fb.me\/acapulcopress\" target=\"_blank\" rel=\"noopener\">fb.me\/acapulcopress<\/a><\/em><\/p>\n","protected":false},"excerpt":{"rendered":"<p>CHILPANCINGO * 27 de febrero, 2026. ) LXIV Legislatura | Guerrero &#8211; El diputado Jes\u00fas Parra Garc\u00eda present\u00f3 una iniciativa para reformar los art\u00edculos 9, 10, 16, 18, 21, 56, 57 y 58, as\u00ed como adicionar los art\u00edculos 3 Bis y 4 Bis, un tercer p\u00e1rrafo al art\u00edculo 22 y un Cap\u00edtulo Quinto Bis denominado&#8230;<\/p>\n","protected":false},"author":1,"featured_media":1263463,"comment_status":"closed","ping_status":"open","sticky":false,"template":"","format":"standard","meta":{"footnotes":""},"categories":[2037,61],"tags":[10743,12256],"class_list":["post-1263462","post","type-post","status-publish","format-standard","has-post-thumbnail","hentry","category-congreso-de-guerrero","category-legislacion","tag-jesus-parra-garcia","tag-lxiv-legislatura-guerrero"],"_links":{"self":[{"href":"https:\/\/www.acapulcopress.com\/index.php\/wp-json\/wp\/v2\/posts\/1263462","targetHints":{"allow":["GET"]}}],"collection":[{"href":"https:\/\/www.acapulcopress.com\/index.php\/wp-json\/wp\/v2\/posts"}],"about":[{"href":"https:\/\/www.acapulcopress.com\/index.php\/wp-json\/wp\/v2\/types\/post"}],"author":[{"embeddable":true,"href":"https:\/\/www.acapulcopress.com\/index.php\/wp-json\/wp\/v2\/users\/1"}],"replies":[{"embeddable":true,"href":"https:\/\/www.acapulcopress.com\/index.php\/wp-json\/wp\/v2\/comments?post=1263462"}],"version-history":[{"count":1,"href":"https:\/\/www.acapulcopress.com\/index.php\/wp-json\/wp\/v2\/posts\/1263462\/revisions"}],"predecessor-version":[{"id":1263464,"href":"https:\/\/www.acapulcopress.com\/index.php\/wp-json\/wp\/v2\/posts\/1263462\/revisions\/1263464"}],"wp:featuredmedia":[{"embeddable":true,"href":"https:\/\/www.acapulcopress.com\/index.php\/wp-json\/wp\/v2\/media\/1263463"}],"wp:attachment":[{"href":"https:\/\/www.acapulcopress.com\/index.php\/wp-json\/wp\/v2\/media?parent=1263462"}],"wp:term":[{"taxonomy":"category","embeddable":true,"href":"https:\/\/www.acapulcopress.com\/index.php\/wp-json\/wp\/v2\/categories?post=1263462"},{"taxonomy":"post_tag","embeddable":true,"href":"https:\/\/www.acapulcopress.com\/index.php\/wp-json\/wp\/v2\/tags?post=1263462"}],"curies":[{"name":"wp","href":"https:\/\/api.w.org\/{rel}","templated":true}]}}