{"id":1263481,"date":"2026-02-22T21:42:51","date_gmt":"2026-02-23T03:42:51","guid":{"rendered":"https:\/\/www.acapulcopress.com\/?p=1263481"},"modified":"2026-03-16T11:45:51","modified_gmt":"2026-03-16T17:45:51","slug":"proponen-reforma-para-reconocer-legalmente-a-victimas-indirectas-en-guerrero","status":"publish","type":"post","link":"https:\/\/www.acapulcopress.com\/index.php\/2026\/02\/22\/proponen-reforma-para-reconocer-legalmente-a-victimas-indirectas-en-guerrero\/","title":{"rendered":"Proponen reforma para reconocer legalmente a v\u00edctimas indirectas en Guerrero"},"content":{"rendered":"<p>CHILPANCINGO * 22 de febrero, 2026.<br \/>\n<em>) LXIV Legislatura | Guerrero<\/em><br \/>\nEl diputado<strong> P\u00e1nfilo S\u00e1nchez Almaz\u00e1n<\/strong> propuso reformar la <em>Ley de V\u00edctimas del Estado de Guerrero,<\/em> a fin de incorporar de manera expresa la figura de la v\u00edctima indirecta, armoniz\u00e1ndola con la Ley General de V\u00edctimas y con los est\u00e1ndares constitucionales e internacionales, para garantizar el reconocimiento pleno de sus derechos, as\u00ed como el acceso a la atenci\u00f3n, protecci\u00f3n y reparaci\u00f3n integral del da\u00f1o.<\/p>\n<p>Al presentar la iniciativa, el diputado se\u00f1al\u00f3 que durante d\u00e9cadas la atenci\u00f3n a las v\u00edctimas del delito y de violaciones a los derechos humanos en M\u00e9xico se mantuvo en un plano marginal dentro del sistema de justicia penal; sin embargo, recientemente el marco normativo nacional ha experimentado una transformaci\u00f3n, al reconocerlas como sujetos plenos de derechos y titulares de mecanismos de protecci\u00f3n, reparaci\u00f3n y acceso efectivo a la justicia.<\/p>\n<p>Agreg\u00f3 que esta transformaci\u00f3n se concreta en instrumentos normativos como la Ley General de V\u00edctimas, la reforma constitucional en materia de derechos humanos de 2011 y diversos tratados internacionales, mediante los cuales el Estado no solo tiene la obligaci\u00f3n de investigar y sancionar los delitos y las violaciones a los derechos humanos, sino tambi\u00e9n la responsabilidad de garantizar a las v\u00edctimas directas e indirectas el acceso a la verdad, la justicia y la reparaci\u00f3n integral.<\/p>\n<p>No obstante, puntualiz\u00f3 que en Guerrero la Ley de V\u00edctimas del Estado a\u00fan presenta serias deficiencias, al no incorporar plenamente este enfoque garantista, entre ellas la ausencia de una definici\u00f3n expresa y funcional de la figura de la v\u00edctima indirecta, lo que implica una limitaci\u00f3n al ejercicio de derechos por parte de personas afectadas de manera colateral por hechos de violencia y violaciones graves a los derechos humanos.<\/p>\n<p>\u201cEsta omisi\u00f3n, adem\u00e1s de representar una limitaci\u00f3n jur\u00eddica, tiene efectos pr\u00e1cticos graves, ya que personas \u2014particularmente mujeres, madres, hijas, esposas, hermanos y cuidadores\u2014 se ven privadas del reconocimiento legal como v\u00edctimas, lo que, en consecuencia, les impide acceder a atenci\u00f3n psicol\u00f3gica, ayuda econ\u00f3mica, medidas de protecci\u00f3n y procesos de reparaci\u00f3n integral\u201d, se\u00f1al\u00f3.<\/p>\n<p>Por ello, consider\u00f3 urgente y jur\u00eddicamente obligatorio que el Congreso del Estado de Guerrero armonice su Ley de V\u00edctimas con la Ley General y con los est\u00e1ndares constitucionales e internacionales, para incorporar de manera expresa, operativa y garantista la figura de la v\u00edctima indirecta, as\u00ed como asegurar que estas personas puedan acceder a las mismas medidas de atenci\u00f3n y reparaci\u00f3n que las v\u00edctimas directas.<br \/>\n<em>)\u00a0<a href=\"http:\/\/fb.me\/Steparious\" target=\"_blank\" rel=\"noopener\">fb.me\/Steparious<\/a>\u00a0|\u00a0<a href=\"http:\/\/fb.me\/acapulcopress\" target=\"_blank\" rel=\"noopener\">fb.me\/acapulcopress<\/a><\/em><\/p>\n","protected":false},"excerpt":{"rendered":"<p>CHILPANCINGO * 22 de febrero, 2026. ) LXIV Legislatura | Guerrero El diputado P\u00e1nfilo S\u00e1nchez Almaz\u00e1n propuso reformar la Ley de V\u00edctimas del Estado de Guerrero, a fin de incorporar de manera expresa la figura de la v\u00edctima indirecta, armoniz\u00e1ndola con la Ley General de V\u00edctimas y con los est\u00e1ndares constitucionales e internacionales, para garantizar&#8230;<\/p>\n","protected":false},"author":1,"featured_media":1263482,"comment_status":"closed","ping_status":"open","sticky":false,"template":"","format":"standard","meta":{"footnotes":""},"categories":[2037,61],"tags":[19320,12256,64],"class_list":["post-1263481","post","type-post","status-publish","format-standard","has-post-thumbnail","hentry","category-congreso-de-guerrero","category-legislacion","tag-ley-de-victimas-del-estado-de-guerrero","tag-lxiv-legislatura-guerrero","tag-panfilo-sanchez-almazan"],"_links":{"self":[{"href":"https:\/\/www.acapulcopress.com\/index.php\/wp-json\/wp\/v2\/posts\/1263481","targetHints":{"allow":["GET"]}}],"collection":[{"href":"https:\/\/www.acapulcopress.com\/index.php\/wp-json\/wp\/v2\/posts"}],"about":[{"href":"https:\/\/www.acapulcopress.com\/index.php\/wp-json\/wp\/v2\/types\/post"}],"author":[{"embeddable":true,"href":"https:\/\/www.acapulcopress.com\/index.php\/wp-json\/wp\/v2\/users\/1"}],"replies":[{"embeddable":true,"href":"https:\/\/www.acapulcopress.com\/index.php\/wp-json\/wp\/v2\/comments?post=1263481"}],"version-history":[{"count":1,"href":"https:\/\/www.acapulcopress.com\/index.php\/wp-json\/wp\/v2\/posts\/1263481\/revisions"}],"predecessor-version":[{"id":1263483,"href":"https:\/\/www.acapulcopress.com\/index.php\/wp-json\/wp\/v2\/posts\/1263481\/revisions\/1263483"}],"wp:featuredmedia":[{"embeddable":true,"href":"https:\/\/www.acapulcopress.com\/index.php\/wp-json\/wp\/v2\/media\/1263482"}],"wp:attachment":[{"href":"https:\/\/www.acapulcopress.com\/index.php\/wp-json\/wp\/v2\/media?parent=1263481"}],"wp:term":[{"taxonomy":"category","embeddable":true,"href":"https:\/\/www.acapulcopress.com\/index.php\/wp-json\/wp\/v2\/categories?post=1263481"},{"taxonomy":"post_tag","embeddable":true,"href":"https:\/\/www.acapulcopress.com\/index.php\/wp-json\/wp\/v2\/tags?post=1263481"}],"curies":[{"name":"wp","href":"https:\/\/api.w.org\/{rel}","templated":true}]}}