{"id":1264010,"date":"2026-04-12T19:24:46","date_gmt":"2026-04-13T01:24:46","guid":{"rendered":"https:\/\/www.acapulcopress.com\/?p=1264010"},"modified":"2026-04-17T12:35:34","modified_gmt":"2026-04-17T18:35:34","slug":"proponen-crear-fiscalia-para-delitos-contra-personas-de-la-diversidad-sexual","status":"publish","type":"post","link":"https:\/\/www.acapulcopress.com\/index.php\/2026\/04\/12\/proponen-crear-fiscalia-para-delitos-contra-personas-de-la-diversidad-sexual\/","title":{"rendered":"Proponen crear Fiscal\u00eda para Delitos contra Personas de la Diversidad Sexual"},"content":{"rendered":"<p>CHILPANCINGO * 12 de abril de 2026.<br \/>\n) <em>LXIV Legislatura | Guerrero<\/em><br \/>\nLa diputada<strong> Erika Lorena L\u00fchrs Cort\u00e9s<\/strong> propuso reformar y adicionar la Ley Org\u00e1nica de la Fiscal\u00eda General del Estado de Guerrero, con el fin de crear una Fiscal\u00eda Especializada para la investigaci\u00f3n y atenci\u00f3n integral de delitos cometidos contra personas de la diversidad sexual y de g\u00e9nero.<\/p>\n<p>En su propuesta, la diputada se\u00f1al\u00f3 que esta problem\u00e1tica es grave, porque se cometen cr\u00edmenes de odio con altos niveles de violencia e impunidad, adem\u00e1s de una incidencia desproporcionada hacia las mujeres trans.<\/p>\n<p>Agreg\u00f3 que, aunque la protecci\u00f3n de los derechos humanos est\u00e1 consagrada en la Constituci\u00f3n, diversos sectores de la poblaci\u00f3n contin\u00faan enfrentando condiciones estructurales de discriminaci\u00f3n y violencia. Entre ellos se encuentran las personas de la comunidad LGBTTTIQ+, hist\u00f3ricamente vulneradas en el ejercicio pleno de sus derechos, particularmente en lo que respecta al acceso a la justicia.<\/p>\n<p>Se\u00f1al\u00f3 que diversos informes de organismos nacionales e internacionales han documentado que las personas de la comunidad LGBTTTIQ+ enfrentan altos \u00edndices de violencia, incluidos delitos motivados por prejuicio, como homicidios, lesiones, amenazas, violencia sexual y discriminaci\u00f3n<\/p>\n<p>Consider\u00f3 necesario crear una Fiscal\u00eda Especializada con atribuciones claras para investigar, perseguir y, sobre todo, sancionar los delitos cometidos contra personas LGBTTTIQ+, incorporando un enfoque de derechos humanos, perspectiva de g\u00e9nero y diversidad sexual.<\/p>\n<p>Adem\u00e1s, destac\u00f3 que quien encabece esta fiscal\u00eda debe ser una persona con sensibilidad y compromiso, que no revictimice a las y los denunciantes y que brinde apoyo y acompa\u00f1amiento real.<br \/>\n<em>)\u00a0<a class=\"x1fey0fg xmper1u x1edh9d7\" href=\"https:\/\/fb.me\/Steparious\">fb.me\/Steparious<\/a>\u00a0|\u00a0<a class=\"x1fey0fg xmper1u x1edh9d7\" href=\"https:\/\/fb.me\/acapulcopress\">fb.me\/acapulcopress<\/a><\/em><\/p>\n","protected":false},"excerpt":{"rendered":"<p>CHILPANCINGO * 12 de abril de 2026. ) LXIV Legislatura | Guerrero La diputada Erika Lorena L\u00fchrs Cort\u00e9s propuso reformar y adicionar la Ley Org\u00e1nica de la Fiscal\u00eda General del Estado de Guerrero, con el fin de crear una Fiscal\u00eda Especializada para la investigaci\u00f3n y atenci\u00f3n integral de delitos cometidos contra personas de la diversidad&#8230;<\/p>\n","protected":false},"author":1,"featured_media":1264011,"comment_status":"closed","ping_status":"open","sticky":false,"template":"","format":"standard","meta":{"footnotes":""},"categories":[2037,61],"tags":[7405,8036,12256],"class_list":["post-1264010","post","type-post","status-publish","format-standard","has-post-thumbnail","hentry","category-congreso-de-guerrero","category-legislacion","tag-diversidad-sexual","tag-erika-lorena-luhrs-cortes","tag-lxiv-legislatura-guerrero"],"_links":{"self":[{"href":"https:\/\/www.acapulcopress.com\/index.php\/wp-json\/wp\/v2\/posts\/1264010","targetHints":{"allow":["GET"]}}],"collection":[{"href":"https:\/\/www.acapulcopress.com\/index.php\/wp-json\/wp\/v2\/posts"}],"about":[{"href":"https:\/\/www.acapulcopress.com\/index.php\/wp-json\/wp\/v2\/types\/post"}],"author":[{"embeddable":true,"href":"https:\/\/www.acapulcopress.com\/index.php\/wp-json\/wp\/v2\/users\/1"}],"replies":[{"embeddable":true,"href":"https:\/\/www.acapulcopress.com\/index.php\/wp-json\/wp\/v2\/comments?post=1264010"}],"version-history":[{"count":1,"href":"https:\/\/www.acapulcopress.com\/index.php\/wp-json\/wp\/v2\/posts\/1264010\/revisions"}],"predecessor-version":[{"id":1264012,"href":"https:\/\/www.acapulcopress.com\/index.php\/wp-json\/wp\/v2\/posts\/1264010\/revisions\/1264012"}],"wp:featuredmedia":[{"embeddable":true,"href":"https:\/\/www.acapulcopress.com\/index.php\/wp-json\/wp\/v2\/media\/1264011"}],"wp:attachment":[{"href":"https:\/\/www.acapulcopress.com\/index.php\/wp-json\/wp\/v2\/media?parent=1264010"}],"wp:term":[{"taxonomy":"category","embeddable":true,"href":"https:\/\/www.acapulcopress.com\/index.php\/wp-json\/wp\/v2\/categories?post=1264010"},{"taxonomy":"post_tag","embeddable":true,"href":"https:\/\/www.acapulcopress.com\/index.php\/wp-json\/wp\/v2\/tags?post=1264010"}],"curies":[{"name":"wp","href":"https:\/\/api.w.org\/{rel}","templated":true}]}}