{"id":1264025,"date":"2026-03-04T19:58:57","date_gmt":"2026-03-05T01:58:57","guid":{"rendered":"https:\/\/www.acapulcopress.com\/?p=1264025"},"modified":"2026-04-17T13:02:11","modified_gmt":"2026-04-17T19:02:11","slug":"impulsan-paridad-de-genero-en-la-jucopo-de-la-lxiv-legislatura-guerrero","status":"publish","type":"post","link":"https:\/\/www.acapulcopress.com\/index.php\/2026\/03\/04\/impulsan-paridad-de-genero-en-la-jucopo-de-la-lxiv-legislatura-guerrero\/","title":{"rendered":"Impulsan paridad de g\u00e9nero en la Jucopo de la LXIV Legislatura | Guerrero"},"content":{"rendered":"<p>CHILPANCINGO * 4 de marzo de 2026.<br \/>\n<em>) LXIV Legislatura | Guerrero<br \/>\n<\/em>La diputada <strong>Luissana Ramos Pineda<\/strong> propuso modificaciones a la Ley Org\u00e1nica del Poder Legislativo del Estado de Guerrero para establecer que la Junta de Coordinaci\u00f3n Pol\u00edtica est\u00e9 integrada de manera paritaria.<\/p>\n<p>Al presentar su propuesta, que fue turnada a la Comisi\u00f3n de Estudios Constitucionales y Jur\u00eddicos, la legisladora se\u00f1al\u00f3 que, a pesar de los avances, a\u00fan persisten brechas de g\u00e9nero, especialmente en el empoderamiento pol\u00edtico y la participaci\u00f3n econ\u00f3mica. Adem\u00e1s, indic\u00f3 que las pr\u00e1cticas discriminatorias, los estereotipos y los patrones de desigualdad que enfrentan diariamente las mujeres dificultan su plena participaci\u00f3n en la vida pol\u00edtica.<\/p>\n<p>Por ello, a\u00f1adi\u00f3, es necesario impulsar la paridad en todos los espacios de representaci\u00f3n, como es el caso de la Junta de Coordinaci\u00f3n Pol\u00edtica, tal como ya se estableci\u00f3 para la integraci\u00f3n de la Mesa Directiva en la reforma de 2021.<\/p>\n<p>Asimismo, se\u00f1al\u00f3 que, si la Junta de Coordinaci\u00f3n Pol\u00edtica es el \u00f3rgano donde se construyen acuerdos, se define la agenda, se orienta la conducci\u00f3n pol\u00edtica del Congreso y se concentra la toma de decisiones estrat\u00e9gicas, tambi\u00e9n debe garantizarse en ella la representaci\u00f3n equilibrada de mujeres y hombres.<\/p>\n<p>Finalmente, manifest\u00f3 que \u201cla paridad no es una recomendaci\u00f3n, es una obligaci\u00f3n constitucional y un derecho pol\u00edtico de las mujeres, y estos no tienen color partidista\u201d. Por ello, consider\u00f3 necesario realizar las modificaciones correspondientes al art\u00edculo 146 de la Ley Org\u00e1nica del Poder Legislativo del Estado.<br \/>\n<em>)\u00a0<a class=\"x1fey0fg xmper1u x1edh9d7\" href=\"https:\/\/fb.me\/Steparious\">fb.me\/Steparious<\/a>\u00a0|\u00a0<a class=\"x1fey0fg xmper1u x1edh9d7\" href=\"https:\/\/fb.me\/acapulcopress\">fb.me\/acapulcopress<\/a><\/em><\/p>\n","protected":false},"excerpt":{"rendered":"<p>CHILPANCINGO * 4 de marzo de 2026. ) LXIV Legislatura | Guerrero La diputada Luissana Ramos Pineda propuso modificaciones a la Ley Org\u00e1nica del Poder Legislativo del Estado de Guerrero para establecer que la Junta de Coordinaci\u00f3n Pol\u00edtica est\u00e9 integrada de manera paritaria. Al presentar su propuesta, que fue turnada a la Comisi\u00f3n de Estudios&#8230;<\/p>\n","protected":false},"author":1,"featured_media":1264026,"comment_status":"closed","ping_status":"open","sticky":false,"template":"","format":"standard","meta":{"footnotes":""},"categories":[2037,61],"tags":[12225,12256],"class_list":["post-1264025","post","type-post","status-publish","format-standard","has-post-thumbnail","hentry","category-congreso-de-guerrero","category-legislacion","tag-luissana-ramos-pineda","tag-lxiv-legislatura-guerrero"],"_links":{"self":[{"href":"https:\/\/www.acapulcopress.com\/index.php\/wp-json\/wp\/v2\/posts\/1264025","targetHints":{"allow":["GET"]}}],"collection":[{"href":"https:\/\/www.acapulcopress.com\/index.php\/wp-json\/wp\/v2\/posts"}],"about":[{"href":"https:\/\/www.acapulcopress.com\/index.php\/wp-json\/wp\/v2\/types\/post"}],"author":[{"embeddable":true,"href":"https:\/\/www.acapulcopress.com\/index.php\/wp-json\/wp\/v2\/users\/1"}],"replies":[{"embeddable":true,"href":"https:\/\/www.acapulcopress.com\/index.php\/wp-json\/wp\/v2\/comments?post=1264025"}],"version-history":[{"count":1,"href":"https:\/\/www.acapulcopress.com\/index.php\/wp-json\/wp\/v2\/posts\/1264025\/revisions"}],"predecessor-version":[{"id":1264027,"href":"https:\/\/www.acapulcopress.com\/index.php\/wp-json\/wp\/v2\/posts\/1264025\/revisions\/1264027"}],"wp:featuredmedia":[{"embeddable":true,"href":"https:\/\/www.acapulcopress.com\/index.php\/wp-json\/wp\/v2\/media\/1264026"}],"wp:attachment":[{"href":"https:\/\/www.acapulcopress.com\/index.php\/wp-json\/wp\/v2\/media?parent=1264025"}],"wp:term":[{"taxonomy":"category","embeddable":true,"href":"https:\/\/www.acapulcopress.com\/index.php\/wp-json\/wp\/v2\/categories?post=1264025"},{"taxonomy":"post_tag","embeddable":true,"href":"https:\/\/www.acapulcopress.com\/index.php\/wp-json\/wp\/v2\/tags?post=1264025"}],"curies":[{"name":"wp","href":"https:\/\/api.w.org\/{rel}","templated":true}]}}