{"id":1264037,"date":"2026-04-05T17:19:33","date_gmt":"2026-04-05T23:19:33","guid":{"rendered":"https:\/\/www.acapulcopress.com\/?p=1264037"},"modified":"2026-04-17T13:23:24","modified_gmt":"2026-04-17T19:23:24","slug":"pilar-vadillo-pide-reforzar-seguridad-en-escuelas-de-guerrero","status":"publish","type":"post","link":"https:\/\/www.acapulcopress.com\/index.php\/2026\/04\/05\/pilar-vadillo-pide-reforzar-seguridad-en-escuelas-de-guerrero\/","title":{"rendered":"Pilar Vadillo pide reforzar seguridad en escuelas de Guerrero"},"content":{"rendered":"<p>CHILPANCINGO * 6 de marzo de 2026.<br \/>\n<em>) LXIV Legislatura | Guerrero<\/em><br \/>\nLa diputada <strong>Mar\u00eda del Pilar Vadillo Ruiz<\/strong> propuso exhortar a la Secretar\u00eda de Seguridad y a las dem\u00e1s instancias competentes en materia de seguridad p\u00fablica federal a reforzar la presencia operativa y las acciones de vigilancia preventiva en los planteles educativos, particularmente durante los horarios de ingreso y salida de estudiantes.<\/p>\n<p>En un Acuerdo Parlamentario que analizan las Comisiones Unidas de Seguridad P\u00fablica y de Educaci\u00f3n, Ciencia y Tecnolog\u00eda, la legisladora indic\u00f3 que los hechos violentos registrados recientemente en el municipio de Acapulco, donde una estudiante perdi\u00f3 la vida y otra result\u00f3 lesionada tras un ataque armado, evidencian la urgente necesidad de fortalecer las estrategias preventivas en los entornos escolares.<\/p>\n<p>Se\u00f1al\u00f3 que cuando la violencia alcanza espacios vinculados con la actividad educativa no s\u00f3lo se vulneran derechos individuales, sino tambi\u00e9n el tejido social y la confianza de las familias en las instituciones encargadas de garantizar la seguridad p\u00fablica.<\/p>\n<p>A\u00f1adi\u00f3 que la prevenci\u00f3n del delito y la protecci\u00f3n de las personas son funciones que competen de manera concurrente a la federaci\u00f3n, a las entidades federativas y a los municipios, en el \u00e1mbito de sus respectivas atribuciones; por ello, es indispensable fortalecer la coordinaci\u00f3n interinstitucional y adoptar medidas espec\u00edficas que prioricen la seguridad de ni\u00f1as, ni\u00f1os, adolescentes, docentes y personal administrativo.<\/p>\n<p>Por ello, propuso reforzar la presencia operativa en los planteles educativos durante los horarios de ingreso y salida de estudiantes; implementar y fortalecer programas espec\u00edficos de protecci\u00f3n en entornos escolares, con patrullajes permanentes, mecanismos de reacci\u00f3n inmediata y coordinaci\u00f3n directa con las autoridades educativas; intensificar los rondines de vigilancia en zonas escolares y establecer canales de comunicaci\u00f3n efectivos con directivos, madres y padres de familia para prevenir situaciones de riesgo.<\/p>\n<p>\u201cLa existencia y adecuada operaci\u00f3n de seguros m\u00e9dicos y de accidentes escolares constituye un instrumento esencial para garantizar una atenci\u00f3n oportuna, evitar cargas econ\u00f3micas adicionales a las familias y brindar certeza sobre los procedimientos a seguir ante cualquier eventualidad\u201d, asegur\u00f3.<br \/>\n<em>)\u00a0<a class=\"x1fey0fg xmper1u x1edh9d7\" href=\"https:\/\/fb.me\/Steparious\">fb.me\/Steparious<\/a>\u00a0|\u00a0<a class=\"x1fey0fg xmper1u x1edh9d7\" href=\"https:\/\/fb.me\/acapulcopress\">fb.me\/acapulcopress<\/a><\/em><\/p>\n","protected":false},"excerpt":{"rendered":"<p>CHILPANCINGO * 6 de marzo de 2026. ) LXIV Legislatura | Guerrero La diputada Mar\u00eda del Pilar Vadillo Ruiz propuso exhortar a la Secretar\u00eda de Seguridad y a las dem\u00e1s instancias competentes en materia de seguridad p\u00fablica federal a reforzar la presencia operativa y las acciones de vigilancia preventiva en los planteles educativos, particularmente durante&#8230;<\/p>\n","protected":false},"author":1,"featured_media":1264038,"comment_status":"closed","ping_status":"open","sticky":false,"template":"","format":"standard","meta":{"footnotes":""},"categories":[2037,61],"tags":[12256,12548],"class_list":["post-1264037","post","type-post","status-publish","format-standard","has-post-thumbnail","hentry","category-congreso-de-guerrero","category-legislacion","tag-lxiv-legislatura-guerrero","tag-maria-del-pilar-vadillo-ruiz"],"_links":{"self":[{"href":"https:\/\/www.acapulcopress.com\/index.php\/wp-json\/wp\/v2\/posts\/1264037","targetHints":{"allow":["GET"]}}],"collection":[{"href":"https:\/\/www.acapulcopress.com\/index.php\/wp-json\/wp\/v2\/posts"}],"about":[{"href":"https:\/\/www.acapulcopress.com\/index.php\/wp-json\/wp\/v2\/types\/post"}],"author":[{"embeddable":true,"href":"https:\/\/www.acapulcopress.com\/index.php\/wp-json\/wp\/v2\/users\/1"}],"replies":[{"embeddable":true,"href":"https:\/\/www.acapulcopress.com\/index.php\/wp-json\/wp\/v2\/comments?post=1264037"}],"version-history":[{"count":1,"href":"https:\/\/www.acapulcopress.com\/index.php\/wp-json\/wp\/v2\/posts\/1264037\/revisions"}],"predecessor-version":[{"id":1264039,"href":"https:\/\/www.acapulcopress.com\/index.php\/wp-json\/wp\/v2\/posts\/1264037\/revisions\/1264039"}],"wp:featuredmedia":[{"embeddable":true,"href":"https:\/\/www.acapulcopress.com\/index.php\/wp-json\/wp\/v2\/media\/1264038"}],"wp:attachment":[{"href":"https:\/\/www.acapulcopress.com\/index.php\/wp-json\/wp\/v2\/media?parent=1264037"}],"wp:term":[{"taxonomy":"category","embeddable":true,"href":"https:\/\/www.acapulcopress.com\/index.php\/wp-json\/wp\/v2\/categories?post=1264037"},{"taxonomy":"post_tag","embeddable":true,"href":"https:\/\/www.acapulcopress.com\/index.php\/wp-json\/wp\/v2\/tags?post=1264037"}],"curies":[{"name":"wp","href":"https:\/\/api.w.org\/{rel}","templated":true}]}}