{"id":1264246,"date":"2026-04-27T08:40:32","date_gmt":"2026-04-27T14:40:32","guid":{"rendered":"https:\/\/www.acapulcopress.com\/?p=1264246"},"modified":"2026-04-27T08:45:45","modified_gmt":"2026-04-27T14:45:45","slug":"el-factor-esthela-damian-en-la-sucesion-en-guerrero","status":"publish","type":"post","link":"https:\/\/www.acapulcopress.com\/index.php\/2026\/04\/27\/el-factor-esthela-damian-en-la-sucesion-en-guerrero\/","title":{"rendered":"El factor Esthela Dami\u00e1n en la sucesi\u00f3n en Guerrero"},"content":{"rendered":"<p>Marem\u00e1gnum<br \/>\n\u00bb <a href=\"https:\/\/www.facebook.com\/ricardocastill01\" target=\"_blank\" rel=\"noopener\"><strong>RICARDO<\/strong> | <strong>CASTILLO BARRIENTOS<\/strong><\/a><br \/>\n<em>) Acapulco Press<\/em><\/p>\n<p>Las reacciones no se hicieron esperar por parte de la c\u00fapula morenista de conspicuos aspirantes a la candidatura guinda al Gobierno del Estado, sobre el anuncio formal de la Presidenta Claudia Sheinbaum, de la determinaci\u00f3n de la Consejera Jur\u00eddica del Ejecutivo Federal, Esthela Dami\u00e1n Peralta de \u201cvenirse a trabajar a Guerrero\u201d, ese fue el mensaje central.<\/p>\n<p>La noticia revelada el mi\u00e9rcoles desde la tribuna de la \u201cConferencia Ma\u00f1anera\u201d conmocion\u00f3 a la clase pol\u00edtica guerrerense. Esthela Dami\u00e1n no hab\u00eda expresado p\u00fablicamente sus aspiraciones de gobernar a su entidad, como otros lo hab\u00edan hecho con bastante anticipaci\u00f3n-<\/p>\n<p>Hubo comentarios adversos, directos y sutiles, destacando Jacinto Gonz\u00e1lez Varona, presidente del Comit\u00e9 Ejecutivo Estatal, quien ha mostrado un p\u00e1nico esc\u00e9nico de abierto rechazo a la inminente postulaci\u00f3n de la abogada chilpancingue\u00f1a, debido a la proximidad del desplazamiento del tim\u00f3n guinda estatal del grup\u00fasculo \u201cNu\u00f1ista\u201d, en la direcci\u00f3n pol\u00edtica y en el reparto de candidaturas de elecci\u00f3n popular: diputaciones federales y locales, presidencias municipales, sindicaturas y regidur\u00edas. As\u00ed sucedi\u00f3 con el grupo de Pablo Am\u00edlcar Sandoval, sumergido ahora en el ostracismo pol\u00edtico, todo indica que se repetir\u00e1 la historia, eso explica tantos brincos de Jacinto estando el piso parejo.<\/p>\n<p>La senadora Beatriz Mojica Morga y la alcaldesa Abelina L\u00f3pez Rodr\u00edguez, so pretexto de dar la bienvenida a Dami\u00e1n Peralta, no pudieron ocultar animadversi\u00f3n y deslizaron opiniones tendenciosas e injustificadas.<\/p>\n<p>El senador F\u00e9lix Salgado Macedonio reaccion\u00f3 de una forma madura y como pol\u00edtico profesional al reconocer que la participaci\u00f3n de Esthela Dami\u00e1n viene a fortalecer a la democracia guerrerense. En buenos t\u00e9rminos tambi\u00e9n se expres\u00f3 el ex alcalde Alberto L\u00f3pez Rosas; mientras Rub\u00e9n Cayetano y Guadalupe Eguiluz, guardaron un prudente silencio al reservar sus opiniones.<\/p>\n<p>Paralelamente se desat\u00f3 una sincronizada \u201c<strong>campa\u00f1a negra<\/strong>\u201d orquestada desde las cloacas pol\u00edticas tendiente a manchar la buena imagen y trayectoria de Esthela Dami\u00e1n, por ser la aspirante que ha venido concitando simpat\u00edas populares y aglutinando a reconocidos liderazgos territoriales de Morena, PT, PVEM, PRD, PRI, MC y PAN. Es la \u00fanica aspirante que est\u00e1 logrando mayor consenso sin que todav\u00eda ponga un pie en Guerrero, donde ya es esperada con inusitado inter\u00e9s, porque representa el mejor proyecto de transformaci\u00f3n de Guerrero que llevar\u00e1 a cabo con el apoyo de la Presidenta Claudia Sheinbaum.<\/p>\n<p>Se ha venido manejando las argucias del \u201cdedazo\u201d y la \u201cimposici\u00f3n\u201d con la misma finalidad deslegitimar los resultados de las encuestas del Comit\u00e9 Ejecutivo Nacional. En este momento existe un empate t\u00e9cnico entre Esthela Dami\u00e1n, Beatriz Mojica y Abelina L\u00f3pez, siendo Dami\u00e1n Peralta quien muestra mayor crecimiento exponencial que le habr\u00e1 de favorecer por m\u00e1s de 10 puntos en los resultados definitivos e inapelables. Esta prospectiva cobrar\u00e1 m\u00e1s fuerza a partir del 1\u00ba. de mayo cuando la abogada chilpancingue\u00f1a realice sus recorridos por las ocho regiones de la entidad y as\u00ed remonte de <em>ipso facto<\/em> el empate t\u00e9cnico entre las principales contendientes, en buena lid y en aras de la unidad habr\u00e1n de reconocer los resultados de la Comisi\u00f3n Nacional de Encuestas, as\u00ed como los otros participantes.<br \/>\n<em>)\u00a0<a href=\"http:\/\/fb.me\/Steparious\" target=\"_blank\" rel=\"noopener\">fb.me\/Steparious<\/a>\u00a0|\u00a0<a href=\"http:\/\/fb.me\/acapulcopress\" target=\"_blank\" rel=\"noopener\">fb.me\/acapulcopress<\/a><\/em><\/p>\n","protected":false},"excerpt":{"rendered":"<p>Las reacciones no se hicieron esperar por parte de la c\u00fapula morenista de conspicuos aspirantes a la candidatura guinda al Gobierno<\/p>\n","protected":false},"author":1,"featured_media":1264247,"comment_status":"closed","ping_status":"open","sticky":false,"template":"","format":"standard","meta":{"footnotes":""},"categories":[2071,1991],"tags":[12503,15575],"class_list":["post-1264246","post","type-post","status-publish","format-standard","has-post-thumbnail","hentry","category-opinion-analisis-columnas","category-libertad-de-expresion","tag-maremagnum","tag-ricardo-castillo-barrientos"],"_links":{"self":[{"href":"https:\/\/www.acapulcopress.com\/index.php\/wp-json\/wp\/v2\/posts\/1264246","targetHints":{"allow":["GET"]}}],"collection":[{"href":"https:\/\/www.acapulcopress.com\/index.php\/wp-json\/wp\/v2\/posts"}],"about":[{"href":"https:\/\/www.acapulcopress.com\/index.php\/wp-json\/wp\/v2\/types\/post"}],"author":[{"embeddable":true,"href":"https:\/\/www.acapulcopress.com\/index.php\/wp-json\/wp\/v2\/users\/1"}],"replies":[{"embeddable":true,"href":"https:\/\/www.acapulcopress.com\/index.php\/wp-json\/wp\/v2\/comments?post=1264246"}],"version-history":[{"count":3,"href":"https:\/\/www.acapulcopress.com\/index.php\/wp-json\/wp\/v2\/posts\/1264246\/revisions"}],"predecessor-version":[{"id":1264250,"href":"https:\/\/www.acapulcopress.com\/index.php\/wp-json\/wp\/v2\/posts\/1264246\/revisions\/1264250"}],"wp:featuredmedia":[{"embeddable":true,"href":"https:\/\/www.acapulcopress.com\/index.php\/wp-json\/wp\/v2\/media\/1264247"}],"wp:attachment":[{"href":"https:\/\/www.acapulcopress.com\/index.php\/wp-json\/wp\/v2\/media?parent=1264246"}],"wp:term":[{"taxonomy":"category","embeddable":true,"href":"https:\/\/www.acapulcopress.com\/index.php\/wp-json\/wp\/v2\/categories?post=1264246"},{"taxonomy":"post_tag","embeddable":true,"href":"https:\/\/www.acapulcopress.com\/index.php\/wp-json\/wp\/v2\/tags?post=1264246"}],"curies":[{"name":"wp","href":"https:\/\/api.w.org\/{rel}","templated":true}]}}