{"id":1264251,"date":"2026-04-27T09:55:13","date_gmt":"2026-04-27T15:55:13","guid":{"rendered":"https:\/\/www.acapulcopress.com\/?p=1264251"},"modified":"2026-04-27T10:09:09","modified_gmt":"2026-04-27T16:09:09","slug":"bety-una-una-mujer-que-no-da-un-paso-atras","status":"publish","type":"post","link":"https:\/\/www.acapulcopress.com\/index.php\/2026\/04\/27\/bety-una-una-mujer-que-no-da-un-paso-atras\/","title":{"rendered":"#Bety | \u00ab\u00bfUna una mujer que no da un paso atr\u00e1s?\u00bb"},"content":{"rendered":"<p>Sin da\u00f1os a terceros<br \/>\n\u00bb<a href=\"https:\/\/www.facebook.com\/Steparious\" target=\"_blank\" rel=\"noopener\"><strong> \u00c1NGEL<\/strong> |<strong> BLANCO<\/strong><\/a><br \/>\n<em>) Acapulco Press<\/em><\/p>\n<p>\u00abNo soy una mujer que de un paso atr\u00e1s\u00bb, sostiene &#8211;ufana&#8211; do\u00f1a #BetyMojica, actual senadora morenista y aspirante el Gobierno de Guerrero en 2027.<\/p>\n<p>\u00bfSer\u00e1 por eso que despu\u00e9s de renegar acremente de AMLO termin\u00f3 vener\u00e1ndolo, porque es \u00abuna mujer que no (da) pasos atr\u00e1s\u00bb?<\/p>\n<p>\u00bfQu\u00e9 dijo la experredista de <span class=\"xv78j7m\" spellcheck=\"false\">Andr\u00e9s Manuel L\u00f3pez Obrador<\/span>, en 2016?<\/p>\n<p>Siendo secretaria general del <span class=\"xv78j7m\" spellcheck=\"false\">Partido de la Revoluci\u00f3n Democr\u00e1tica<\/span> (PRD), Beatriz Mojica Murga acus\u00f3 duramente al &#8216;mes\u00edas macuspano&#8217; de misoginia y, de paso, critic\u00f3 fuertemente tambi\u00e9n sus \u00abpol\u00edticas autoritarias\u00bb.<\/p>\n<p>Poco despu\u00e9s, destac\u00f3 los resultados de la \u00abtransformaci\u00f3n\u00bb iniciada por AMLO con Morena y su Cuarta Transformaci\u00f3n, afirmando que sus pol\u00edticas &#8211;que antes consideraba autoritarias&#8211; realmente fueron las que sentaron las \u00abbases de paz\u00bb en el pa\u00eds.<\/p>\n<p>Hoy, Mojica Morga no solo es f\u00e9rrea defensora del legado del AMLO en Morena, sino tambi\u00e9n de la presidente <span class=\"xv78j7m\" spellcheck=\"false\">Claudia Sheinbaum Pardo<\/span>, de quien con sumisi\u00f3n y adulaci\u00f3n casi &#8211;\u00abcasi\u00bb, acl\u00e1rese&#8211; exagerada ha reconocido una y otra vez su \u00abliderazgo\u00bb y \u00abcompromiso\u00bb con la \u00abjusticia social\u00bb y el \u00abcombate al feminicidio\u00bb.<\/p>\n<p>Actualmente Mojica Murga ha procurado, tambi\u00e9n, mantener una figura disciplinadas dentro del grupo parlamentario de Morena en el Senado.<\/p>\n<p>Son tiempos electorales&#8230;<\/p>\n<p>Su aspiraci\u00f3n a la gubernatura de Guerrero el pr\u00f3ximo a\u00f1o la ha obligado a ser m\u00e1s humilde, al grado de que entre sus principales defensas y aplausos siempre destaca o prioriza a la &#8216;presidenta&#8217; Sheinbaum antes que las causas sociales y o los derechos y leyes que como legisladora debiera defender.<\/p>\n<p>Y aunque con su nueva pr\u00f3cer pol\u00edtica (Claudia Sheinbaum) no existe registro alguno de confrontaciones, cr\u00edticas o diferencias, la experredista, exmiembro del Clan de &#8216;Los Chuchos&#8217; y actual aspirante al Gobierno de Guerrero, s\u00ed advirti\u00f3 &#8211;tras del evidente destape de la &#8216;presidenta&#8217; con A de Esthela Dami\u00e1n a la gubernatura del estado&#8211; que \u00abGuerrero necesita ser gobernado por alguien que conozca el estado\u00bb, no estando de acuerdo en que una desconocida, que ha hecho su carrera pol\u00edtica en la capital del pa\u00eds, venga de la nada a querer arrebatarle la candidatura de Morena a quienes por a\u00f1os han forjado una carrera pol\u00edtica en Guerrero.<\/p>\n<p>Obvio, \u00bfqui\u00e9n m\u00e1s que una experredista que critic\u00f3 fuertemente al padre, inventor y creador de Morena, y sus \u00abpol\u00edticas autoritarias\u00bb, para ser candidata al Gobierno de Guerrero por Morena?<\/p>\n<p>Sin da\u00f1os a terceros.<br \/>\n<em>) <a href=\"http:\/\/fb.me\/Steparious\" target=\"_blank\" rel=\"noopener\">fb.me\/Steparious<\/a>\u00a0|\u00a0<a href=\"http:\/\/fb.me\/acapulcopress\" target=\"_blank\" rel=\"noopener\">fb.me\/acapulcopress<\/a><\/em><\/p>\n","protected":false},"excerpt":{"rendered":"<p>\u00abNo soy una mujer que de un paso atr\u00e1s\u00bb, sostiene &#8211;ufana&#8211; do\u00f1a #BetyMojica, actual senadora neomorinesta<\/p>\n","protected":false},"author":1,"featured_media":1264252,"comment_status":"closed","ping_status":"open","sticky":false,"template":"","format":"standard","meta":{"footnotes":""},"categories":[1991,2008],"tags":[19441,19445,19442,19443,19440,19444,19446,3793,13211,13297,14804],"class_list":["post-1264251","post","type-post","status-publish","format-standard","has-post-thumbnail","hentry","category-libertad-de-expresion","category-editorial","tag-beatrizmojica","tag-chapulina","tag-claudiasheinbaum","tag-estheladamian","tag-guerrero2027","tag-loschuchos","tag-politicasautoritarias","tag-amlo","tag-misoginia","tag-morena","tag-prd"],"_links":{"self":[{"href":"https:\/\/www.acapulcopress.com\/index.php\/wp-json\/wp\/v2\/posts\/1264251","targetHints":{"allow":["GET"]}}],"collection":[{"href":"https:\/\/www.acapulcopress.com\/index.php\/wp-json\/wp\/v2\/posts"}],"about":[{"href":"https:\/\/www.acapulcopress.com\/index.php\/wp-json\/wp\/v2\/types\/post"}],"author":[{"embeddable":true,"href":"https:\/\/www.acapulcopress.com\/index.php\/wp-json\/wp\/v2\/users\/1"}],"replies":[{"embeddable":true,"href":"https:\/\/www.acapulcopress.com\/index.php\/wp-json\/wp\/v2\/comments?post=1264251"}],"version-history":[{"count":3,"href":"https:\/\/www.acapulcopress.com\/index.php\/wp-json\/wp\/v2\/posts\/1264251\/revisions"}],"predecessor-version":[{"id":1264255,"href":"https:\/\/www.acapulcopress.com\/index.php\/wp-json\/wp\/v2\/posts\/1264251\/revisions\/1264255"}],"wp:featuredmedia":[{"embeddable":true,"href":"https:\/\/www.acapulcopress.com\/index.php\/wp-json\/wp\/v2\/media\/1264252"}],"wp:attachment":[{"href":"https:\/\/www.acapulcopress.com\/index.php\/wp-json\/wp\/v2\/media?parent=1264251"}],"wp:term":[{"taxonomy":"category","embeddable":true,"href":"https:\/\/www.acapulcopress.com\/index.php\/wp-json\/wp\/v2\/categories?post=1264251"},{"taxonomy":"post_tag","embeddable":true,"href":"https:\/\/www.acapulcopress.com\/index.php\/wp-json\/wp\/v2\/tags?post=1264251"}],"curies":[{"name":"wp","href":"https:\/\/api.w.org\/{rel}","templated":true}]}}