{"id":1264256,"date":"2026-04-27T18:16:16","date_gmt":"2026-04-28T00:16:16","guid":{"rendered":"https:\/\/www.acapulcopress.com\/?p=1264256"},"modified":"2026-04-27T18:16:16","modified_gmt":"2026-04-28T00:16:16","slug":"acompano-ricardo-salinas-a-secretaria-de-turismo-federal-a-inauguracion-del-tianguis-turistico-2026","status":"publish","type":"post","link":"https:\/\/www.acapulcopress.com\/index.php\/2026\/04\/27\/acompano-ricardo-salinas-a-secretaria-de-turismo-federal-a-inauguracion-del-tianguis-turistico-2026\/","title":{"rendered":"Acompa\u00f1\u00f3 Ricardo Salinas a secretaria de Turismo federal a inauguraci\u00f3n del Tianguis Tur\u00edstico 2026"},"content":{"rendered":"<p>ACAPULCO * 27 de abril 2026.<br \/>\n<em>) Tianguis Tur\u00edstico 2026<\/em><br \/>\nDurante el inicio de los trabajos de la edici\u00f3n 50 del<em> Tianguis Tur\u00edstico 2026<\/em> en Acapulco, el oficial mayor,<strong> Ricardo Salinas M\u00e9ndez<\/strong>, acompa\u00f1\u00f3 a la Secretaria de Turismo, <strong>Josefina Rodr\u00edguez Zamora<\/strong>, y al director de <em>#Fonatur,<\/em> <strong>Sebasti\u00e1n Ram\u00edrez<\/strong>, al encuentro, \u201cFinanciamiento e inversi\u00f3n en el sector tur\u00edstico en M\u00e9xico: pol\u00edtica p\u00fablica y alianzas para impulsar su desarrollo\u201d, donde se anunciaron proyectos de relevancia para la actividad tur\u00edstica de #Acapulco.<\/p>\n<p><img loading=\"lazy\" decoding=\"async\" class=\"alignnone wp-image-1264260 size-cmsmasters-full-thumb\" src=\"https:\/\/www.acapulcopress.com\/wp-content\/uploads\/2026\/04\/tianguis20264-1066x715.jpeg\" alt=\"\" width=\"1066\" height=\"715\" \/><\/p>\n<p><img loading=\"lazy\" decoding=\"async\" class=\"alignnone wp-image-1264257 size-cmsmasters-project-full-thumb\" src=\"https:\/\/www.acapulcopress.com\/wp-content\/uploads\/2026\/04\/tianguis2026-1160x880.jpeg\" alt=\"\" width=\"1160\" height=\"880\" srcset=\"https:\/\/www.acapulcopress.com\/wp-content\/uploads\/2026\/04\/tianguis2026-1160x880.jpeg 1160w, https:\/\/www.acapulcopress.com\/wp-content\/uploads\/2026\/04\/tianguis2026-580x440.jpeg 580w\" sizes=\"auto, (max-width: 1160px) 100vw, 1160px\" \/><\/p>\n<p><img loading=\"lazy\" decoding=\"async\" class=\"alignnone wp-image-1264259 size-cmsmasters-project-full-thumb\" src=\"https:\/\/www.acapulcopress.com\/wp-content\/uploads\/2026\/04\/tianguis20263-1066x880.jpeg\" alt=\"\" width=\"1066\" height=\"880\" \/><\/p>\n<p><em>)\u00a0<a href=\"http:\/\/fb.me\/Steparious\" target=\"_blank\" rel=\"noopener\">fb.me\/Steparious<\/a>\u00a0|\u00a0<a href=\"http:\/\/fb.me\/acapulcopress\" target=\"_blank\" rel=\"noopener\">fb.me\/acapulcopress<\/a><\/em><\/p>\n","protected":false},"excerpt":{"rendered":"<p>Durante el inicio de los trabajos de la edici\u00f3n 50 del Tianguis Tur\u00edstico 2026 en Acapulco, el oficial mayor, Ricardo Salinas M\u00e9ndez, acompa\u00f1\u00f3 a la Secretaria de Turismo, Josefina Rodr\u00edguez Zamora, y al director de #Fonatur, Sebasti\u00e1n Ram\u00edrez, al encuentro, \u201cFinanciamiento e inversi\u00f3n en el sector tur\u00edstico en M\u00e9xico: pol\u00edtica p\u00fablica y alianzas para impulsar su desarrollo\u201d, donde se anunciaron proyectos de relevancia para la actividad tur\u00edstica de #Acapulco.<\/p>\n","protected":false},"author":1,"featured_media":1264261,"comment_status":"closed","ping_status":"open","sticky":false,"template":"","format":"standard","meta":{"footnotes":""},"categories":[2010],"tags":[8748,11125,16115,17183],"class_list":["post-1264256","post","type-post","status-publish","format-standard","has-post-thumbnail","hentry","category-sociedad","tag-fonatur","tag-josefina-rodriguez-zamora","tag-sebastian-ramirez-mendoza","tag-tianguis-turistico-2026"],"_links":{"self":[{"href":"https:\/\/www.acapulcopress.com\/index.php\/wp-json\/wp\/v2\/posts\/1264256","targetHints":{"allow":["GET"]}}],"collection":[{"href":"https:\/\/www.acapulcopress.com\/index.php\/wp-json\/wp\/v2\/posts"}],"about":[{"href":"https:\/\/www.acapulcopress.com\/index.php\/wp-json\/wp\/v2\/types\/post"}],"author":[{"embeddable":true,"href":"https:\/\/www.acapulcopress.com\/index.php\/wp-json\/wp\/v2\/users\/1"}],"replies":[{"embeddable":true,"href":"https:\/\/www.acapulcopress.com\/index.php\/wp-json\/wp\/v2\/comments?post=1264256"}],"version-history":[{"count":1,"href":"https:\/\/www.acapulcopress.com\/index.php\/wp-json\/wp\/v2\/posts\/1264256\/revisions"}],"predecessor-version":[{"id":1264262,"href":"https:\/\/www.acapulcopress.com\/index.php\/wp-json\/wp\/v2\/posts\/1264256\/revisions\/1264262"}],"wp:featuredmedia":[{"embeddable":true,"href":"https:\/\/www.acapulcopress.com\/index.php\/wp-json\/wp\/v2\/media\/1264261"}],"wp:attachment":[{"href":"https:\/\/www.acapulcopress.com\/index.php\/wp-json\/wp\/v2\/media?parent=1264256"}],"wp:term":[{"taxonomy":"category","embeddable":true,"href":"https:\/\/www.acapulcopress.com\/index.php\/wp-json\/wp\/v2\/categories?post=1264256"},{"taxonomy":"post_tag","embeddable":true,"href":"https:\/\/www.acapulcopress.com\/index.php\/wp-json\/wp\/v2\/tags?post=1264256"}],"curies":[{"name":"wp","href":"https:\/\/api.w.org\/{rel}","templated":true}]}}