{"id":1264263,"date":"2026-04-27T18:47:32","date_gmt":"2026-04-28T00:47:32","guid":{"rendered":"https:\/\/www.acapulcopress.com\/?p=1264263"},"modified":"2026-04-27T18:56:51","modified_gmt":"2026-04-28T00:56:51","slug":"proponen-declarar-el-28-de-julio-como-el-dia-estatal-de-la-mujer-afromexicana-en-guerrero","status":"publish","type":"post","link":"https:\/\/www.acapulcopress.com\/index.php\/2026\/04\/27\/proponen-declarar-el-28-de-julio-como-el-dia-estatal-de-la-mujer-afromexicana-en-guerrero\/","title":{"rendered":"Proponen declarar el 28 de julio como el \u00abD\u00eda Estatal de la Mujer Afromexicana\u00bb en Guerrero"},"content":{"rendered":"<p>CHILPANCINGO * 27 de abril 2026.<br \/>\n<em>) LXIV Legislatura | Guerrero<\/em><br \/>\nLa <em>Comisi\u00f3n de Cultura<\/em> del Congreso del Estado de Guerrero analiza una iniciativa de reforma al art\u00edculo 30 de la Ley 761 sobre S\u00edmbolos de Identidad y Pertenencia del Estado de Guerrero, con el objeto de instituir el 25 de julio de cada a\u00f1o como el \u00abD\u00eda Estatal de la Mujer Afromexicana en Guerrero\u00bb, en reconocimiento a su papel fundamental en la construcci\u00f3n de la identidad cultural del estado.<\/p>\n<p>La diputada <strong>Catalina Apolinar Santiago<\/strong>, promovente de la propuesta, destac\u00f3 que lo que se busca es visibilizar a las mujeres afromexicanas como sujetas de derechos y protagonistas en la vida social, cultural e hist\u00f3rica de Guerrero, adem\u00e1s de impulsar acciones p\u00fablicas que contribuyan a erradicar la discriminaci\u00f3n estructural que han enfrentado durante d\u00e9cadas.<\/p>\n<p>Enfatiz\u00f3 que esta propuesta se sustenta en los principios establecidos en la Constituci\u00f3n Federal y en los Tratados Internacionales en materia de derechos humanos, los cuales obligan a las autoridades a implementar medidas que garanticen la igualdad sustantiva y el reconocimiento de los pueblos y comunidades afromexicanas, particularmente de las mujeres, quienes enfrentan una doble discriminaci\u00f3n por su g\u00e9nero y origen \u00e9tnico.<\/p>\n<p>Asimismo, explic\u00f3 que la instauraci\u00f3n de esta fecha no solo representa un acto simb\u00f3lico, sino una acci\u00f3n afirmativa que permitir\u00e1 fortalecer la memoria hist\u00f3rica, reconocer las aportaciones culturales, sociales y econ\u00f3micas de las mujeres afromexicanas, as\u00ed como generar espacios institucionales para la promoci\u00f3n de pol\u00edticas p\u00fablicas orientadas a su desarrollo integral.<\/p>\n<p>Por \u00faltimo, destac\u00f3 que el establecimiento del \u201cD\u00eda Estatal de la Mujer Afromexicana en Guerrero\u201d contribuir\u00e1 a consolidar una identidad estatal m\u00e1s incluyente y plural, adem\u00e1s de fungir como un mecanismo de concientizaci\u00f3n social y rendici\u00f3n de cuentas para las autoridades, reafirmando el compromiso del Congreso con la igualdad, la justicia social y el respeto irrestricto a los derechos humanos.<br \/>\nA la iniciativa se adhiri\u00f3 la diputada Marisol Baz\u00e1n Fern\u00e1ndez.<br \/>\n<em>)\u00a0<a href=\"http:\/\/fb.me\/Steparious\" target=\"_blank\" rel=\"noopener\">fb.me\/Steparious<\/a>\u00a0|\u00a0<a href=\"http:\/\/fb.me\/acapulcopress\" target=\"_blank\" rel=\"noopener\">fb.me\/acapulcopress<\/a><\/em><\/p>\n","protected":false},"excerpt":{"rendered":"<p>CHILPANCINGO * 27 de abril 2026. ) LXIV Legislatura | Guerrero La Comisi\u00f3n de Cultura del Congreso del Estado de Guerrero analiza una iniciativa de reforma al art\u00edculo 30 de la Ley 761 sobre S\u00edmbolos de Identidad y Pertenencia del Estado de Guerrero, con el objeto de instituir el 25 de julio de cada a\u00f1o&#8230;<\/p>\n","protected":false},"author":1,"featured_media":1264265,"comment_status":"closed","ping_status":"open","sticky":false,"template":"","format":"standard","meta":{"footnotes":""},"categories":[2037,61],"tags":[5386,6384,19447,12699],"class_list":["post-1264263","post","type-post","status-publish","format-standard","has-post-thumbnail","hentry","category-congreso-de-guerrero","category-legislacion","tag-catalina-apolinar-santiago","tag-congreso-del-estado-de-guerrero","tag-dia-estatal-de-la-mujer-afromexicana-en-guerrero","tag-marisol-bazan-fernandez"],"_links":{"self":[{"href":"https:\/\/www.acapulcopress.com\/index.php\/wp-json\/wp\/v2\/posts\/1264263","targetHints":{"allow":["GET"]}}],"collection":[{"href":"https:\/\/www.acapulcopress.com\/index.php\/wp-json\/wp\/v2\/posts"}],"about":[{"href":"https:\/\/www.acapulcopress.com\/index.php\/wp-json\/wp\/v2\/types\/post"}],"author":[{"embeddable":true,"href":"https:\/\/www.acapulcopress.com\/index.php\/wp-json\/wp\/v2\/users\/1"}],"replies":[{"embeddable":true,"href":"https:\/\/www.acapulcopress.com\/index.php\/wp-json\/wp\/v2\/comments?post=1264263"}],"version-history":[{"count":3,"href":"https:\/\/www.acapulcopress.com\/index.php\/wp-json\/wp\/v2\/posts\/1264263\/revisions"}],"predecessor-version":[{"id":1264268,"href":"https:\/\/www.acapulcopress.com\/index.php\/wp-json\/wp\/v2\/posts\/1264263\/revisions\/1264268"}],"wp:featuredmedia":[{"embeddable":true,"href":"https:\/\/www.acapulcopress.com\/index.php\/wp-json\/wp\/v2\/media\/1264265"}],"wp:attachment":[{"href":"https:\/\/www.acapulcopress.com\/index.php\/wp-json\/wp\/v2\/media?parent=1264263"}],"wp:term":[{"taxonomy":"category","embeddable":true,"href":"https:\/\/www.acapulcopress.com\/index.php\/wp-json\/wp\/v2\/categories?post=1264263"},{"taxonomy":"post_tag","embeddable":true,"href":"https:\/\/www.acapulcopress.com\/index.php\/wp-json\/wp\/v2\/tags?post=1264263"}],"curies":[{"name":"wp","href":"https:\/\/api.w.org\/{rel}","templated":true}]}}