{"id":1264269,"date":"2026-04-27T19:07:03","date_gmt":"2026-04-28T01:07:03","guid":{"rendered":"https:\/\/www.acapulcopress.com\/?p=1264269"},"modified":"2026-04-27T19:08:59","modified_gmt":"2026-04-28T01:08:59","slug":"pide-diputado-de-morena-registro-civil-gratuito-y-a-domicilio-para-discapacitados","status":"publish","type":"post","link":"https:\/\/www.acapulcopress.com\/index.php\/2026\/04\/27\/pide-diputado-de-morena-registro-civil-gratuito-y-a-domicilio-para-discapacitados\/","title":{"rendered":"Pide diputado de Morena registro civil, gratuito y a domicilio para discapacitados"},"content":{"rendered":"<p>CHILPANCINGO * 27 de abril 2026.<br \/>\n<em>) LXIV Legislatura | Guerrero<\/em><br \/>\nEl diputado <strong>Juan Valenzo Villanueva<\/strong> present\u00f3 una iniciativa para adicionar la fracci\u00f3n XLI Bis al art\u00edculo 22 y la fracci\u00f3n IX Bis al art\u00edculo 37 de la <em>Ley 495 del Registro Civil del Estado de Guerrero,<\/em> con el objetivo de garantizar un servicio gratuito a domicilio para la realizaci\u00f3n de tr\u00e1mites del estado civil en favor de personas adultas mayores y personas con discapacidad que no puedan trasladarse a las oficial\u00edas.<\/p>\n<p>En su exposici\u00f3n de motivos, destac\u00f3 que el derecho a la identidad es fundamental para el ejercicio de otros derechos, por lo que es necesario eliminar las barreras f\u00edsicas y administrativas que impiden su acceso, especialmente para los sectores m\u00e1s vulnerables.<\/p>\n<p>Inform\u00f3 que, de acuerdo con la<em> Encuesta Nacional sobre Salud y Envejecimiento en M\u00e9xico (Enasem 2021)<\/em>, en el pa\u00eds existen 25.9 millones de personas de 53 a\u00f1os y m\u00e1s, de las cuales 62.3 porciento percibe su estado de salud como regular o malo, y 15 porciento presenta limitaciones para realizar actividades b\u00e1sicas, lo que refleja las dificultades para acudir a servicios p\u00fablicos.<\/p>\n<p>Indic\u00f3 que estas condiciones se agravan en zonas con alta marginaci\u00f3n, donde muchas personas adultas mayores y con discapacidad enfrentan obst\u00e1culos para acceder a tr\u00e1mites esenciales del Registro Civil.<\/p>\n<p>Por ello, Juan Valenzo propone que las oficial\u00edas del Registro Civil otorguen atenci\u00f3n a domicilio sin costo alguno, previa acreditaci\u00f3n m\u00e9dica, y que se establezca un procedimiento claro que garantice este servicio en todo el estado.<\/p>\n<p>Remarc\u00f3 que el acercamiento de los servicios p\u00fablicos a los sectores m\u00e1s vulnerables coadyuva a la eliminaci\u00f3n de barreras econ\u00f3micas y de movilidad, a la reducci\u00f3n del rezago en tr\u00e1mites del estado civil, al fortalecimiento de la certeza jur\u00eddica de las personas y a la posibilidad de acceder a otros derechos como salud, programas sociales y seguridad social.<\/p>\n<p>La iniciativa fue turnada a la Comisi\u00f3n de Justicia para su an\u00e1lisis y dictaminaci\u00f3n.<br \/>\n<em>)\u00a0<a href=\"http:\/\/fb.me\/Steparious\" target=\"_blank\" rel=\"noopener\">fb.me\/Steparious<\/a>\u00a0|\u00a0<a href=\"http:\/\/fb.me\/acapulcopress\" target=\"_blank\" rel=\"noopener\">fb.me\/acapulcopress<\/a><\/em><\/p>\n","protected":false},"excerpt":{"rendered":"<p>CHILPANCINGO * 27 de abril 2026. ) LXIV Legislatura | Guerrero El diputado Juan Valenzo Villanueva present\u00f3 una iniciativa para adicionar la fracci\u00f3n XLI Bis al art\u00edculo 22 y la fracci\u00f3n IX Bis al art\u00edculo 37 de la Ley 495 del Registro Civil del Estado de Guerrero, con el objetivo de garantizar un servicio gratuito&#8230;<\/p>\n","protected":false},"author":1,"featured_media":1264270,"comment_status":"closed","ping_status":"open","sticky":false,"template":"","format":"standard","meta":{"footnotes":""},"categories":[2037,61],"tags":[19448,11235,19364,12256],"class_list":["post-1264269","post","type-post","status-publish","format-standard","has-post-thumbnail","hentry","category-congreso-de-guerrero","category-legislacion","tag-encuesta-nacional-sobre-salud-y-envejecimiento-en-mexico","tag-juan-valenzo-villanueva","tag-ley-495-del-registro-civil-del-estado-de-guerrero","tag-lxiv-legislatura-guerrero"],"_links":{"self":[{"href":"https:\/\/www.acapulcopress.com\/index.php\/wp-json\/wp\/v2\/posts\/1264269","targetHints":{"allow":["GET"]}}],"collection":[{"href":"https:\/\/www.acapulcopress.com\/index.php\/wp-json\/wp\/v2\/posts"}],"about":[{"href":"https:\/\/www.acapulcopress.com\/index.php\/wp-json\/wp\/v2\/types\/post"}],"author":[{"embeddable":true,"href":"https:\/\/www.acapulcopress.com\/index.php\/wp-json\/wp\/v2\/users\/1"}],"replies":[{"embeddable":true,"href":"https:\/\/www.acapulcopress.com\/index.php\/wp-json\/wp\/v2\/comments?post=1264269"}],"version-history":[{"count":1,"href":"https:\/\/www.acapulcopress.com\/index.php\/wp-json\/wp\/v2\/posts\/1264269\/revisions"}],"predecessor-version":[{"id":1264271,"href":"https:\/\/www.acapulcopress.com\/index.php\/wp-json\/wp\/v2\/posts\/1264269\/revisions\/1264271"}],"wp:featuredmedia":[{"embeddable":true,"href":"https:\/\/www.acapulcopress.com\/index.php\/wp-json\/wp\/v2\/media\/1264270"}],"wp:attachment":[{"href":"https:\/\/www.acapulcopress.com\/index.php\/wp-json\/wp\/v2\/media?parent=1264269"}],"wp:term":[{"taxonomy":"category","embeddable":true,"href":"https:\/\/www.acapulcopress.com\/index.php\/wp-json\/wp\/v2\/categories?post=1264269"},{"taxonomy":"post_tag","embeddable":true,"href":"https:\/\/www.acapulcopress.com\/index.php\/wp-json\/wp\/v2\/tags?post=1264269"}],"curies":[{"name":"wp","href":"https:\/\/api.w.org\/{rel}","templated":true}]}}