{"id":1264275,"date":"2026-04-27T21:17:37","date_gmt":"2026-04-28T03:17:37","guid":{"rendered":"https:\/\/www.acapulcopress.com\/?p=1264275"},"modified":"2026-04-27T21:51:57","modified_gmt":"2026-04-28T03:51:57","slug":"inauguro-evelyn-salgado-edicion-50-del-tianguis-turistico","status":"publish","type":"post","link":"https:\/\/www.acapulcopress.com\/index.php\/2026\/04\/27\/inauguro-evelyn-salgado-edicion-50-del-tianguis-turistico\/","title":{"rendered":"Inaugur\u00f3 Evelyn Salgado Edici\u00f3n 50 del Tianguis Tur\u00edstico"},"content":{"rendered":"<p>ACAPULCO * 27 de abril 2026.<br \/>\n<em>) Gobierno de Guerrero<br \/>\n<\/em> \u00abEste es el momento de Acapulco, este el momento del <em>Hogar del Sol,<\/em> el momento de hacer historia, con la mejor edici\u00f3n del <em>Tianguis <img loading=\"lazy\" decoding=\"async\" class=\"alignleft size-medium wp-image-1264280\" src=\"https:\/\/www.acapulcopress.com\/wp-content\/uploads\/2026\/04\/tinaguis-20262-300x450.jpeg\" alt=\"\" width=\"300\" height=\"450\" srcset=\"https:\/\/www.acapulcopress.com\/wp-content\/uploads\/2026\/04\/tinaguis-20262-300x450.jpeg 300w, https:\/\/www.acapulcopress.com\/wp-content\/uploads\/2026\/04\/tinaguis-20262-683x1024.jpeg 683w, https:\/\/www.acapulcopress.com\/wp-content\/uploads\/2026\/04\/tinaguis-20262-768x1151.jpeg 768w, https:\/\/www.acapulcopress.com\/wp-content\/uploads\/2026\/04\/tinaguis-20262-580x869.jpeg 580w, https:\/\/www.acapulcopress.com\/wp-content\/uploads\/2026\/04\/tinaguis-20262.jpeg 854w\" sizes=\"auto, (max-width: 300px) 100vw, 300px\" \/>Tur\u00edstico<\/em> en sus 50 a\u00f1os; el momento de demostrarle al mundo que Acapulco no s\u00f3lo est\u00e1 de pie, sino que se encuentra listo para seguir construyendo su historia y para recibir con el coraz\u00f3n y con los brazos abiertos a todos nuestros visitantes\u00bb, expres\u00f3 la gobernadora <strong>Evelyn Salgado Pineda<\/strong> durante la ceremonia de \u00a0inauguraci\u00f3n del evento m\u00e1s importante del turismo y que re\u00fane a representantes de diversos pa\u00edses.<\/p>\n<p>En este acto que enmarca cinco d\u00e9cadas de trabajo enfocado a la promoci\u00f3n de M\u00e9xico ante el mundo, la gobernadora resalt\u00f3 el papel hist\u00f3rico de Guerrero, como un referente a nivel internacional y en donde naci\u00f3 este encuentro, que con el tiempo se convirti\u00f3 en el m\u00e1s importante de Am\u00e9rica Latina.<\/p>\n<p>\u00abLa edici\u00f3n n\u00famero 50, que por supuesto, ten\u00eda que regresar a su casa, a su origen, a Acapulco, son muchas las razones que hacen de esta edici\u00f3n de oro, una edici\u00f3n hist\u00f3rica\u00bb, se\u00f1al\u00f3 la \u00a0mandataria.<\/p>\n<p>Con la presencia de la secretaria de Gobernaci\u00f3n, Rosa Icela Rodr\u00edguez Vel\u00e1zquez y de la secretaria de Turismo de M\u00e9xico, Josefina Rodr\u00edguez Zamora, la gobernadora destac\u00f3 el trabajo que se ha realizado para lograr el renacimiento de Acapulco, con una disponibilidad de m\u00e1s de 17 mil habitaciones, equivalentes a casi el 90 por ciento de su capacidad total. Y a\u00f1adi\u00f3: \u00abAcapulco renace con la esencia y la m\u00edstica de su historia, pero con la mirada puesta en el futuro.<\/p>\n<p>Acapulco, renace con una recuperaci\u00f3n hist\u00f3rica que ha sido posible gracias a la voluntad incansable de nuestra presidenta de la Rep\u00fablica y del extraordinario trabajo de la Secretar\u00eda de Turismo\u00bb.<\/p>\n<p><img loading=\"lazy\" decoding=\"async\" class=\"alignleft size-medium wp-image-1264283\" src=\"https:\/\/www.acapulcopress.com\/wp-content\/uploads\/2026\/04\/tinaguis-20265-300x200.jpeg\" alt=\"\" width=\"300\" height=\"200\" srcset=\"https:\/\/www.acapulcopress.com\/wp-content\/uploads\/2026\/04\/tinaguis-20265-300x200.jpeg 300w, https:\/\/www.acapulcopress.com\/wp-content\/uploads\/2026\/04\/tinaguis-20265-1024x682.jpeg 1024w, https:\/\/www.acapulcopress.com\/wp-content\/uploads\/2026\/04\/tinaguis-20265-768x512.jpeg 768w, https:\/\/www.acapulcopress.com\/wp-content\/uploads\/2026\/04\/tinaguis-20265-580x387.jpeg 580w, https:\/\/www.acapulcopress.com\/wp-content\/uploads\/2026\/04\/tinaguis-20265-860x573.jpeg 860w, https:\/\/www.acapulcopress.com\/wp-content\/uploads\/2026\/04\/tinaguis-20265-1160x773.jpeg 1160w, https:\/\/www.acapulcopress.com\/wp-content\/uploads\/2026\/04\/tinaguis-20265.jpeg 1280w\" sizes=\"auto, (max-width: 300px) 100vw, 300px\" \/>En su turno, la titular de la Secretar\u00eda de Gobernaci\u00f3n, expres\u00f3 su benepl\u00e1cito porque Acapulco vuelve a ser sede del Tianguis Tur\u00edstico, un evento que permite mostrar la grandeza de M\u00e9xico, las tradiciones, la cultura y la gastronom\u00eda que lo hacen \u00fanico en el mundo.<\/p>\n<p>\u00abEl Tianguis Tur\u00edstico es una gran oportunidad para continuar generando bellos recuerdos en los turistas, conquistar corazones y lograr viajes placenteros\u00bb, dijo.<\/p>\n<p>En tanto, la secretaria de Turismo, detall\u00f3 que para esta edici\u00f3n se tiene un estimado de 8 mil visitantes y participantes, casi 59 mil citas de negocios, lo que representa un 40 por ciento m\u00e1s que el a\u00f1o pasado y m\u00e1s de mil 300 empresas expositoras. Todo esto, genera una derrama econ\u00f3mica estimada de m\u00e1s de mil 150 millones de pesos para Acapulco.<\/p>\n<p><strong>*Inauguran el Pabell\u00f3n de Guerrero*<\/strong><\/p>\n<p>Al t\u00e9rmino de la ceremonia protocolaria, la gobernadora junto a la comitiva que la acompa\u00f1\u00f3, realiz\u00f3 el corte de list\u00f3n inaugural de la edici\u00f3n 50 del Tianguis Tur\u00edstico M\u00e9xico 2026. Enseguida se trasladaron al Pabell\u00f3n de Guerrero, en donde inauguraron de manera formal las actividades.<\/p>\n<p>En un breve mensaje, la gobernadora dio la bienvenida a todos los asistentes y agradeci\u00f3 el esfuerzo de todos para lograr que Acapulco se reposicione en la preferencia de los visitantes.<\/p>\n<p>El secretario de Turismo del estado, Sim\u00f3n Qui\u00f1ones Orozco explic\u00f3 que Guerrero participa como estado anfitri\u00f3n, con un total de 400 participantes. Es el pabell\u00f3n m\u00e1s grande de toda la exhibici\u00f3n y ofrece 120 espacios para la promoci\u00f3n de los diferentes destinos, cuenta con 3 salas de exposiciones; se busca superar las 2 mil citas de negocios del 2025.<\/p>\n<p>Acompa\u00f1aron a la gobernadora, la presidenta municipal, Abelina L\u00f3pez Rodr\u00edguez; el director general de Fonatur, Sebasti\u00e1n Ram\u00edrez Mendoza; el presidente de la Confederaci\u00f3n de C\u00e1maras Nacionales de Comercio, Servicios y Turismo, Octavio de la Torre de St\u00e9ffano; la representante del turismo comunitario en M\u00e9xico, Angelina Mart\u00ednez P\u00e9rez; el presidente del Consejo Nacional Empresarial Tur\u00edstico, Antonio Cos\u00edo Pando; la gobernadora de Morelos, Margarita Gonz\u00e1lez Saravia; la gobernadora de Veracruz, Roc\u00edo Nahle Garc\u00eda, entre otros.<\/p>\n<p><img loading=\"lazy\" decoding=\"async\" class=\"alignnone wp-image-1264279 size-cmsmasters-project-full-thumb\" src=\"https:\/\/www.acapulcopress.com\/wp-content\/uploads\/2026\/04\/tinaguis-2026-1160x854.jpeg\" alt=\"\" width=\"1160\" height=\"854\" \/><\/p>\n<p><img loading=\"lazy\" decoding=\"async\" class=\"alignnone wp-image-1264285 size-cmsmasters-project-full-thumb\" src=\"https:\/\/www.acapulcopress.com\/wp-content\/uploads\/2026\/04\/tinaguis-20267-1160x853.jpeg\" alt=\"\" width=\"1160\" height=\"853\" \/><\/p>\n<p><img loading=\"lazy\" decoding=\"async\" class=\"alignnone wp-image-1264276 size-cmsmasters-project-full-thumb\" src=\"https:\/\/www.acapulcopress.com\/wp-content\/uploads\/2026\/04\/PABELLON-GUERRERO-1160x854.jpg\" alt=\"\" width=\"1160\" height=\"854\" \/><\/p>\n<p><img loading=\"lazy\" decoding=\"async\" class=\"alignnone wp-image-1264277 size-cmsmasters-project-full-thumb\" src=\"https:\/\/www.acapulcopress.com\/wp-content\/uploads\/2026\/04\/PABELLON-GUERRERO2-1160x854.jpg\" alt=\"\" width=\"1160\" height=\"854\" \/><\/p>\n<p><em>)\u00a0<a href=\"http:\/\/fb.me\/Steparious\" target=\"_blank\" rel=\"noopener\">fb.me\/Steparious<\/a>\u00a0|\u00a0<a href=\"http:\/\/fb.me\/acapulcopress\" target=\"_blank\" rel=\"noopener\">fb.me\/acapulcopress<\/a><\/em><\/p>\n","protected":false},"excerpt":{"rendered":"<p>ACAPULCO * 27 de abril 2026. ) Gobierno de Guerrero \u00abEste es el momento de Acapulco, este el momento del Hogar del Sol, el momento de hacer historia, con la mejor edici\u00f3n del Tianguis Tur\u00edstico en sus 50 a\u00f1os; el momento de demostrarle al mundo que Acapulco no s\u00f3lo est\u00e1 de pie, sino que se&#8230;<\/p>\n","protected":false},"author":1,"featured_media":1264287,"comment_status":"closed","ping_status":"open","sticky":false,"template":"","format":"standard","meta":{"footnotes":""},"categories":[1997],"tags":[8251,9807,17183],"class_list":["post-1264275","post","type-post","status-publish","format-standard","has-post-thumbnail","hentry","category-noticias-destacadas","tag-evelyn-salgado-pineda","tag-hogar-del-sol","tag-tianguis-turistico-2026"],"_links":{"self":[{"href":"https:\/\/www.acapulcopress.com\/index.php\/wp-json\/wp\/v2\/posts\/1264275","targetHints":{"allow":["GET"]}}],"collection":[{"href":"https:\/\/www.acapulcopress.com\/index.php\/wp-json\/wp\/v2\/posts"}],"about":[{"href":"https:\/\/www.acapulcopress.com\/index.php\/wp-json\/wp\/v2\/types\/post"}],"author":[{"embeddable":true,"href":"https:\/\/www.acapulcopress.com\/index.php\/wp-json\/wp\/v2\/users\/1"}],"replies":[{"embeddable":true,"href":"https:\/\/www.acapulcopress.com\/index.php\/wp-json\/wp\/v2\/comments?post=1264275"}],"version-history":[{"count":1,"href":"https:\/\/www.acapulcopress.com\/index.php\/wp-json\/wp\/v2\/posts\/1264275\/revisions"}],"predecessor-version":[{"id":1264288,"href":"https:\/\/www.acapulcopress.com\/index.php\/wp-json\/wp\/v2\/posts\/1264275\/revisions\/1264288"}],"wp:featuredmedia":[{"embeddable":true,"href":"https:\/\/www.acapulcopress.com\/index.php\/wp-json\/wp\/v2\/media\/1264287"}],"wp:attachment":[{"href":"https:\/\/www.acapulcopress.com\/index.php\/wp-json\/wp\/v2\/media?parent=1264275"}],"wp:term":[{"taxonomy":"category","embeddable":true,"href":"https:\/\/www.acapulcopress.com\/index.php\/wp-json\/wp\/v2\/categories?post=1264275"},{"taxonomy":"post_tag","embeddable":true,"href":"https:\/\/www.acapulcopress.com\/index.php\/wp-json\/wp\/v2\/tags?post=1264275"}],"curies":[{"name":"wp","href":"https:\/\/api.w.org\/{rel}","templated":true}]}}