{"id":1264289,"date":"2026-04-28T19:48:36","date_gmt":"2026-04-29T01:48:36","guid":{"rendered":"https:\/\/www.acapulcopress.com\/?p=1264289"},"modified":"2026-04-28T20:01:43","modified_gmt":"2026-04-29T02:01:43","slug":"firmo-evelyn-salgado-convenios-de-conectividad-turistica-para-acapulco","status":"publish","type":"post","link":"https:\/\/www.acapulcopress.com\/index.php\/2026\/04\/28\/firmo-evelyn-salgado-convenios-de-conectividad-turistica-para-acapulco\/","title":{"rendered":"Firm\u00f3 Evelyn Salgado Convenios de Conectividad Tur\u00edstica para Acapulco"},"content":{"rendered":"<p>ACAPULCO * 28 de abril 2026.<br \/>\n<em>) <span class=\"xv78j7m\" spellcheck=\"false\">Acapulco Press<br \/>\n<\/span><\/em>En el marco de la celebraci\u00f3n de la edici\u00f3n n\u00famero 50 del <em>Tianguis Tur\u00edstico M\u00e9xico<\/em> que se lleva a cabo en el puerto de Acapulco, la gobernadora<strong> <span class=\"xv78j7m\" spellcheck=\"false\">Evelyn Salgado Pineda<\/span><\/strong> firm\u00f3 una serie de convenios para promover la conectividad de los diferentes destinos del pa\u00eds con el <img loading=\"lazy\" decoding=\"async\" class=\"alignleft size-medium wp-image-1264294\" src=\"https:\/\/www.acapulcopress.com\/wp-content\/uploads\/2026\/04\/TIANGUIS-TURISTICO-2026-6-300x169.jpg\" alt=\"\" width=\"300\" height=\"169\" srcset=\"https:\/\/www.acapulcopress.com\/wp-content\/uploads\/2026\/04\/TIANGUIS-TURISTICO-2026-6-300x169.jpg 300w, https:\/\/www.acapulcopress.com\/wp-content\/uploads\/2026\/04\/TIANGUIS-TURISTICO-2026-6-1024x576.jpg 1024w, https:\/\/www.acapulcopress.com\/wp-content\/uploads\/2026\/04\/TIANGUIS-TURISTICO-2026-6-768x432.jpg 768w, https:\/\/www.acapulcopress.com\/wp-content\/uploads\/2026\/04\/TIANGUIS-TURISTICO-2026-6-580x326.jpg 580w, https:\/\/www.acapulcopress.com\/wp-content\/uploads\/2026\/04\/TIANGUIS-TURISTICO-2026-6-860x484.jpg 860w, https:\/\/www.acapulcopress.com\/wp-content\/uploads\/2026\/04\/TIANGUIS-TURISTICO-2026-6-1160x653.jpg 1160w, https:\/\/www.acapulcopress.com\/wp-content\/uploads\/2026\/04\/TIANGUIS-TURISTICO-2026-6.jpg 1280w\" sizes=\"auto, (max-width: 300px) 100vw, 300px\" \/>puerto.<\/p>\n<p>La jefa del Ejecutivo estatal firm\u00f3 el convenio de colaboraci\u00f3n con la aerol\u00ednea<em> Mexicana<\/em> y anunci\u00f3 que a partir del mes de junio se contar\u00e1 con el vuelo<em> Aeropuerto Internacional \u00abFelipe \u00c1ngeles\u00bb-Acapulco.<\/em> En este contexto tambi\u00e9n se inform\u00f3 la ratificaci\u00f3n del vuelo desde el <em>AIFA<\/em> a Zihuatanejo.<\/p>\n<p>Ante el director general de <em>Mexicana de Aviaci\u00f3n<\/em>, <strong>Leobardo \u00c1vila Boj\u00f3rquez<\/strong>, la gobernadora guerrerense dijo que con este convenio se ampl\u00edan las opciones de llegada para los visitantes a Acapulco.<\/p>\n<p>En su participaci\u00f3n, el secretario de Turismo del estado, <strong>Sim\u00f3n Qui\u00f1ones Orozco<\/strong>, dijo que con este convenio se refuerza de manera muy <img loading=\"lazy\" decoding=\"async\" class=\"alignleft size-medium wp-image-1264292\" src=\"https:\/\/www.acapulcopress.com\/wp-content\/uploads\/2026\/04\/TIANGUIS-TURISTICO-2026-4-300x169.jpg\" alt=\"\" width=\"300\" height=\"169\" srcset=\"https:\/\/www.acapulcopress.com\/wp-content\/uploads\/2026\/04\/TIANGUIS-TURISTICO-2026-4-300x169.jpg 300w, https:\/\/www.acapulcopress.com\/wp-content\/uploads\/2026\/04\/TIANGUIS-TURISTICO-2026-4-1024x576.jpg 1024w, https:\/\/www.acapulcopress.com\/wp-content\/uploads\/2026\/04\/TIANGUIS-TURISTICO-2026-4-768x432.jpg 768w, https:\/\/www.acapulcopress.com\/wp-content\/uploads\/2026\/04\/TIANGUIS-TURISTICO-2026-4-580x326.jpg 580w, https:\/\/www.acapulcopress.com\/wp-content\/uploads\/2026\/04\/TIANGUIS-TURISTICO-2026-4-860x484.jpg 860w, https:\/\/www.acapulcopress.com\/wp-content\/uploads\/2026\/04\/TIANGUIS-TURISTICO-2026-4-1160x653.jpg 1160w, https:\/\/www.acapulcopress.com\/wp-content\/uploads\/2026\/04\/TIANGUIS-TURISTICO-2026-4.jpg 1280w\" sizes=\"auto, (max-width: 300px) 100vw, 300px\" \/>importante la conectividad con la Ciudad de M\u00e9xico.<\/p>\n<p>M\u00e1s tarde, la gobernadora de Guerrero y su hom\u00f3loga del estado de Morelos, <strong><span class=\"xv78j7m\" spellcheck=\"false\">Margarita Gonz\u00e1lez Saravia<\/span><\/strong>, firmaron un convenio para impulsar los destinos tur\u00edsticos de ambas entidades, dando as\u00ed un un paso importante en la consolidaci\u00f3n de alianzas a favor del turismo, mediante el intercambio de espacios de promoci\u00f3n, generaci\u00f3n de campa\u00f1as conjuntas, profesionalizaci\u00f3n del sector y la creaci\u00f3n de paquetes tur\u00edsticos integrados.<\/p>\n<p>\u00abMorelos, al igual que Guerrero, tienen mucho que ofrecer a los visitantes, tanto de M\u00e9xico como del mundo. Les invitamos a que conozcan esta regi\u00f3n tan maravillosa, ambos estados son muy bellos\u00bb, dijo Evelyn Salgado. En tanto, la gobernadora de Morelos destac\u00f3 la importancia de esta vinculaci\u00f3n para consolidar los diversos destinos.<\/p>\n<p>En este mismo contexto tur\u00edstico, la gobernadora de Guerrero y alcaldes de diversos municipios de la entidad, tambi\u00e9n anunciaron la creaci\u00f3n del <em>Cap\u00edtulo Guerrero<\/em> del<em> Consejo Nacional Empresarial Tur\u00edstico (CNET),<\/em> con el que se busca avanzar con mayor capacidad, coordinaci\u00f3n, capacidad de respuesta y con una visi\u00f3n de largo plazo, y cuya presidencia qued\u00f3 a cargo de Antonio Cos\u00edo Pando, quien en el uso de la palabra dijo que la integraci\u00f3n de este cap\u00edtulo tiene el objetivo claro de construir un turismo m\u00e1s fuerte, m\u00e1s unido y comprometido con el pa\u00eds.<\/p>\n<p>Para concluir esta serie de actividades, la gobernadora guerrerense recibi\u00f3 por parte del <em>Instituto Mexicano de la Propiedad Industrial (IMPI)<\/em> los certificados de registro de la marca Acapulco.<\/p>\n<p>A trav\u00e9s de este mecanismo se otorgaron ocho variantes de la marca, con lo que se brinda certeza jur\u00eddica y se fortalece todo lo relacionado con este concepto.<\/p>\n<p>\u00abEstamos muy contentos por este apoyo que se est\u00e1 dando a nuestro maravilloso estado de Guerrero, especialmente a Acapulco. Poder recibir estos ocho registros ya certificados, que van a proteger jur\u00eddicamente la marca Acapulco y van a fortalecer tambi\u00e9n su aplicaci\u00f3n en las estrategias de promoci\u00f3n tur\u00edstica\u00bb, expres\u00f3 en su mensaje la mandataria, luego de agradecer al director del IMPI, Santiago Nieto Castillo, todo su apoyo a Guerrero.<\/p>\n<p>Acompa\u00f1aron a la gobernadora en esta serie de eventos, el subdirector general de Desarrollo Institucional de Mexicana de Aviaci\u00f3n, Genaro Garc\u00eda Sol\u00eds; el secretario de Turismo de Acapulco, No\u00e9 Peralta Herrera; las diputadas locales, Mar\u00eda Irene Montiel Serv\u00edn, Violeta Mart\u00ednez Pacheco, Glafira Meraza Prudente, Mar\u00eda del Pilar Vadillo y Leticia Rodr\u00edguez Armenta; el secretario de Turismo de Morelos, Daniel Altafi Valladares, as\u00ed como los alcaldes de Zihuatanejo, Lizette Tapia Castro; de Acapulco, Abelina L\u00f3pez Rodr\u00edguez; de Taxco, Juan Andr\u00e9s Vega; y de Copala, Mar\u00eda del Rosario Z\u00fa\u00f1iga de la Rosa, entre otros.<\/p>\n<p><iframe loading=\"lazy\" title=\"Firm\u00f3 Evelyn Salgado Convenios de Conectividad Tur\u00edstica para Acapulco\" width=\"1160\" height=\"653\" src=\"https:\/\/www.youtube.com\/embed\/lRyuFvgi53E?feature=oembed\" frameborder=\"0\" allow=\"accelerometer; autoplay; clipboard-write; encrypted-media; gyroscope; picture-in-picture; web-share\" referrerpolicy=\"strict-origin-when-cross-origin\" allowfullscreen><\/iframe><\/p>\n<p><em>) <a href=\"http:\/\/fb.me\/Steparious\" target=\"_blank\" rel=\"noopener\">fb.me\/Steparious<\/a>\u00a0|\u00a0<a href=\"http:\/\/fb.me\/acapulcopress\" target=\"_blank\" rel=\"noopener\">fb.me\/acapulcopress<\/a><\/em><\/p>\n","protected":false},"excerpt":{"rendered":"<p>ACAPULCO * 28 de abril 2026. ) Acapulco Press En el marco de la celebraci\u00f3n de la edici\u00f3n n\u00famero 50 del Tianguis Tur\u00edstico M\u00e9xico que se lleva a cabo en el puerto de Acapulco, la gobernadora Evelyn Salgado Pineda firm\u00f3 una serie de convenios para promover la conectividad de los diferentes destinos del pa\u00eds con&#8230;<\/p>\n","protected":false},"author":1,"featured_media":1264290,"comment_status":"closed","ping_status":"open","sticky":false,"template":"","format":"standard","meta":{"footnotes":""},"categories":[2010],"tags":[3326,19452,8251,19453,19451,12510,19450,16634,19449],"class_list":["post-1264289","post","type-post","status-publish","format-standard","has-post-thumbnail","hentry","category-sociedad","tag-aeropuerto-internacional-felipe-angeles-aifa","tag-capitulo-guerrero-del-consejo-nacional-empresarial-turistico-cnet","tag-evelyn-salgado-pineda","tag-instituto-mexicano-de-la-propiedad-industrial-impi","tag-leobardo-avila-bojorquez","tag-margarita-gonzalez-saravia","tag-mexicana-de-aviacion","tag-simon-quinones-orozco","tag-tianguis-turistico-mexico-2026"],"_links":{"self":[{"href":"https:\/\/www.acapulcopress.com\/index.php\/wp-json\/wp\/v2\/posts\/1264289","targetHints":{"allow":["GET"]}}],"collection":[{"href":"https:\/\/www.acapulcopress.com\/index.php\/wp-json\/wp\/v2\/posts"}],"about":[{"href":"https:\/\/www.acapulcopress.com\/index.php\/wp-json\/wp\/v2\/types\/post"}],"author":[{"embeddable":true,"href":"https:\/\/www.acapulcopress.com\/index.php\/wp-json\/wp\/v2\/users\/1"}],"replies":[{"embeddable":true,"href":"https:\/\/www.acapulcopress.com\/index.php\/wp-json\/wp\/v2\/comments?post=1264289"}],"version-history":[{"count":1,"href":"https:\/\/www.acapulcopress.com\/index.php\/wp-json\/wp\/v2\/posts\/1264289\/revisions"}],"predecessor-version":[{"id":1264296,"href":"https:\/\/www.acapulcopress.com\/index.php\/wp-json\/wp\/v2\/posts\/1264289\/revisions\/1264296"}],"wp:featuredmedia":[{"embeddable":true,"href":"https:\/\/www.acapulcopress.com\/index.php\/wp-json\/wp\/v2\/media\/1264290"}],"wp:attachment":[{"href":"https:\/\/www.acapulcopress.com\/index.php\/wp-json\/wp\/v2\/media?parent=1264289"}],"wp:term":[{"taxonomy":"category","embeddable":true,"href":"https:\/\/www.acapulcopress.com\/index.php\/wp-json\/wp\/v2\/categories?post=1264289"},{"taxonomy":"post_tag","embeddable":true,"href":"https:\/\/www.acapulcopress.com\/index.php\/wp-json\/wp\/v2\/tags?post=1264289"}],"curies":[{"name":"wp","href":"https:\/\/api.w.org\/{rel}","templated":true}]}}