{"id":1264297,"date":"2026-04-28T21:11:39","date_gmt":"2026-04-29T03:11:39","guid":{"rendered":"https:\/\/www.acapulcopress.com\/?p=1264297"},"modified":"2026-04-28T21:19:12","modified_gmt":"2026-04-29T03:19:12","slug":"ricardo-salinas-y-sectur-mexico-realizan-recorrido-por-acapulco-que-deja-huella-turistica","status":"publish","type":"post","link":"https:\/\/www.acapulcopress.com\/index.php\/2026\/04\/28\/ricardo-salinas-y-sectur-mexico-realizan-recorrido-por-acapulco-que-deja-huella-turistica\/","title":{"rendered":"Ricardo Salinas y Sectur M\u00e9xico realizan recorrido por Acapulco que deja huella tur\u00edstica"},"content":{"rendered":"<p>ACAPULCO * 28 de abril 2026.<br \/>\n<em>) Especial<\/em><br \/>\nEn el marco del <em>Tianguis Tur\u00edstico 2026<\/em> y en representaci\u00f3n de la gobernadora <strong><span class=\"xv78j7m\" spellcheck=\"false\">Evelyn Salgado Pineda<\/span><\/strong>, el Oficial Mayor <strong><span class=\"xv78j7m\" spellcheck=\"false\">Ricardo <img loading=\"lazy\" decoding=\"async\" class=\"alignleft size-medium wp-image-1264302\" src=\"https:\/\/www.acapulcopress.com\/wp-content\/uploads\/2026\/04\/RICARDO-SALINAS-MENDEZ3-300x225.jpeg\" alt=\"\" width=\"300\" height=\"225\" srcset=\"https:\/\/www.acapulcopress.com\/wp-content\/uploads\/2026\/04\/RICARDO-SALINAS-MENDEZ3-300x225.jpeg 300w, https:\/\/www.acapulcopress.com\/wp-content\/uploads\/2026\/04\/RICARDO-SALINAS-MENDEZ3-1024x768.jpeg 1024w, https:\/\/www.acapulcopress.com\/wp-content\/uploads\/2026\/04\/RICARDO-SALINAS-MENDEZ3-768x576.jpeg 768w, https:\/\/www.acapulcopress.com\/wp-content\/uploads\/2026\/04\/RICARDO-SALINAS-MENDEZ3-1536x1152.jpeg 1536w, https:\/\/www.acapulcopress.com\/wp-content\/uploads\/2026\/04\/RICARDO-SALINAS-MENDEZ3-580x435.jpeg 580w, https:\/\/www.acapulcopress.com\/wp-content\/uploads\/2026\/04\/RICARDO-SALINAS-MENDEZ3-860x645.jpeg 860w, https:\/\/www.acapulcopress.com\/wp-content\/uploads\/2026\/04\/RICARDO-SALINAS-MENDEZ3-1160x870.jpeg 1160w, https:\/\/www.acapulcopress.com\/wp-content\/uploads\/2026\/04\/RICARDO-SALINAS-MENDEZ3-1320x990.jpeg 1320w, https:\/\/www.acapulcopress.com\/wp-content\/uploads\/2026\/04\/RICARDO-SALINAS-MENDEZ3.jpeg 1600w\" sizes=\"auto, (max-width: 300px) 100vw, 300px\" \/>Salinas M\u00e9ndez<\/span> <\/strong>acompa\u00f1\u00f3 este d\u00eda a la titular de la <span class=\"xv78j7m\" spellcheck=\"false\">Secretar\u00eda de Turismo de M\u00e9xico<\/span>, <strong><span class=\"xv78j7m\" spellcheck=\"false\">Josefina Rodr\u00edguez Zamora<\/span><\/strong>, y al director de <span class=\"xv78j7m\" spellcheck=\"false\">Fonatur<\/span>,<strong> <span class=\"xv78j7m\" spellcheck=\"false\">Sebasti\u00e1n Ram\u00edrez Mendoza<\/span><\/strong>, a un recorrido que dej\u00f3 huella.<\/p>\n<p>\u00abJuntos inauguramos obras del programa &#8216;Acapulco se Transforma Contigo&#8217;, como los senderos de luz en la avenida Adolfo L\u00f3pez Mateos , el corredor en calle Jes\u00fas Carranza , el mural de la emblem\u00e1tica Quebrada, y navegamos la Bah\u00eda de Santa Luc\u00eda a bordo del <em>Marinab\u00fas\u00bb<\/em>.<\/p>\n<p>\u00abEstas no son solo obras de infraestructura, son compromisos cumplidos con la gente, con el desarrollo social y con la imagen de un Acapulco que nunca se detiene\u00bb, subray\u00f3 el funcionario estatal.<\/p>\n<p><img loading=\"lazy\" decoding=\"async\" class=\"alignnone wp-image-1264301 size-cmsmasters-project-full-thumb\" src=\"https:\/\/www.acapulcopress.com\/wp-content\/uploads\/2026\/04\/RICARDO-SALINAS-MENDEZ2-1160x880.jpeg\" alt=\"\" width=\"1160\" height=\"880\" srcset=\"https:\/\/www.acapulcopress.com\/wp-content\/uploads\/2026\/04\/RICARDO-SALINAS-MENDEZ2-1160x880.jpeg 1160w, https:\/\/www.acapulcopress.com\/wp-content\/uploads\/2026\/04\/RICARDO-SALINAS-MENDEZ2-580x440.jpeg 580w\" sizes=\"auto, (max-width: 1160px) 100vw, 1160px\" \/><\/p>\n<p><img loading=\"lazy\" decoding=\"async\" class=\"alignnone wp-image-1264303 size-cmsmasters-project-full-thumb\" src=\"https:\/\/www.acapulcopress.com\/wp-content\/uploads\/2026\/04\/RICARDO-SALINAS-MENDEZ4-1160x880.jpeg\" alt=\"\" width=\"1160\" height=\"880\" srcset=\"https:\/\/www.acapulcopress.com\/wp-content\/uploads\/2026\/04\/RICARDO-SALINAS-MENDEZ4-1160x880.jpeg 1160w, https:\/\/www.acapulcopress.com\/wp-content\/uploads\/2026\/04\/RICARDO-SALINAS-MENDEZ4-580x440.jpeg 580w\" sizes=\"auto, (max-width: 1160px) 100vw, 1160px\" \/><\/p>\n<p><img loading=\"lazy\" decoding=\"async\" class=\"alignnone wp-image-1264304 \" src=\"https:\/\/www.acapulcopress.com\/wp-content\/uploads\/2026\/04\/RICARDO-SALINAS-MENDEZ5-720x880.jpeg\" alt=\"\" width=\"996\" height=\"1217\" \/><\/p>\n<div style=\"width: 1024px;\" class=\"wp-video\"><video class=\"wp-video-shortcode\" id=\"video-1264297-1\" width=\"1024\" height=\"576\" preload=\"metadata\" controls=\"controls\"><source type=\"video\/mp4\" src=\"https:\/\/www.acapulcopress.com\/wp-content\/uploads\/2026\/04\/RICARDO-SALINAS-MENDEZ.mp4?_=1\" \/><a href=\"https:\/\/www.acapulcopress.com\/wp-content\/uploads\/2026\/04\/RICARDO-SALINAS-MENDEZ.mp4\">https:\/\/www.acapulcopress.com\/wp-content\/uploads\/2026\/04\/RICARDO-SALINAS-MENDEZ.mp4<\/a><\/video><\/div>\n<p><em>) <a href=\"http:\/\/fb.me\/Steparious\" target=\"_blank\" rel=\"noopener\">fb.me\/Steparious<\/a>\u00a0|\u00a0<a href=\"http:\/\/fb.me\/acapulcopress\" target=\"_blank\" rel=\"noopener\">fb.me\/acapulcopress<\/a><\/em><\/p>\n","protected":false},"excerpt":{"rendered":"<p>ACAPULCO * 28 de abril 2026. ) Especial En el marco del Tianguis Tur\u00edstico 2026 y en representaci\u00f3n de la gobernadora Evelyn Salgado Pineda, el Oficial Mayor Ricardo Salinas M\u00e9ndez acompa\u00f1\u00f3 este d\u00eda a la titular de la Secretar\u00eda de Turismo de M\u00e9xico, Josefina Rodr\u00edguez Zamora, y al director de Fonatur, Sebasti\u00e1n Ram\u00edrez Mendoza, a&#8230;<\/p>\n","protected":false},"author":1,"featured_media":1264298,"comment_status":"closed","ping_status":"open","sticky":false,"template":"","format":"standard","meta":{"footnotes":""},"categories":[1980,1983],"tags":[3177,8251,8748,11125,18775,15598,16115,16294,17183],"class_list":["post-1264297","post","type-post","status-publish","format-standard","has-post-thumbnail","hentry","category-goverment-2","category-guerrerogob","tag-acapulco-se-transforma-contigo","tag-evelyn-salgado-pineda","tag-fonatur","tag-josefina-rodriguez-zamora","tag-marinabus","tag-ricardo-salinas-mendez","tag-sebastian-ramirez-mendoza","tag-secretaria-de-turismo-de-mexico","tag-tianguis-turistico-2026"],"_links":{"self":[{"href":"https:\/\/www.acapulcopress.com\/index.php\/wp-json\/wp\/v2\/posts\/1264297","targetHints":{"allow":["GET"]}}],"collection":[{"href":"https:\/\/www.acapulcopress.com\/index.php\/wp-json\/wp\/v2\/posts"}],"about":[{"href":"https:\/\/www.acapulcopress.com\/index.php\/wp-json\/wp\/v2\/types\/post"}],"author":[{"embeddable":true,"href":"https:\/\/www.acapulcopress.com\/index.php\/wp-json\/wp\/v2\/users\/1"}],"replies":[{"embeddable":true,"href":"https:\/\/www.acapulcopress.com\/index.php\/wp-json\/wp\/v2\/comments?post=1264297"}],"version-history":[{"count":2,"href":"https:\/\/www.acapulcopress.com\/index.php\/wp-json\/wp\/v2\/posts\/1264297\/revisions"}],"predecessor-version":[{"id":1264307,"href":"https:\/\/www.acapulcopress.com\/index.php\/wp-json\/wp\/v2\/posts\/1264297\/revisions\/1264307"}],"wp:featuredmedia":[{"embeddable":true,"href":"https:\/\/www.acapulcopress.com\/index.php\/wp-json\/wp\/v2\/media\/1264298"}],"wp:attachment":[{"href":"https:\/\/www.acapulcopress.com\/index.php\/wp-json\/wp\/v2\/media?parent=1264297"}],"wp:term":[{"taxonomy":"category","embeddable":true,"href":"https:\/\/www.acapulcopress.com\/index.php\/wp-json\/wp\/v2\/categories?post=1264297"},{"taxonomy":"post_tag","embeddable":true,"href":"https:\/\/www.acapulcopress.com\/index.php\/wp-json\/wp\/v2\/tags?post=1264297"}],"curies":[{"name":"wp","href":"https:\/\/api.w.org\/{rel}","templated":true}]}}