{"id":1264326,"date":"2026-04-29T18:29:51","date_gmt":"2026-04-30T00:29:51","guid":{"rendered":"https:\/\/www.acapulcopress.com\/?p=1264326"},"modified":"2026-04-29T18:33:50","modified_gmt":"2026-04-30T00:33:50","slug":"coloco-gobernadora-primera-piedra-del-renacer-del-cici-acapulco","status":"publish","type":"post","link":"https:\/\/www.acapulcopress.com\/index.php\/2026\/04\/29\/coloco-gobernadora-primera-piedra-del-renacer-del-cici-acapulco\/","title":{"rendered":"Coloc\u00f3 Gobernadora primera piedra del renacer del CICI Acapulco"},"content":{"rendered":"<p>ACAPULCO * 29 de abril 2026.<br \/>\n<em>) Acapulco Pres<\/em><br \/>\nCon una inversi\u00f3n de m\u00e1s de 10 millones de d\u00f3lares, el emblem\u00e1tico y legendario <em>Centro Internacional de Convivencia Infantil (CICI)<\/em> estar\u00e1 de vuelta en Acapulco.<\/p>\n<p>Al lado de la la gobernadora <strong><span class=\"xv78j7m\" spellcheck=\"false\">Evelyn Salgado Pineda<\/span><\/strong>, la secretaria de Turismo federal,<strong> <span class=\"xv78j7m\" spellcheck=\"false\">Josefina Rodr\u00edguez Zamora<\/span><\/strong>, y el director de <em><span class=\"xv78j7m\" spellcheck=\"false\">Fonatur<\/span>,<\/em> <strong><span class=\"xv78j7m\" spellcheck=\"false\">Sebasti\u00e1n Ram\u00edrez Mendoza<\/span><\/strong>, el Oficial Mayor<strong> <span class=\"xv78j7m\" spellcheck=\"false\">Ricardo Salinas M\u00e9ndez<\/span> e<\/strong>stuvo presente en la ceremonia de colocaci\u00f3n de la primera piedra de este tradicional parque de diversi\u00f3n acu\u00e1tica inaugurado en el puerto en la d\u00e9cada de los a\u00f1os 80.<\/p>\n<p>El resurgimiento del CICI es una transformaci\u00f3n que devuelve a Acapulco uno de sus espacios m\u00e1s emblem\u00e1ticos, un lugar pensado para el disfrute de quienes lo visitan y de quienes lo llaman hogar.<\/p>\n<p><img loading=\"lazy\" decoding=\"async\" class=\"alignnone wp-image-1264331 size-cmsmasters-project-full-thumb\" src=\"https:\/\/www.acapulcopress.com\/wp-content\/uploads\/2026\/04\/CICI-ACAPULCO5-1160x880.jpeg\" alt=\"\" width=\"1160\" height=\"880\" srcset=\"https:\/\/www.acapulcopress.com\/wp-content\/uploads\/2026\/04\/CICI-ACAPULCO5-1160x880.jpeg 1160w, https:\/\/www.acapulcopress.com\/wp-content\/uploads\/2026\/04\/CICI-ACAPULCO5-580x440.jpeg 580w\" sizes=\"auto, (max-width: 1160px) 100vw, 1160px\" \/><\/p>\n<p><img loading=\"lazy\" decoding=\"async\" class=\"alignnone wp-image-1264330 size-cmsmasters-project-full-thumb\" src=\"https:\/\/www.acapulcopress.com\/wp-content\/uploads\/2026\/04\/CICI-ACAPULCO4-1160x880.jpeg\" alt=\"\" width=\"1160\" height=\"880\" srcset=\"https:\/\/www.acapulcopress.com\/wp-content\/uploads\/2026\/04\/CICI-ACAPULCO4-1160x880.jpeg 1160w, https:\/\/www.acapulcopress.com\/wp-content\/uploads\/2026\/04\/CICI-ACAPULCO4-580x440.jpeg 580w\" sizes=\"auto, (max-width: 1160px) 100vw, 1160px\" \/><\/p>\n<p><img loading=\"lazy\" decoding=\"async\" class=\"alignnone wp-image-1264329 size-cmsmasters-full-thumb\" src=\"https:\/\/www.acapulcopress.com\/wp-content\/uploads\/2026\/04\/CICI-ACAPULCO3-1160x715.jpeg\" alt=\"\" width=\"1160\" height=\"715\" \/><\/p>\n<p><img loading=\"lazy\" decoding=\"async\" class=\"alignnone wp-image-1264327 size-cmsmasters-project-full-thumb\" src=\"https:\/\/www.acapulcopress.com\/wp-content\/uploads\/2026\/04\/CICI-ACAPULCO-1160x880.jpeg\" alt=\"\" width=\"1160\" height=\"880\" srcset=\"https:\/\/www.acapulcopress.com\/wp-content\/uploads\/2026\/04\/CICI-ACAPULCO-1160x880.jpeg 1160w, https:\/\/www.acapulcopress.com\/wp-content\/uploads\/2026\/04\/CICI-ACAPULCO-580x440.jpeg 580w\" sizes=\"auto, (max-width: 1160px) 100vw, 1160px\" \/><\/p>\n<p><img loading=\"lazy\" decoding=\"async\" class=\"alignnone wp-image-1264328 size-cmsmasters-full-thumb\" src=\"https:\/\/www.acapulcopress.com\/wp-content\/uploads\/2026\/04\/CICI-ACAPULCO2-1160x715.jpeg\" alt=\"\" width=\"1160\" height=\"715\" \/><\/p>\n<p><iframe loading=\"lazy\" title=\"EL #CICI EST\u00c1 DE REGRESO EN ACAPULCO\" width=\"1160\" height=\"653\" src=\"https:\/\/www.youtube.com\/embed\/0_-iPoo3pYA?feature=oembed\" frameborder=\"0\" allow=\"accelerometer; autoplay; clipboard-write; encrypted-media; gyroscope; picture-in-picture; web-share\" referrerpolicy=\"strict-origin-when-cross-origin\" allowfullscreen><\/iframe><\/p>\n<p><em>)\u00a0<a class=\"x1fey0fg xmper1u x1edh9d7\" href=\"https:\/\/fb.me\/Steparious\">fb.me\/Steparious<\/a>\u00a0|\u00a0<a class=\"x1fey0fg xmper1u x1edh9d7\" href=\"https:\/\/fb.me\/acapulcopress\">fb.me\/acapulcopress<\/a><\/em><\/p>\n","protected":false},"excerpt":{"rendered":"<p>ACAPULCO * 29 de abril 2026. ) Acapulco Pres Con una inversi\u00f3n de m\u00e1s de 10 millones de d\u00f3lares, el emblem\u00e1tico y legendario Centro Internacional de Convivencia Infantil (CICI) estar\u00e1 de vuelta en Acapulco. Al lado de la la gobernadora Evelyn Salgado Pineda, la secretaria de Turismo federal, Josefina Rodr\u00edguez Zamora, y el director de&#8230;<\/p>\n","protected":false},"author":1,"featured_media":1264332,"comment_status":"closed","ping_status":"open","sticky":false,"template":"","format":"standard","meta":{"footnotes":""},"categories":[1997],"tags":[19455,8251,8748,11125,15598,16115,16301],"class_list":["post-1264326","post","type-post","status-publish","format-standard","has-post-thumbnail","hentry","category-noticias-destacadas","tag-centro-internacional-de-convivencia-infantil-cici","tag-evelyn-salgado-pineda","tag-fonatur","tag-josefina-rodriguez-zamora","tag-ricardo-salinas-mendez","tag-sebastian-ramirez-mendoza","tag-secretaria-de-turismo-mexico-sectur"],"_links":{"self":[{"href":"https:\/\/www.acapulcopress.com\/index.php\/wp-json\/wp\/v2\/posts\/1264326","targetHints":{"allow":["GET"]}}],"collection":[{"href":"https:\/\/www.acapulcopress.com\/index.php\/wp-json\/wp\/v2\/posts"}],"about":[{"href":"https:\/\/www.acapulcopress.com\/index.php\/wp-json\/wp\/v2\/types\/post"}],"author":[{"embeddable":true,"href":"https:\/\/www.acapulcopress.com\/index.php\/wp-json\/wp\/v2\/users\/1"}],"replies":[{"embeddable":true,"href":"https:\/\/www.acapulcopress.com\/index.php\/wp-json\/wp\/v2\/comments?post=1264326"}],"version-history":[{"count":1,"href":"https:\/\/www.acapulcopress.com\/index.php\/wp-json\/wp\/v2\/posts\/1264326\/revisions"}],"predecessor-version":[{"id":1264334,"href":"https:\/\/www.acapulcopress.com\/index.php\/wp-json\/wp\/v2\/posts\/1264326\/revisions\/1264334"}],"wp:featuredmedia":[{"embeddable":true,"href":"https:\/\/www.acapulcopress.com\/index.php\/wp-json\/wp\/v2\/media\/1264332"}],"wp:attachment":[{"href":"https:\/\/www.acapulcopress.com\/index.php\/wp-json\/wp\/v2\/media?parent=1264326"}],"wp:term":[{"taxonomy":"category","embeddable":true,"href":"https:\/\/www.acapulcopress.com\/index.php\/wp-json\/wp\/v2\/categories?post=1264326"},{"taxonomy":"post_tag","embeddable":true,"href":"https:\/\/www.acapulcopress.com\/index.php\/wp-json\/wp\/v2\/tags?post=1264326"}],"curies":[{"name":"wp","href":"https:\/\/api.w.org\/{rel}","templated":true}]}}