{"id":1264341,"date":"2026-04-29T21:09:16","date_gmt":"2026-04-30T03:09:16","guid":{"rendered":"https:\/\/www.acapulcopress.com\/?p=1264341"},"modified":"2026-04-29T21:09:16","modified_gmt":"2026-04-30T03:09:16","slug":"diputados-exhortan-a-la-seg-a-tomar-medidas-contra-el-calor-en-escuelas","status":"publish","type":"post","link":"https:\/\/www.acapulcopress.com\/index.php\/2026\/04\/29\/diputados-exhortan-a-la-seg-a-tomar-medidas-contra-el-calor-en-escuelas\/","title":{"rendered":"Diputados exhortan a la SEG a tomar medidas contra el calor en escuelas"},"content":{"rendered":"<p>CHILPANCINGO * 29 de abril 2026.<br \/>\n<em>) LXIV Legislatura | Guerrero<\/em><br \/>\nEl Congreso del Estado exhort\u00f3 a la<em> Secretar\u00eda de Educaci\u00f3n Guerrero<\/em> a implementar medidas preventivas en los planteles de educaci\u00f3n b\u00e1sica para proteger la salud e integridad de las y los estudiantes ante las altas temperaturas registradas durante la temporada de calor.<\/p>\n<p>Lo anterior, a propuesta del diputado <strong>V\u00edctor Hugo Vega Hern\u00e1ndez<\/strong>, quien expuso que, durante los meses de mayo y junio, diversas regiones de Guerrero registran temperaturas considerablemente elevadas, derivadas de fen\u00f3menos climatol\u00f3gicos propios de la temporada, lo que genera condiciones adversas para el desarrollo de actividades al aire libre, particularmente en el \u00e1mbito escolar.<\/p>\n<p>\u201cEstas altas temperaturas representan un riesgo significativo para la salud de ni\u00f1as, ni\u00f1os y adolescentes que cursan su formaci\u00f3n preescolar, primaria y secundaria, quienes son especialmente vulnerables a afectaciones como golpes de calor, deshidrataci\u00f3n, agotamiento f\u00edsico y otras complicaciones relacionadas con la exposici\u00f3n prolongada al sol y al calor extremo\u201d, manifest\u00f3.<\/p>\n<p>Por ello, consider\u00f3 necesario que las autoridades educativas adopten medidas preventivas y protocolos espec\u00edficos que garanticen condiciones seguras para el desarrollo de las actividades escolares durante esta temporada, como ajustar los horarios en regiones con temperaturas extremas, privilegiando jornadas m\u00e1s cortas o en horarios de menor exposici\u00f3n solar.<\/p>\n<p>Adem\u00e1s, propuso suspender o reprogramar actividades f\u00edsicas al aire libre durante las horas de mayor radiaci\u00f3n; garantizar el acceso permanente a agua potable para la hidrataci\u00f3n de las y los estudiantes; y establecer protocolos de actuaci\u00f3n inmediata ante casos de deshidrataci\u00f3n o golpe de calor en los centros escolares.<br \/>\n<em>)\u00a0<a class=\"x1fey0fg xmper1u x1edh9d7\" href=\"https:\/\/fb.me\/Steparious\">fb.me\/Steparious<\/a>\u00a0|\u00a0<a class=\"x1fey0fg xmper1u x1edh9d7\" href=\"https:\/\/fb.me\/acapulcopress\">fb.me\/acapulcopress<\/a><\/em><\/p>\n","protected":false},"excerpt":{"rendered":"<p>CHILPANCINGO * 29 de abril 2026. ) LXIV Legislatura | Guerrero El Congreso del Estado exhort\u00f3 a la Secretar\u00eda de Educaci\u00f3n Guerrero a implementar medidas preventivas en los planteles de educaci\u00f3n b\u00e1sica para proteger la salud e integridad de las y los estudiantes ante las altas temperaturas registradas durante la temporada de calor. Lo anterior,&#8230;<\/p>\n","protected":false},"author":1,"featured_media":1264342,"comment_status":"closed","ping_status":"open","sticky":false,"template":"","format":"standard","meta":{"footnotes":""},"categories":[2037,61],"tags":[6384,12256,16167,17857],"class_list":["post-1264341","post","type-post","status-publish","format-standard","has-post-thumbnail","hentry","category-congreso-de-guerrero","category-legislacion","tag-congreso-del-estado-de-guerrero","tag-lxiv-legislatura-guerrero","tag-secretaria-de-educacion-guerrero","tag-victor-hugo-vega-hernandez"],"_links":{"self":[{"href":"https:\/\/www.acapulcopress.com\/index.php\/wp-json\/wp\/v2\/posts\/1264341","targetHints":{"allow":["GET"]}}],"collection":[{"href":"https:\/\/www.acapulcopress.com\/index.php\/wp-json\/wp\/v2\/posts"}],"about":[{"href":"https:\/\/www.acapulcopress.com\/index.php\/wp-json\/wp\/v2\/types\/post"}],"author":[{"embeddable":true,"href":"https:\/\/www.acapulcopress.com\/index.php\/wp-json\/wp\/v2\/users\/1"}],"replies":[{"embeddable":true,"href":"https:\/\/www.acapulcopress.com\/index.php\/wp-json\/wp\/v2\/comments?post=1264341"}],"version-history":[{"count":1,"href":"https:\/\/www.acapulcopress.com\/index.php\/wp-json\/wp\/v2\/posts\/1264341\/revisions"}],"predecessor-version":[{"id":1264343,"href":"https:\/\/www.acapulcopress.com\/index.php\/wp-json\/wp\/v2\/posts\/1264341\/revisions\/1264343"}],"wp:featuredmedia":[{"embeddable":true,"href":"https:\/\/www.acapulcopress.com\/index.php\/wp-json\/wp\/v2\/media\/1264342"}],"wp:attachment":[{"href":"https:\/\/www.acapulcopress.com\/index.php\/wp-json\/wp\/v2\/media?parent=1264341"}],"wp:term":[{"taxonomy":"category","embeddable":true,"href":"https:\/\/www.acapulcopress.com\/index.php\/wp-json\/wp\/v2\/categories?post=1264341"},{"taxonomy":"post_tag","embeddable":true,"href":"https:\/\/www.acapulcopress.com\/index.php\/wp-json\/wp\/v2\/tags?post=1264341"}],"curies":[{"name":"wp","href":"https:\/\/api.w.org\/{rel}","templated":true}]}}