{"id":1264347,"date":"2026-04-29T22:18:55","date_gmt":"2026-04-30T04:18:55","guid":{"rendered":"https:\/\/www.acapulcopress.com\/?p=1264347"},"modified":"2026-04-29T22:24:41","modified_gmt":"2026-04-30T04:24:41","slug":"eu-liga-a-rocha-moya-al-cartel-de-sinaloa","status":"publish","type":"post","link":"https:\/\/www.acapulcopress.com\/index.php\/2026\/04\/29\/eu-liga-a-rocha-moya-al-cartel-de-sinaloa\/","title":{"rendered":"EU liga a Rocha Moya al C\u00e1rtel de Sinaloa"},"content":{"rendered":"<p>CHILPANCINGO * 29 de abril 2026.<br \/>\n<em>) <a href=\"https:\/\/www.eleconomista.com.mx\/politica\/eu-acusa-rocha-moya-otros-nueve-funcionarios-vinculos-cartel-sinaloa-20260429-811139.html\" target=\"_blank\" rel=\"noopener\">El Economista<\/a><\/em><br \/>\nEl Departamento de Justicia de Estados Unidos revel\u00f3 este mi\u00e9rcoles una acusaci\u00f3n formal contra el gobernador de Sinaloa, <strong>Rub\u00e9n Rocha Moya<\/strong>, y otros nueve actuales y exfuncionarios de esa entidad, se\u00f1alados de presuntamente colaborar con el C\u00e1rtel de Sinaloa para traficar drogas hacia territorio estadounidense a cambio de sobornos, respaldo pol\u00edtico y protecci\u00f3n institucional.<\/p>\n<p>La acusaci\u00f3n fue presentada por la <em>Fiscal\u00eda Federal<\/em> para el Distrito Sur de Nueva York y dada a conocer por el fiscal<strong> Jay Clayton<\/strong> y el administrador de la DEA, <strong>Terrance C. Cole<\/strong>.<\/p>\n<p>Adem\u00e1s de Rocha Moya, entre los imputados figuran el senador <strong>Enrique Inzunza C\u00e1zarez<\/strong>; el alcalde de Culiac\u00e1n, <strong>Juan de Dios G\u00e1mez Mend\u00edvil<\/strong>; exmandos policiacos estatales y municipales, as\u00ed como exfuncionarios de seguridad y procuraci\u00f3n de justicia en Sinaloa.<\/p>\n<p>Seg\u00fan el expediente judicial, los acusados habr\u00edan integrado una red de corrupci\u00f3n que permiti\u00f3 al <em>C\u00e1rtel de Sinaloa<\/em> importar \u201ccantidades masivas\u201d de fentanilo, hero\u00edna, coca\u00edna y metanfetamina a Estados Unidos.<\/p>\n<p>Por su parte, la fiscal\u00eda estadounidense sostuvo que los funcionarios habr\u00edan utilizado sus cargos para proteger a integrantes del grupo criminal, filtrar informaci\u00f3n sensible sobre operativos, facilitar rutas de trasiego y permitir actos de violencia sin consecuencias legales.<\/p>\n<p>Uno de los se\u00f1alamientos contra Rocha Moya, es que habr\u00eda llegado a la gubernatura en 2021 con apoyo de la facci\u00f3n de \u201cLos Chapitos\u201d, hijos de<strong> Joaqu\u00edn<\/strong> \u201cEl Chapo\u201d <strong>Guzm\u00e1n<\/strong>, quienes presuntamente intimidaron y secuestraron a rivales pol\u00edticos para favorecer su elecci\u00f3n.<\/p>\n<p>A cambio, sostuvo la acusaci\u00f3n, el mandatario estatal habr\u00eda sostenido reuniones con l\u00edderes criminales y prometido brindarles protecci\u00f3n para mantener sus operaciones en Sinaloa.<\/p>\n<p>El documento tambi\u00e9n se\u00f1al\u00f3 al actual subprocurador del estado, <strong>D\u00e1maso Castro Zaavedra<\/strong>, de recibir pagos mensuales cercanos a 11,000 d\u00f3lares para alertar al c\u00e1rtel sobre operativos respaldados por Estados Unidos y evitar detenciones.<\/p>\n<p>Adem\u00e1s,<strong> Juan Valenzuela Mill\u00e1n<\/strong>, exmando de la Polic\u00eda Municipal de Culiac\u00e1n, se le acus\u00f3 de secuestro, por presuntamente participar en el plagio de una fuente confidencial de la DEA y un familiar en 2023, quienes posteriormente fueron torturados y asesinados.<\/p>\n<p>Las autoridades estadounidenses indicaron que todos los acusados se encontrar\u00edan actualmente en M\u00e9xico. En caso de ser condenados, varios enfrentan penas m\u00ednimas obligatorias de 40 a\u00f1os de prisi\u00f3n y hasta cadena perpetua.<\/p>\n<p>\u201cEl C\u00e1rtel de Sinaloa no podr\u00eda operar con tanta libertad sin pol\u00edticos corruptos y funcionarios policiales en su n\u00f3mina\u201d, afirm\u00f3 el fiscal Jay Clayton al presentar el caso.<\/p>\n<p><img loading=\"lazy\" decoding=\"async\" class=\"alignleft size-medium wp-image-1264349\" src=\"https:\/\/www.acapulcopress.com\/wp-content\/uploads\/2026\/04\/narcos-rocha-300x349.png\" alt=\"\" width=\"300\" height=\"349\" srcset=\"https:\/\/www.acapulcopress.com\/wp-content\/uploads\/2026\/04\/narcos-rocha-300x349.png 300w, https:\/\/www.acapulcopress.com\/wp-content\/uploads\/2026\/04\/narcos-rocha.png 402w\" sizes=\"auto, (max-width: 300px) 100vw, 300px\" \/><\/p>\n<p><strong>Rocha Moya rechaza las acusaciones<br \/>\n<\/strong><br \/>\nTras darse a conocer la denuncia, el gobernador Rub\u00e9n Rocha rechaz\u00f3 la acusaci\u00f3n y denunci\u00f3 una \u00abperversa estrategia\u00bb contra la soberan\u00eda de M\u00e9xico.<\/p>\n<p>\u00abRechazo categ\u00f3rica y absolutamente las imputaciones formuladas en mi contra por la Fiscal\u00eda Federal del Distrito Sur de Nueva York, ya que carecen de veracidad y fundamento alguno\u00bb, escribi\u00f3 en la red social X<\/p>\n<p>Rocha Moya, miembro del partido Morena, gobierna Sinaloa desde 2021. Durante su gesti\u00f3n, la entidad se ha visto sacudida por las disputas entre dos facciones del C\u00e1rtel de Sinaloa.<\/p>\n<p><strong>Senador Inzunza reclama a EU<br \/>\n<\/strong><br \/>\nEl senador morenista Enrique Inzunza tambi\u00e9n mostr\u00f3 su rechazo a las acusaciones en su contra y asegur\u00f3 que se trata de un ataque pol\u00edtico tras fijar su posici\u00f3n en contra de la actuaci\u00f3n de agentes de Estados Unidos en el pa\u00eds.<\/p>\n<p>Coincidi\u00f3 con Rocha Moya en que dicha denuncia busca afectar a su movimiento pol\u00edtico.<\/p>\n<p>\u00abEste ataque tiene intenciones muy claras. No es solo en contra nuestra, es en contra de la Cuarta Transformaci\u00f3n, y de los valores y <img loading=\"lazy\" decoding=\"async\" class=\"alignleft size-medium wp-image-1264348\" src=\"https:\/\/www.acapulcopress.com\/wp-content\/uploads\/2026\/04\/narcos-izunza-300x345.png\" alt=\"\" width=\"300\" height=\"345\" srcset=\"https:\/\/www.acapulcopress.com\/wp-content\/uploads\/2026\/04\/narcos-izunza-300x345.png 300w, https:\/\/www.acapulcopress.com\/wp-content\/uploads\/2026\/04\/narcos-izunza.png 417w\" sizes=\"auto, (max-width: 300px) 100vw, 300px\" \/>principios que enarbolamos\u00bb, dijo el legislador sinaloense a trav\u00e9s de su cuenta de la red social X.<br \/>\n<em>)\u00a0<a class=\"x1fey0fg xmper1u x1edh9d7\" href=\"https:\/\/fb.me\/Steparious\">fb.me\/Steparious<\/a>\u00a0|\u00a0<a class=\"x1fey0fg xmper1u x1edh9d7\" href=\"https:\/\/fb.me\/acapulcopress\">fb.me\/acapulcopress<\/a><\/em><\/p>\n","protected":false},"excerpt":{"rendered":"<p>El Departamento de Justicia de Estados Unidos revel\u00f3 este mi\u00e9rcoles una acusaci\u00f3n formal contra el gobernador de Sinaloa, Rub\u00e9n Rocha Moya, y otros nueve actuales y exfuncionarios de esa entidad, como presunto colaborar del C\u00e1rtel de Sinaloa.<\/p>\n","protected":false},"author":1,"featured_media":1264350,"comment_status":"closed","ping_status":"open","sticky":false,"template":"","format":"standard","meta":{"footnotes":""},"categories":[1972],"tags":[2125,19460,7085,19458,19457,10795,19459,19461,15865,17087],"class_list":["post-1264347","post","type-post","status-publish","format-standard","has-post-thumbnail","hentry","category-special","tag-los-chapitos","tag-damaso-castro-zaavedra","tag-departamento-de-justicia-de-estados-unidos","tag-enrique-inzunza-cazarez","tag-jay-clayton","tag-joaquin-el-chapo-guzman","tag-juan-de-dios-gamez-mendivil","tag-juan-valenzuela-millan","tag-ruben-rocha-moya","tag-terrance-c-cole"],"_links":{"self":[{"href":"https:\/\/www.acapulcopress.com\/index.php\/wp-json\/wp\/v2\/posts\/1264347","targetHints":{"allow":["GET"]}}],"collection":[{"href":"https:\/\/www.acapulcopress.com\/index.php\/wp-json\/wp\/v2\/posts"}],"about":[{"href":"https:\/\/www.acapulcopress.com\/index.php\/wp-json\/wp\/v2\/types\/post"}],"author":[{"embeddable":true,"href":"https:\/\/www.acapulcopress.com\/index.php\/wp-json\/wp\/v2\/users\/1"}],"replies":[{"embeddable":true,"href":"https:\/\/www.acapulcopress.com\/index.php\/wp-json\/wp\/v2\/comments?post=1264347"}],"version-history":[{"count":4,"href":"https:\/\/www.acapulcopress.com\/index.php\/wp-json\/wp\/v2\/posts\/1264347\/revisions"}],"predecessor-version":[{"id":1264354,"href":"https:\/\/www.acapulcopress.com\/index.php\/wp-json\/wp\/v2\/posts\/1264347\/revisions\/1264354"}],"wp:featuredmedia":[{"embeddable":true,"href":"https:\/\/www.acapulcopress.com\/index.php\/wp-json\/wp\/v2\/media\/1264350"}],"wp:attachment":[{"href":"https:\/\/www.acapulcopress.com\/index.php\/wp-json\/wp\/v2\/media?parent=1264347"}],"wp:term":[{"taxonomy":"category","embeddable":true,"href":"https:\/\/www.acapulcopress.com\/index.php\/wp-json\/wp\/v2\/categories?post=1264347"},{"taxonomy":"post_tag","embeddable":true,"href":"https:\/\/www.acapulcopress.com\/index.php\/wp-json\/wp\/v2\/tags?post=1264347"}],"curies":[{"name":"wp","href":"https:\/\/api.w.org\/{rel}","templated":true}]}}