{"id":1264355,"date":"2026-05-01T18:31:23","date_gmt":"2026-05-02T00:31:23","guid":{"rendered":"https:\/\/www.acapulcopress.com\/?p=1264355"},"modified":"2026-05-01T19:52:15","modified_gmt":"2026-05-02T01:52:15","slug":"asume-guerrero-vicepresidencia-de-asetur","status":"publish","type":"post","link":"https:\/\/www.acapulcopress.com\/index.php\/2026\/05\/01\/asume-guerrero-vicepresidencia-de-asetur\/","title":{"rendered":"Asume Guerrero vicepresidencia de Asetur"},"content":{"rendered":"<p>ACAPULCO * 1 de mayo, 2026.<br \/>\n<em>) Sectur Guerrero<br \/>\n<\/em>En el marco de la renovaci\u00f3n de la mesa directiva de la <em>Asociaci\u00f3n de Secretarios de Turismo de M\u00e9xico (Asetur),<\/em> el secretario de <em>Turismo<\/em> de Michoac\u00e1n, <strong>Roberto Monroy Garc\u00eda<\/strong>, asumir\u00e1 la presidencia del organismo.<\/p>\n<p>En este contexto, el secretario de <em>Turismo<\/em> de Guerrero,<strong> Sim\u00f3n Qui\u00f1ones Orozco<\/strong>, ocupar\u00e1 la vicepresidencia operativa, segunda posici\u00f3n en importancia dentro del organismo, lo que consolida la presencia del estado en la toma de decisiones del sector a nivel nacional.<\/p>\n<p>Este nombramiento reconoce el desempe\u00f1o de Guerrero, reflejado en los resultados del <em>Tianguis Tur\u00edstico de M\u00e9xico 2026,<\/em> as\u00ed como su estrategia para fortalecer la promoci\u00f3n y avanzar hacia un modelo de turismo multidestino.<br \/>\n<em>)\u00a0<a class=\"x1fey0fg xmper1u x1edh9d7\" href=\"https:\/\/fb.me\/Steparious\">fb.me\/Steparious<\/a>\u00a0|\u00a0<a class=\"x1fey0fg xmper1u x1edh9d7\" href=\"https:\/\/fb.me\/acapulcopress\">fb.me\/acapulcopress<\/a><\/em><\/p>\n","protected":false},"excerpt":{"rendered":"<p>En el marco de la renovaci\u00f3n de la mesa directiva de la Asociaci\u00f3n de Secretarios de Turismo de M\u00e9xico (Asetur), el secretario de Turismo de Michoac\u00e1n, Roberto Monroy Garc\u00eda, asumir\u00e1 la presidencia del organismo.<\/p>\n","protected":false},"author":1,"featured_media":1264356,"comment_status":"closed","ping_status":"open","sticky":false,"template":"","format":"standard","meta":{"footnotes":""},"categories":[1988,18470],"tags":[4294,19462,16336,16634,17189],"class_list":["post-1264355","post","type-post","status-publish","format-standard","has-post-thumbnail","hentry","category-lifestyles","category-turismo","tag-asociacion-de-secretarios-de-turismo-de-mexico-asetur","tag-roberto-monroy-garcia","tag-sectur-guerrero","tag-simon-quinones-orozco","tag-tianguis-turistico-de-mexico-2026"],"_links":{"self":[{"href":"https:\/\/www.acapulcopress.com\/index.php\/wp-json\/wp\/v2\/posts\/1264355","targetHints":{"allow":["GET"]}}],"collection":[{"href":"https:\/\/www.acapulcopress.com\/index.php\/wp-json\/wp\/v2\/posts"}],"about":[{"href":"https:\/\/www.acapulcopress.com\/index.php\/wp-json\/wp\/v2\/types\/post"}],"author":[{"embeddable":true,"href":"https:\/\/www.acapulcopress.com\/index.php\/wp-json\/wp\/v2\/users\/1"}],"replies":[{"embeddable":true,"href":"https:\/\/www.acapulcopress.com\/index.php\/wp-json\/wp\/v2\/comments?post=1264355"}],"version-history":[{"count":3,"href":"https:\/\/www.acapulcopress.com\/index.php\/wp-json\/wp\/v2\/posts\/1264355\/revisions"}],"predecessor-version":[{"id":1264360,"href":"https:\/\/www.acapulcopress.com\/index.php\/wp-json\/wp\/v2\/posts\/1264355\/revisions\/1264360"}],"wp:featuredmedia":[{"embeddable":true,"href":"https:\/\/www.acapulcopress.com\/index.php\/wp-json\/wp\/v2\/media\/1264356"}],"wp:attachment":[{"href":"https:\/\/www.acapulcopress.com\/index.php\/wp-json\/wp\/v2\/media?parent=1264355"}],"wp:term":[{"taxonomy":"category","embeddable":true,"href":"https:\/\/www.acapulcopress.com\/index.php\/wp-json\/wp\/v2\/categories?post=1264355"},{"taxonomy":"post_tag","embeddable":true,"href":"https:\/\/www.acapulcopress.com\/index.php\/wp-json\/wp\/v2\/tags?post=1264355"}],"curies":[{"name":"wp","href":"https:\/\/api.w.org\/{rel}","templated":true}]}}