{"id":1264370,"date":"2026-05-01T21:51:07","date_gmt":"2026-05-02T03:51:07","guid":{"rendered":"https:\/\/www.acapulcopress.com\/?p=1264370"},"modified":"2026-05-01T21:54:13","modified_gmt":"2026-05-02T03:54:13","slug":"proponen-garantizar-permisos-por-maternidad-en-cabildos-municipales","status":"publish","type":"post","link":"https:\/\/www.acapulcopress.com\/index.php\/2026\/05\/01\/proponen-garantizar-permisos-por-maternidad-en-cabildos-municipales\/","title":{"rendered":"Proponen garantizar permisos por maternidad en cabildos municipales"},"content":{"rendered":"<p>CHILPANCINGO * 1 de mayo, 2026.<br \/>\n<em>) LXIV Legislatura | Guerrero<\/em><br \/>\nEl diputado <strong>Jes\u00fas Parra Garc\u00eda<\/strong> (PRI) present\u00f3 una iniciativa para adicionar dos p\u00e1rrafos al art\u00edculo 91 y el art\u00edculo 245 Bis de la Ley Org\u00e1nica del Municipio Libre del Estado, con el prop\u00f3sito de incorporar disposiciones espec\u00edficas sobre el permiso por maternidad para las integrantes de los Cabildos, garantizando su derecho a descanso pagado, atenci\u00f3n m\u00e9dica y protecci\u00f3n durante el embarazo.<\/p>\n<p>En tribuna, el legislador explic\u00f3 que la propuesta busca armonizar la legislaci\u00f3n estatal con los est\u00e1ndares nacionales e internacionales en materia de derechos humanos y salud materno infantil, fortaleciendo la protecci\u00f3n de la maternidad como una funci\u00f3n social vinculada al desarrollo de la familia y a la participaci\u00f3n pol\u00edtica de las mujeres.<\/p>\n<p>Detall\u00f3 que la iniciativa plantea establecer de manera clara que las ausencias derivadas del embarazo, parto, puerperio o control prenatal no constituyen abandono del cargo, sino que ser\u00e1n consideradas como justificadas, evitando que puedan utilizarse como motivo de sanci\u00f3n, remoci\u00f3n o deslegitimaci\u00f3n de las servidoras p\u00fablicas.<\/p>\n<p>Por ello, subray\u00f3 la importancia de que el Poder Legislativo legisle al respecto para garantizar plenamente los derechos de las mujeres. \u201cCon la aprobaci\u00f3n de esta iniciativa se env\u00eda un mensaje claro de que la maternidad no debe ser motivo de castigo ni obst\u00e1culo para la participaci\u00f3n pol\u00edtica, sino un derecho protegido que fortalece la vida democr\u00e1tica del estado\u201d, finaliz\u00f3 el diputado integrante del Grupo Parlamentario del PRI.<\/p>\n<p>La iniciativa fue turnada a la Comisi\u00f3n de Asuntos Pol\u00edticos y Gobernaci\u00f3n.<br \/>\n<em>)\u00a0<a class=\"x1fey0fg xmper1u x1edh9d7\" href=\"https:\/\/fb.me\/Steparious\">fb.me\/Steparious<\/a>\u00a0|\u00a0<a class=\"x1fey0fg xmper1u x1edh9d7\" href=\"https:\/\/fb.me\/acapulcopress\">fb.me\/acapulcopress<\/a><\/em><\/p>\n","protected":false},"excerpt":{"rendered":"<p>CHILPANCINGO * 1 de mayo, 2026. ) LXIV Legislatura | Guerrero El diputado Jes\u00fas Parra Garc\u00eda (PRI) present\u00f3 una iniciativa para adicionar dos p\u00e1rrafos al art\u00edculo 91 y el art\u00edculo 245 Bis de la Ley Org\u00e1nica del Municipio Libre del Estado, con el prop\u00f3sito de incorporar disposiciones espec\u00edficas sobre el permiso por maternidad para las&#8230;<\/p>\n","protected":false},"author":1,"featured_media":1264371,"comment_status":"closed","ping_status":"open","sticky":false,"template":"","format":"standard","meta":{"footnotes":""},"categories":[2037,61],"tags":[12256],"class_list":["post-1264370","post","type-post","status-publish","format-standard","has-post-thumbnail","hentry","category-congreso-de-guerrero","category-legislacion","tag-lxiv-legislatura-guerrero"],"_links":{"self":[{"href":"https:\/\/www.acapulcopress.com\/index.php\/wp-json\/wp\/v2\/posts\/1264370","targetHints":{"allow":["GET"]}}],"collection":[{"href":"https:\/\/www.acapulcopress.com\/index.php\/wp-json\/wp\/v2\/posts"}],"about":[{"href":"https:\/\/www.acapulcopress.com\/index.php\/wp-json\/wp\/v2\/types\/post"}],"author":[{"embeddable":true,"href":"https:\/\/www.acapulcopress.com\/index.php\/wp-json\/wp\/v2\/users\/1"}],"replies":[{"embeddable":true,"href":"https:\/\/www.acapulcopress.com\/index.php\/wp-json\/wp\/v2\/comments?post=1264370"}],"version-history":[{"count":2,"href":"https:\/\/www.acapulcopress.com\/index.php\/wp-json\/wp\/v2\/posts\/1264370\/revisions"}],"predecessor-version":[{"id":1264373,"href":"https:\/\/www.acapulcopress.com\/index.php\/wp-json\/wp\/v2\/posts\/1264370\/revisions\/1264373"}],"wp:featuredmedia":[{"embeddable":true,"href":"https:\/\/www.acapulcopress.com\/index.php\/wp-json\/wp\/v2\/media\/1264371"}],"wp:attachment":[{"href":"https:\/\/www.acapulcopress.com\/index.php\/wp-json\/wp\/v2\/media?parent=1264370"}],"wp:term":[{"taxonomy":"category","embeddable":true,"href":"https:\/\/www.acapulcopress.com\/index.php\/wp-json\/wp\/v2\/categories?post=1264370"},{"taxonomy":"post_tag","embeddable":true,"href":"https:\/\/www.acapulcopress.com\/index.php\/wp-json\/wp\/v2\/tags?post=1264370"}],"curies":[{"name":"wp","href":"https:\/\/api.w.org\/{rel}","templated":true}]}}