{"id":1265928,"date":"2026-08-31T17:34:18","date_gmt":"2026-08-31T23:34:18","guid":{"rendered":"https:\/\/www.acapulcopress.com\/?p=1265928"},"modified":"2026-08-31T17:53:18","modified_gmt":"2026-08-31T23:53:18","slug":"grecia-quiroz-si-va-por-gubernatura-de-michoacan","status":"publish","type":"post","link":"https:\/\/www.acapulcopress.com\/index.php\/2026\/08\/31\/grecia-quiroz-si-va-por-gubernatura-de-michoacan\/","title":{"rendered":"Grecia Quiroz \u00abS\u00ed va\u00bb por gubernatura de Michoac\u00e1n"},"content":{"rendered":"<p>CIUDAD DE M\u00c9XICO * 31 de agosto de 2026.<br \/>\n<em>) Acapulco Press | Redacci\u00f3n<br \/>\n<\/em>La alcaldesa de Uruapan, <strong>Grecia Itzel Quiroz Garc\u00eda<\/strong>, oficializ\u00f3 en el noticiero <em>Hechos AM<\/em>, de <em>Tv Azteca,<\/em> que s\u00ed buscar\u00e1 la gubernatura de Michoac\u00e1n de forma independiente, aunque dej\u00f3 entrever que el <em>Movimiento del Sombrero<\/em> que la respalda no desechar\u00e1 ninguna participaci\u00f3n ciudadana, as\u00ed provenga de cualquier partido u organizaci\u00f3n pol\u00edtica con presencia local o nacional.<\/p>\n<p>El anuncio ocasion\u00f3 reacciones obvias en la clase pol\u00edtica gobernante al grado que, a pesar del llamado presidencia para no ver <em>TV Azteca<\/em>, el chat del noticiero conducido por el periodista <strong>Manual L\u00f3pez San Martin<\/strong>, se llen\u00f3 de<em> bots<\/em> intentando desacreditar tanto al conductor como a su invitada, pero Grecia Quiroz lo tom\u00f3 con serenidad y normalidad, consciente que (Morena y los que despachan en <em>Palacio Nacional<\/em>) \u00abtienen miedo a que la gente se est\u00e1 organizando\u201d.<\/p>\n<p>Sobre las investigaciones de su esposo, <strong>Carlos Alberto Manzo Rodr\u00edguez<\/strong>, hace casi diez menes ya, la entrevistada dijo que estas se hallan <img loading=\"lazy\" decoding=\"async\" class=\"alignleft size-medium wp-image-1265932\" src=\"https:\/\/www.acapulcopress.com\/wp-content\/uploads\/2026\/08\/calos-manzo-300x405.jpg\" alt=\"\" width=\"300\" height=\"405\" srcset=\"https:\/\/www.acapulcopress.com\/wp-content\/uploads\/2026\/08\/calos-manzo-300x405.jpg 300w, https:\/\/www.acapulcopress.com\/wp-content\/uploads\/2026\/08\/calos-manzo-580x782.jpg 580w, https:\/\/www.acapulcopress.com\/wp-content\/uploads\/2026\/08\/calos-manzo.jpg 702w\" sizes=\"auto, (max-width: 300px) 100vw, 300px\" \/>\u201ccada d\u00eda m\u00e1s lejos de la verdad\u201d.<\/p>\n<p>La \u00abinvestigaci\u00f3n no ha esclarecido qu\u00e9 ocurri\u00f3 realmente\u00bb, asegur\u00f3.<\/p>\n<p>Sobre su participaci\u00f3n en la pr\u00f3xima contienda por la gubernatura del estado de Michoac\u00e1n, tanto el consultor en seguridad p\u00fablica, <strong>David Saucedo<\/strong>, como la polit\u00f3loga de<em> Mexicanos contra la Corrupci\u00f3n<\/em>, <strong>Amaranta Villa<\/strong>, consideraron que \u00abMorena tiembla frente a la alcaldesa de Uruapan porque pierde votos frente a Grecia, y por eso tratan de desacreditarla\u201d.<\/p>\n<p>Durante la entrevista, la viuda de Carlos Manzo explic\u00f3 que asumi\u00f3 un compromiso que ha sido objeto de cr\u00edticas y cuestionamientos, por ello decidi\u00f3 hacer oficial su aspiraci\u00f3n de buscar la gubernatura de Michoac\u00e1n el pr\u00f3ximo a\u00f1o, para cumplir ese compromiso de Manzo con la sociedad independiente y por los mexicanos claman justicia social y paz.<\/p>\n<p>Abandonar la pol\u00edtica y retirarse con su hijo habr\u00eda \u00absignificado &#8211;desde su perspectiva&#8211; traicionar parte de la lucha que, junto con Carlos Manzo, hab\u00edan (emprendido)\u00bb, detall\u00f3.<\/p>\n<p>La presidenta municipal de Uruapan tambi\u00e9n asegur\u00f3 que no est\u00e1 enfrentada con ning\u00fan partido pol\u00edtico, pues considera que \u00aben todos existen personas valiosas\u00bb. Sin embargo, sostuvo que sus \u00abprincipales aliados\u00bb de cara a una eventual candidatura ser\u00edan los \u00abciudadanos\u00bb.<\/p>\n<p>Grecia Quiroz reiter\u00f3, adem\u00e1s, su disposici\u00f3n de colaborar con la Fiscal\u00eda en las investigaciones relacionadas con el caso de Carlos Manzo, \u00a0aunque cuestion\u00f3 que las autoridades pretendan revisar su tel\u00e9fono y, al mismo tiempo, investigarla a ella por el caso, mientras dos de los presuntos implicados, el exgobernador <strong>Leonel Godoy<\/strong> <strong>Rangel<\/strong> y <strong>Ra\u00fal Mor\u00f3n Orozco<\/strong>, senador de Rep\u00fablica por Michoac\u00e1n, sigan tan impunes en sus cargos. Por lo que pidi\u00f3 abrir una Carpeta de Investigaci\u00f3n donde se investigue a ellos, tambi\u00e9n.<\/p>\n<p>A la pregunta de si el r\u00e9gimen y el partido en el poder \u00ab\u00bfle tienen miedo al Movimiento del Sombrero?\u00bb, Grecia contest\u00f3 tajante, pero respetuosa: \u201cLe tienen miedo a que la gente se est\u00e1 organizando\u201d.<br \/>\n<em>|\u00a0<a class=\"x1fey0fg xmper1u x1edh9d7\" href=\"https:\/\/fb.me\/Steparious\">fb.me\/Steparious<\/a>\u00a0|\u00a0<a class=\"x1fey0fg xmper1u x1edh9d7\" href=\"https:\/\/fb.me\/acapulcopress\">fb.me\/acapulcopress<\/a><\/em><\/p>\n","protected":false},"excerpt":{"rendered":"<p>CIUDAD DE M\u00c9XICO * 31 de agosto de 2026. ) Acapulco Press | Redacci\u00f3n La alcaldesa de Uruapan, Grecia Itzel Quiroz Garc\u00eda, oficializ\u00f3 en el noticiero Hechos AM, de Tv Azteca, que s\u00ed buscar\u00e1 la gubernatura de Michoac\u00e1n de forma independiente, aunque dej\u00f3 entrever que el Movimiento del Sombrero que la respalda no desechar\u00e1 ninguna&#8230;<\/p>\n","protected":false},"author":1,"featured_media":1265929,"comment_status":"closed","ping_status":"open","sticky":false,"template":"","format":"standard","meta":{"footnotes":""},"categories":[1997],"tags":[18478,18890,19658,19656,19657,13297,15309,17450],"class_list":["post-1265928","post","type-post","status-publish","format-standard","has-post-thumbnail","hentry","category-noticias-destacadas","tag-carlos-alberto-manzo-rodriguez","tag-grecia-itzel-quiroz-garcia","tag-leonel-godoy-rangel","tag-manual-lopez-san-martin","tag-mexicanos-contra-la-corrupcion","tag-morena","tag-raul-moron-orozco","tag-tv-azteca"],"_links":{"self":[{"href":"https:\/\/www.acapulcopress.com\/index.php\/wp-json\/wp\/v2\/posts\/1265928","targetHints":{"allow":["GET"]}}],"collection":[{"href":"https:\/\/www.acapulcopress.com\/index.php\/wp-json\/wp\/v2\/posts"}],"about":[{"href":"https:\/\/www.acapulcopress.com\/index.php\/wp-json\/wp\/v2\/types\/post"}],"author":[{"embeddable":true,"href":"https:\/\/www.acapulcopress.com\/index.php\/wp-json\/wp\/v2\/users\/1"}],"replies":[{"embeddable":true,"href":"https:\/\/www.acapulcopress.com\/index.php\/wp-json\/wp\/v2\/comments?post=1265928"}],"version-history":[{"count":3,"href":"https:\/\/www.acapulcopress.com\/index.php\/wp-json\/wp\/v2\/posts\/1265928\/revisions"}],"predecessor-version":[{"id":1265933,"href":"https:\/\/www.acapulcopress.com\/index.php\/wp-json\/wp\/v2\/posts\/1265928\/revisions\/1265933"}],"wp:featuredmedia":[{"embeddable":true,"href":"https:\/\/www.acapulcopress.com\/index.php\/wp-json\/wp\/v2\/media\/1265929"}],"wp:attachment":[{"href":"https:\/\/www.acapulcopress.com\/index.php\/wp-json\/wp\/v2\/media?parent=1265928"}],"wp:term":[{"taxonomy":"category","embeddable":true,"href":"https:\/\/www.acapulcopress.com\/index.php\/wp-json\/wp\/v2\/categories?post=1265928"},{"taxonomy":"post_tag","embeddable":true,"href":"https:\/\/www.acapulcopress.com\/index.php\/wp-json\/wp\/v2\/tags?post=1265928"}],"curies":[{"name":"wp","href":"https:\/\/api.w.org\/{rel}","templated":true}]}}