{"id":1265937,"date":"2026-08-31T19:53:09","date_gmt":"2026-09-01T01:53:09","guid":{"rendered":"https:\/\/www.acapulcopress.com\/?p=1265937"},"modified":"2026-08-31T20:03:18","modified_gmt":"2026-09-01T02:03:18","slug":"evelyn-salgado-declaro-inicio-oficial-del-ciclo-escolar-2026-2027","status":"publish","type":"post","link":"https:\/\/www.acapulcopress.com\/index.php\/2026\/08\/31\/evelyn-salgado-declaro-inicio-oficial-del-ciclo-escolar-2026-2027\/","title":{"rendered":"Evelyn Salgado declar\u00f3 inicio oficial del ciclo escolar 2026-2027"},"content":{"rendered":"<p>CHILPANCINGO * 31 de agosto de 2026.<br \/>\n<em>) Gobierno de Guerrero\u00a0<\/em><br \/>\nCon el regreso a clases de m\u00e1s de 900 mil estudiantes de educaci\u00f3n b\u00e1sica, media superior y superior, la gobernadora <strong>Evelyn Salgado Pineda<\/strong> encabez\u00f3 el inicio del Ciclo Escolar 2026-2027 desde la Escuela Primaria \u201cPrimer Congreso de An\u00e1huac\u201d, en Chilpancingo.<\/p>\n<p>La mandataria estatal destac\u00f3 que este nuevo ciclo escol<img loading=\"lazy\" decoding=\"async\" class=\"alignleft size-medium wp-image-1265958\" src=\"https:\/\/www.acapulcopress.com\/wp-content\/uploads\/2026\/08\/ciclo-escolar-3026-302720-300x200.jpeg\" alt=\"\" width=\"300\" height=\"200\" srcset=\"https:\/\/www.acapulcopress.com\/wp-content\/uploads\/2026\/08\/ciclo-escolar-3026-302720-300x200.jpeg 300w, https:\/\/www.acapulcopress.com\/wp-content\/uploads\/2026\/08\/ciclo-escolar-3026-302720-1024x682.jpeg 1024w, https:\/\/www.acapulcopress.com\/wp-content\/uploads\/2026\/08\/ciclo-escolar-3026-302720-768x512.jpeg 768w, https:\/\/www.acapulcopress.com\/wp-content\/uploads\/2026\/08\/ciclo-escolar-3026-302720-580x387.jpeg 580w, https:\/\/www.acapulcopress.com\/wp-content\/uploads\/2026\/08\/ciclo-escolar-3026-302720-860x573.jpeg 860w, https:\/\/www.acapulcopress.com\/wp-content\/uploads\/2026\/08\/ciclo-escolar-3026-302720-1160x773.jpeg 1160w, https:\/\/www.acapulcopress.com\/wp-content\/uploads\/2026\/08\/ciclo-escolar-3026-302720.jpeg 1280w\" sizes=\"auto, (max-width: 300px) 100vw, 300px\" \/>ar da inicio con la prioridad de garantizar que ni\u00f1as, ni\u00f1os y j\u00f3venes permanezcan en las aulas, al tiempo que se fortalecen las condiciones para su bienestar, convivencia y aprendizaje.<\/p>\n<p>\u201cEste regreso a clases, para nosotros lo m\u00e1s importante es que las ni\u00f1as, los ni\u00f1os y j\u00f3venes est\u00e9n en las escuelas. Queremos que se sigan preparando porque creemos firmemente que la educaci\u00f3n es la herramienta m\u00e1s poderosa que tenemos para cambiar y transformar Guerrero\u201d, afirm\u00f3 la mandataria estatal.<\/p>\n<p>La gobernadora destac\u00f3 que este nuevo ciclo escolar inicia con dos acciones enfocadas en atender nuevos retos de la educaci\u00f3n en Guerrero: el Protocolo de Uso Responsable de Dispositivos M\u00f3viles en Educaci\u00f3n B\u00e1sica y Media Superior, y la Estrategia Nacional \u201cEl ABC de las emociones\u00bb.<\/p>\n<p><img loading=\"lazy\" decoding=\"async\" class=\"alignleft size-medium wp-image-1265955\" src=\"https:\/\/www.acapulcopress.com\/wp-content\/uploads\/2026\/08\/ciclo-escolar-3026-302717-300x200.jpeg\" alt=\"\" width=\"300\" height=\"200\" srcset=\"https:\/\/www.acapulcopress.com\/wp-content\/uploads\/2026\/08\/ciclo-escolar-3026-302717-300x200.jpeg 300w, https:\/\/www.acapulcopress.com\/wp-content\/uploads\/2026\/08\/ciclo-escolar-3026-302717-1024x682.jpeg 1024w, https:\/\/www.acapulcopress.com\/wp-content\/uploads\/2026\/08\/ciclo-escolar-3026-302717-768x512.jpeg 768w, https:\/\/www.acapulcopress.com\/wp-content\/uploads\/2026\/08\/ciclo-escolar-3026-302717-580x387.jpeg 580w, https:\/\/www.acapulcopress.com\/wp-content\/uploads\/2026\/08\/ciclo-escolar-3026-302717-860x573.jpeg 860w, https:\/\/www.acapulcopress.com\/wp-content\/uploads\/2026\/08\/ciclo-escolar-3026-302717-1160x773.jpeg 1160w, https:\/\/www.acapulcopress.com\/wp-content\/uploads\/2026\/08\/ciclo-escolar-3026-302717.jpeg 1280w\" sizes=\"auto, (max-width: 300px) 100vw, 300px\" \/>El secretario de Educaci\u00f3n Guerrero, Ricardo Castillo Pe\u00f1a, explic\u00f3 que el protocolo de uso responsable de dispositivos m\u00f3viles coloca a Guerrero como el segundo estado del pa\u00eds en contar con un instrumento de este tipo, dise\u00f1ado para prevenir riesgos asociados al uso inadecuado de la tecnolog\u00eda y permitir una intervenci\u00f3n oportuna ante situaciones de ciberacoso y violencia digital.<\/p>\n<p>Adem\u00e1s, la estrategia nacional \u201cEl ABC de las emociones\u201d implementada en 2 mil 900 escuelas de Guerrero, busca fortalecer el bienestar emocional de las y los estudiantes mediante materiales de trabajo dirigidos a alumnas y alumnos, docentes y familias.<\/p>\n<p>Con ambas acciones, el inicio del ciclo escolar incorpora no solamente el regreso f\u00edsico a las aulas, sino tambi\u00e9n herramientas para enfrentar los desaf\u00edos de la convivencia digital y el bienestar emocional de la comunidad estudiantil, afirm\u00f3 el titular de la SEG.<\/p>\n<p><img loading=\"lazy\" decoding=\"async\" class=\"alignleft size-medium wp-image-1265954\" src=\"https:\/\/www.acapulcopress.com\/wp-content\/uploads\/2026\/08\/ciclo-escolar-3026-302716-300x200.jpeg\" alt=\"\" width=\"300\" height=\"200\" srcset=\"https:\/\/www.acapulcopress.com\/wp-content\/uploads\/2026\/08\/ciclo-escolar-3026-302716-300x200.jpeg 300w, https:\/\/www.acapulcopress.com\/wp-content\/uploads\/2026\/08\/ciclo-escolar-3026-302716-1024x682.jpeg 1024w, https:\/\/www.acapulcopress.com\/wp-content\/uploads\/2026\/08\/ciclo-escolar-3026-302716-768x512.jpeg 768w, https:\/\/www.acapulcopress.com\/wp-content\/uploads\/2026\/08\/ciclo-escolar-3026-302716-580x387.jpeg 580w, https:\/\/www.acapulcopress.com\/wp-content\/uploads\/2026\/08\/ciclo-escolar-3026-302716-860x573.jpeg 860w, https:\/\/www.acapulcopress.com\/wp-content\/uploads\/2026\/08\/ciclo-escolar-3026-302716-1160x773.jpeg 1160w, https:\/\/www.acapulcopress.com\/wp-content\/uploads\/2026\/08\/ciclo-escolar-3026-302716.jpeg 1280w\" sizes=\"auto, (max-width: 300px) 100vw, 300px\" \/>La gobernadora destac\u00f3 que el nuevo ciclo escolar recibir\u00e1 a m\u00e1s de 700 mil estudiantes de educaci\u00f3n b\u00e1sica, 144 mil de nivel preparatoria y m\u00e1s de 90 mil universitarios contin\u00faan su formaci\u00f3n acad\u00e9mica, en un total de 11 mil 170 escuelas distribuidas en las ocho regiones del estado.<\/p>\n<p>Durante la ceremonia, Evelyn Salgado realiz\u00f3 la entrega simb\u00f3lica de paquetes de Libros de Texto Gratuitos y destac\u00f3 que su gobierno mantendr\u00e1 el trabajo para mejorar las condiciones de los planteles y atender las necesidades de las comunidades educativas.<\/p>\n<p>La gobernadora se\u00f1al\u00f3 que sus recorridos por las escuelas tienen como prop\u00f3sito conocer directamente sus necesidades y construir un diagn\u00f3stico de la realidad educativa en las distintas regiones, ciudades, localidades y planteles de Guerrero.<\/p>\n<p><img loading=\"lazy\" decoding=\"async\" class=\"alignleft size-medium wp-image-1265951\" src=\"https:\/\/www.acapulcopress.com\/wp-content\/uploads\/2026\/08\/ciclo-escolar-3026-302713-300x200.jpeg\" alt=\"\" width=\"300\" height=\"200\" srcset=\"https:\/\/www.acapulcopress.com\/wp-content\/uploads\/2026\/08\/ciclo-escolar-3026-302713-300x200.jpeg 300w, https:\/\/www.acapulcopress.com\/wp-content\/uploads\/2026\/08\/ciclo-escolar-3026-302713-1024x682.jpeg 1024w, https:\/\/www.acapulcopress.com\/wp-content\/uploads\/2026\/08\/ciclo-escolar-3026-302713-768x512.jpeg 768w, https:\/\/www.acapulcopress.com\/wp-content\/uploads\/2026\/08\/ciclo-escolar-3026-302713-580x387.jpeg 580w, https:\/\/www.acapulcopress.com\/wp-content\/uploads\/2026\/08\/ciclo-escolar-3026-302713-860x573.jpeg 860w, https:\/\/www.acapulcopress.com\/wp-content\/uploads\/2026\/08\/ciclo-escolar-3026-302713-1160x773.jpeg 1160w, https:\/\/www.acapulcopress.com\/wp-content\/uploads\/2026\/08\/ciclo-escolar-3026-302713.jpeg 1280w\" sizes=\"auto, (max-width: 300px) 100vw, 300px\" \/>\u201cVamos a seguir trabajando con mucho compromiso y cari\u00f1o por la educaci\u00f3n y el bienestar de la ni\u00f1ez. Quiero desearles un ciclo escolar lleno de aprendizaje, nuevas experiencias, amigas, amigos y muchos momentos felices. Cuentan con la gobernadora y el Gobierno del Estado\u201d, expres\u00f3.<\/p>\n<p>En la escuela Primaria \u201cPrimer Congreso de An\u00e1huac\u201d, la mandataria inform\u00f3 adem\u00e1s sobre los trabajos de rehabilitaci\u00f3n del edificio B, que contempla 13 aulas y servicios sanitarios, en beneficio de m\u00e1s de 700 estudiantes.<\/p>\n<p>Al acto asistieron la presidenta del Sistema DIF Guerrero, Liz Salgado Pineda; el director general del IGIFE, Enrique Ram\u00edrez Barrios; los diputados Jes\u00fas Uri\u00f3stegui Garc\u00eda y P\u00e1nfilo S\u00e1nchez Almaz\u00e1n; el secretario general del SUSPEG, Javier del Carmen Vel\u00e1zquez Pat; el secretario general de la Secci\u00f3n 14 del SNTE, Silvano Palacios Salgado, as\u00ed como autoridades directivas del plantel.<\/p>\n<p><img loading=\"lazy\" decoding=\"async\" class=\"alignnone wp-image-1265950 size-cmsmasters-full-thumb\" src=\"https:\/\/www.acapulcopress.com\/wp-content\/uploads\/2026\/08\/ciclo-escolar-3026-302712-1160x715.jpeg\" alt=\"\" width=\"1160\" height=\"715\" \/><\/p>\n<p><img loading=\"lazy\" decoding=\"async\" class=\"alignnone wp-image-1265949 size-cmsmasters-full-thumb\" src=\"https:\/\/www.acapulcopress.com\/wp-content\/uploads\/2026\/08\/ciclo-escolar-3026-302711-1160x715.jpeg\" alt=\"\" width=\"1160\" height=\"715\" \/><\/p>\n<p><img loading=\"lazy\" decoding=\"async\" class=\"alignnone wp-image-1265948 size-cmsmasters-full-thumb\" src=\"https:\/\/www.acapulcopress.com\/wp-content\/uploads\/2026\/08\/ciclo-escolar-3026-302710-1160x715.jpeg\" alt=\"\" width=\"1160\" height=\"715\" \/><\/p>\n<p><img loading=\"lazy\" decoding=\"async\" class=\"alignnone wp-image-1265944 size-cmsmasters-full-thumb\" src=\"https:\/\/www.acapulcopress.com\/wp-content\/uploads\/2026\/08\/ciclo-escolar-3026-30276-1160x715.jpeg\" alt=\"\" width=\"1160\" height=\"715\" \/><\/p>\n<p><img loading=\"lazy\" decoding=\"async\" class=\"alignnone wp-image-1265946 size-cmsmasters-full-thumb\" src=\"https:\/\/www.acapulcopress.com\/wp-content\/uploads\/2026\/08\/ciclo-escolar-3026-30278-1160x715.jpeg\" alt=\"\" width=\"1160\" height=\"715\" \/><\/p>\n<p><em>|\u00a0<a class=\"x1fey0fg xmper1u x1edh9d7\" href=\"https:\/\/fb.me\/Steparious\">fb.me\/Steparious<\/a>\u00a0|\u00a0<a class=\"x1fey0fg xmper1u x1edh9d7\" href=\"https:\/\/fb.me\/acapulcopress\">fb.me\/acapulcopress<\/a><\/em><\/p>\n","protected":false},"excerpt":{"rendered":"<p>CHILPANCINGO * 31 de agosto de 2026. ) Gobierno de Guerrero\u00a0 Con el regreso a clases de m\u00e1s de 900 mil estudiantes de educaci\u00f3n b\u00e1sica, media superior y superior, la gobernadora Evelyn Salgado Pineda encabez\u00f3 el inicio del Ciclo Escolar 2026-2027 desde la Escuela Primaria \u201cPrimer Congreso de An\u00e1huac\u201d, en Chilpancingo. La mandataria estatal destac\u00f3&#8230;<\/p>\n","protected":false},"author":1,"featured_media":1265938,"comment_status":"closed","ping_status":"open","sticky":false,"template":"","format":"standard","meta":{"footnotes":""},"categories":[1980,1983],"tags":[8251],"class_list":["post-1265937","post","type-post","status-publish","format-standard","has-post-thumbnail","hentry","category-goverment-2","category-guerrerogob","tag-evelyn-salgado-pineda"],"_links":{"self":[{"href":"https:\/\/www.acapulcopress.com\/index.php\/wp-json\/wp\/v2\/posts\/1265937","targetHints":{"allow":["GET"]}}],"collection":[{"href":"https:\/\/www.acapulcopress.com\/index.php\/wp-json\/wp\/v2\/posts"}],"about":[{"href":"https:\/\/www.acapulcopress.com\/index.php\/wp-json\/wp\/v2\/types\/post"}],"author":[{"embeddable":true,"href":"https:\/\/www.acapulcopress.com\/index.php\/wp-json\/wp\/v2\/users\/1"}],"replies":[{"embeddable":true,"href":"https:\/\/www.acapulcopress.com\/index.php\/wp-json\/wp\/v2\/comments?post=1265937"}],"version-history":[{"count":1,"href":"https:\/\/www.acapulcopress.com\/index.php\/wp-json\/wp\/v2\/posts\/1265937\/revisions"}],"predecessor-version":[{"id":1265959,"href":"https:\/\/www.acapulcopress.com\/index.php\/wp-json\/wp\/v2\/posts\/1265937\/revisions\/1265959"}],"wp:featuredmedia":[{"embeddable":true,"href":"https:\/\/www.acapulcopress.com\/index.php\/wp-json\/wp\/v2\/media\/1265938"}],"wp:attachment":[{"href":"https:\/\/www.acapulcopress.com\/index.php\/wp-json\/wp\/v2\/media?parent=1265937"}],"wp:term":[{"taxonomy":"category","embeddable":true,"href":"https:\/\/www.acapulcopress.com\/index.php\/wp-json\/wp\/v2\/categories?post=1265937"},{"taxonomy":"post_tag","embeddable":true,"href":"https:\/\/www.acapulcopress.com\/index.php\/wp-json\/wp\/v2\/tags?post=1265937"}],"curies":[{"name":"wp","href":"https:\/\/api.w.org\/{rel}","templated":true}]}}