{"id":1265964,"date":"2026-09-01T09:36:06","date_gmt":"2026-09-01T15:36:06","guid":{"rendered":"https:\/\/www.acapulcopress.com\/?p=1265964"},"modified":"2026-09-01T10:08:29","modified_gmt":"2026-09-01T16:08:29","slug":"rechaza-amlo-medallita-de-jacko-badillo","status":"publish","type":"post","link":"https:\/\/www.acapulcopress.com\/index.php\/2026\/09\/01\/rechaza-amlo-medallita-de-jacko-badillo\/","title":{"rendered":"\u00a1Rechaza AMLO &#8216;medallita&#8217; de #Jacko Badillo!"},"content":{"rendered":"<p><strong><em>* Dice el presidente de la Jucopo del Congreso del Estado que el expresidente le agradeci\u00f3 la distinci\u00f3n pero que por ahora se mantiene alejado de la pol\u00edtica y no podr\u00eda asistir a la ceremonia de premiaci\u00f3n<\/em><\/strong><\/p>\n<p>\u00bb <strong>Marcial<\/strong> \/ <strong>Campuzano\u00a0\u00a0<\/strong><br \/>\nCHILPANCINGO * 1 de septiembre 2026<br \/>\nLa propuesta para entregar al expresidente <strong>Andr\u00e9s Manuel L\u00f3pez Obrador<\/strong> la presea <em>Sentimientos de la Naci\u00f3n<\/em> qued\u00f3 formalmente sin efecto, confirm\u00f3 el presidente de la J<em>unta de Coordinaci\u00f3n Pol\u00edtica (Jucopo)<\/em> del Congreso de Guerrero, <strong>Joaqu\u00edn Vadillo Escamilla<\/strong>, quien asegur\u00f3 que el exmandatario agradeci\u00f3 la distinci\u00f3n, pero mantiene su decisi\u00f3n de permanecer alejado de la vida p\u00fablica.<\/p>\n<p>El coordinador de Morena en el Congreso estatal precis\u00f3 que la propuesta surgi\u00f3 como una posibilidad planteada por integrantes de su grupo parlamentario, y que en ning\u00fan momento se trat\u00f3 de una imposici\u00f3n de la mayor\u00eda legislativa, adem\u00e1s, explic\u00f3 que cualquier diputado puede proponer a una persona que considere re\u00fane los m\u00e9ritos para recibir el m\u00e1ximo reconocimiento que entrega el Poder Legislativo de Guerrero.<\/p>\n<p>Vadillo Escamilla sostuvo que L\u00f3pez Obrador era considerado por Morena como un posible recipiendario debido al legado pol\u00edtico y social que, desde su perspectiva, dej\u00f3 en Guerrero y en el pa\u00eds, sin embargo, reconoci\u00f3 que desde que concluy\u00f3 su mandato presidencial el tabasque\u00f1o anunci\u00f3 su retiro de las actividades p\u00fablicas y esa determinaci\u00f3n fue respetada.<\/p>\n<p>El legislador busc\u00f3 cerrar la pol\u00e9mica generada por la propuesta y afirm\u00f3 que no existe intenci\u00f3n de provocar una confrontaci\u00f3n pol\u00edtica alrededor de la presea, subray\u00f3 que la distinci\u00f3n no ser\u00e1 utilizada como un mecanismo de imposici\u00f3n partidista y que el procedimiento continuar\u00e1 conforme a las reglas establecidas para determinar al pr\u00f3ximo recipiendario.<br \/>\n<em>|\u00a0<a class=\"x1fey0fg xmper1u x1edh9d7\" href=\"https:\/\/fb.me\/Steparious\">fb.me\/Steparious<\/a>\u00a0|\u00a0<a class=\"x1fey0fg xmper1u x1edh9d7\" href=\"https:\/\/fb.me\/acapulcopress\">fb.me\/acapulcopress<\/a><\/em><\/p>\n","protected":false},"excerpt":{"rendered":"<p>* Dice el presidente de la Jucopo del Congreso del Estado que el expresidente le agradeci\u00f3 la distinci\u00f3n pero que por ahora se mantiene alejado de la pol\u00edtica y no podr\u00eda asistir a la ceremonia de premiaci\u00f3n \u00bb Marcial \/ Campuzano\u00a0\u00a0 CHILPANCINGO * 1 de septiembre 2026 La propuesta para entregar al expresidente Andr\u00e9s Manuel&#8230;<\/p>\n","protected":false},"author":1,"featured_media":1265965,"comment_status":"closed","ping_status":"open","sticky":false,"template":"","format":"standard","meta":{"footnotes":""},"categories":[1997],"tags":[3896,4731,19659,13297,16484],"class_list":["post-1265964","post","type-post","status-publish","format-standard","has-post-thumbnail","hentry","category-noticias-destacadas","tag-andres-manuel-lopez-obrador","tag-biblioteca-del-congreso-de-guerrero","tag-joaquin-vadillo-escamilla","tag-morena","tag-sentimientos-de-la-nacion"],"_links":{"self":[{"href":"https:\/\/www.acapulcopress.com\/index.php\/wp-json\/wp\/v2\/posts\/1265964","targetHints":{"allow":["GET"]}}],"collection":[{"href":"https:\/\/www.acapulcopress.com\/index.php\/wp-json\/wp\/v2\/posts"}],"about":[{"href":"https:\/\/www.acapulcopress.com\/index.php\/wp-json\/wp\/v2\/types\/post"}],"author":[{"embeddable":true,"href":"https:\/\/www.acapulcopress.com\/index.php\/wp-json\/wp\/v2\/users\/1"}],"replies":[{"embeddable":true,"href":"https:\/\/www.acapulcopress.com\/index.php\/wp-json\/wp\/v2\/comments?post=1265964"}],"version-history":[{"count":5,"href":"https:\/\/www.acapulcopress.com\/index.php\/wp-json\/wp\/v2\/posts\/1265964\/revisions"}],"predecessor-version":[{"id":1265970,"href":"https:\/\/www.acapulcopress.com\/index.php\/wp-json\/wp\/v2\/posts\/1265964\/revisions\/1265970"}],"wp:featuredmedia":[{"embeddable":true,"href":"https:\/\/www.acapulcopress.com\/index.php\/wp-json\/wp\/v2\/media\/1265965"}],"wp:attachment":[{"href":"https:\/\/www.acapulcopress.com\/index.php\/wp-json\/wp\/v2\/media?parent=1265964"}],"wp:term":[{"taxonomy":"category","embeddable":true,"href":"https:\/\/www.acapulcopress.com\/index.php\/wp-json\/wp\/v2\/categories?post=1265964"},{"taxonomy":"post_tag","embeddable":true,"href":"https:\/\/www.acapulcopress.com\/index.php\/wp-json\/wp\/v2\/tags?post=1265964"}],"curies":[{"name":"wp","href":"https:\/\/api.w.org\/{rel}","templated":true}]}}