{"id":1265971,"date":"2026-09-01T20:04:39","date_gmt":"2026-09-02T02:04:39","guid":{"rendered":"https:\/\/www.acapulcopress.com\/?p=1265971"},"modified":"2026-09-01T20:04:39","modified_gmt":"2026-09-02T02:04:39","slug":"califica-evelyn-salgado-de-historico-el-ii-informe-de-sheinbaum","status":"publish","type":"post","link":"https:\/\/www.acapulcopress.com\/index.php\/2026\/09\/01\/califica-evelyn-salgado-de-historico-el-ii-informe-de-sheinbaum\/","title":{"rendered":"Califica Evelyn Salgado de hist\u00f3rico el II Informe de Sheinbaum"},"content":{"rendered":"<p>CIUDAD DE M\u00c9XICO * 1 de septiembre 2026.<br \/>\n<em>) Gobierno de Guerrero<\/em><br \/>\nLa gobernadora de Guerrero, <strong>Evelyn Salgado Pineda<\/strong>, acompa\u00f1\u00f3 a la presidenta de M\u00e9xico,<strong> Claudia Sheinbaum Pardo<\/strong>, durante su Segundo Informe de Gobierno, en un acto que destac\u00f3 los avances y resultados de la transformaci\u00f3n que impulsa el segundo piso de la transformaci\u00f3n del pa\u00eds.<\/p>\n<p>Salgado Pineda reconoci\u00f3 que en Guerrero la transformaci\u00f3n se refleja en obras, acciones de bienestar y nuevas oportunidades para las familias, al tiempo que agradeci\u00f3 a la presidenta su respaldo permanente al estado.<\/p>\n<p>\u201cGracias por mirar siempre hacia Guerrero y caminar de la mano de nuestro pueblo\u201d, expres\u00f3 la gobernadora, quien calific\u00f3 este informe como un momento hist\u00f3rico y refrend\u00f3 su compromiso de seguir trabajando por un M\u00e9xico con m\u00e1s justicia, igualdad y desarrollo. \u201cQu\u00e9 orgullo ser parte de esta historia\u201d, expres\u00f3 Evelyn Salgado.<br \/>\n<em>|\u00a0<a class=\"x1fey0fg xmper1u x1edh9d7\" href=\"https:\/\/fb.me\/Steparious\">fb.me\/Steparious<\/a>\u00a0|\u00a0<a class=\"x1fey0fg xmper1u x1edh9d7\" href=\"https:\/\/fb.me\/acapulcopress\">fb.me\/acapulcopress<\/a><\/em><\/p>\n","protected":false},"excerpt":{"rendered":"<p>CIUDAD DE M\u00c9XICO * 1 de septiembre 2026. ) Gobierno de Guerrero La gobernadora de Guerrero, Evelyn Salgado Pineda, acompa\u00f1\u00f3 a la presidenta de M\u00e9xico, Claudia Sheinbaum Pardo, durante su Segundo Informe de Gobierno, en un acto que destac\u00f3 los avances y resultados de la transformaci\u00f3n que impulsa el segundo piso de la transformaci\u00f3n del&#8230;<\/p>\n","protected":false},"author":1,"featured_media":1265972,"comment_status":"closed","ping_status":"open","sticky":false,"template":"","format":"standard","meta":{"footnotes":""},"categories":[1980,1983],"tags":[5853,8251],"class_list":["post-1265971","post","type-post","status-publish","format-standard","has-post-thumbnail","hentry","category-goverment-2","category-guerrerogob","tag-claudia-sheinbaum-pardo","tag-evelyn-salgado-pineda"],"_links":{"self":[{"href":"https:\/\/www.acapulcopress.com\/index.php\/wp-json\/wp\/v2\/posts\/1265971","targetHints":{"allow":["GET"]}}],"collection":[{"href":"https:\/\/www.acapulcopress.com\/index.php\/wp-json\/wp\/v2\/posts"}],"about":[{"href":"https:\/\/www.acapulcopress.com\/index.php\/wp-json\/wp\/v2\/types\/post"}],"author":[{"embeddable":true,"href":"https:\/\/www.acapulcopress.com\/index.php\/wp-json\/wp\/v2\/users\/1"}],"replies":[{"embeddable":true,"href":"https:\/\/www.acapulcopress.com\/index.php\/wp-json\/wp\/v2\/comments?post=1265971"}],"version-history":[{"count":1,"href":"https:\/\/www.acapulcopress.com\/index.php\/wp-json\/wp\/v2\/posts\/1265971\/revisions"}],"predecessor-version":[{"id":1265973,"href":"https:\/\/www.acapulcopress.com\/index.php\/wp-json\/wp\/v2\/posts\/1265971\/revisions\/1265973"}],"wp:featuredmedia":[{"embeddable":true,"href":"https:\/\/www.acapulcopress.com\/index.php\/wp-json\/wp\/v2\/media\/1265972"}],"wp:attachment":[{"href":"https:\/\/www.acapulcopress.com\/index.php\/wp-json\/wp\/v2\/media?parent=1265971"}],"wp:term":[{"taxonomy":"category","embeddable":true,"href":"https:\/\/www.acapulcopress.com\/index.php\/wp-json\/wp\/v2\/categories?post=1265971"},{"taxonomy":"post_tag","embeddable":true,"href":"https:\/\/www.acapulcopress.com\/index.php\/wp-json\/wp\/v2\/tags?post=1265971"}],"curies":[{"name":"wp","href":"https:\/\/api.w.org\/{rel}","templated":true}]}}