{"id":1265979,"date":"2026-09-02T20:27:05","date_gmt":"2026-09-03T02:27:05","guid":{"rendered":"https:\/\/www.acapulcopress.com\/?p=1265979"},"modified":"2026-09-02T20:43:56","modified_gmt":"2026-09-03T02:43:56","slug":"entrego-evelyn-salgado-nombramientos-de-plazas-trabajadores-de-la-educacion","status":"publish","type":"post","link":"https:\/\/www.acapulcopress.com\/index.php\/2026\/09\/02\/entrego-evelyn-salgado-nombramientos-de-plazas-trabajadores-de-la-educacion\/","title":{"rendered":"Entreg\u00f3 Evelyn Salgado nombramientos de plazas trabajadores de la educaci\u00f3n"},"content":{"rendered":"<p>CHILPANCINGO * 2 de septiembre 2026.<br \/>\n<em>) Gobierno de Guerrero<\/em><br \/>\nCon la entrega de nombramientos de regularizaci\u00f3n de plazas, recategorizaciones y atenci\u00f3n a demandas laborales que permanecieron pendientes durante d\u00e9cadas, la gobernadora <strong>Evelyn Salgado Pineda<\/strong> se\u00f1al\u00f3 que Guerrero avanza en la justicia social y laboral para el magisterio, atendiendo los rezagos hist\u00f3ricos en el sector educativo.<\/p>\n<p>Durante la entrega de nombramientos a personal con funciones directivas y de supervisi\u00f3n, la gobernadora Evelyn Salgado afirm\u00f3 que estas acciones representan un reconocimiento al trabajo de quienes durante a\u00f1os han sostenido el funcionamiento de las escuelas sin contar con la categor\u00eda laboral que les corresponde.<\/p>\n<p>\u201cHoy, este gobierno de transformaci\u00f3n est\u00e1 haciendo un acto de justicia social y laboral para el magisterio. Es un reconocimiento a cada d\u00eda de trabajo; no hay educaci\u00f3n sin liderazgo ni transformaci\u00f3n sin reconocer a quienes realmente dan vida al sistema educativo\u201d, expres\u00f3 la mandataria estatal.<\/p>\n<p>Adem\u00e1s, destac\u00f3 que su gobierno ha mantenido una ruta permanente de di\u00e1logo y atenci\u00f3n con el sector educativo, lo que ha permitido resolver casos y procesos que durante m\u00e1s de 30 a\u00f1os permanecieron sin respuesta.<\/p>\n<p>Salgado Pineda se\u00f1al\u00f3 que su administraci\u00f3n trabaja para que al t\u00e9rmino de su gesti\u00f3n no queden pendientes hist\u00f3ricos relacionados con demandas leg\u00edtimas del magisterio.<\/p>\n<p>\u201cEn Guerrero creemos en una educaci\u00f3n que pone en el centro a las ni\u00f1as, ni\u00f1os y j\u00f3venes, que reconozca y valore a quienes todos los d\u00edas hacen posible que nuestras escuelas sigan adelante\u201d, expres\u00f3 la gobernadora.<\/p>\n<p>El secretario de Educaci\u00f3n Guerrero, Ricardo Castillo Pe\u00f1a, indic\u00f3 que, con esta segunda entrega de 136 nombramientos a personal directivo y de supervisi\u00f3n, con lo que suman 316 nombramientos entregados durante el proceso iniciado en febrero, cuando se otorgaron otros 180.<\/p>\n<p>Castillo Pe\u00f1a, explic\u00f3 que algunos de los trabajadores beneficiados han desempe\u00f1ado durante d\u00e9cadas funciones de direcci\u00f3n, supervisi\u00f3n y acompa\u00f1amiento docente, incluso desde la d\u00e9cada de los noventa, sin contar con la categor\u00eda correspondiente.<\/p>\n<p>Explic\u00f3 que la federaci\u00f3n aprob\u00f3 el proceso de regularizaci\u00f3n del personal que desempe\u00f1a funciones directivas y de supervisi\u00f3n, lo que permiti\u00f3 avanzar en la atenci\u00f3n de este pendiente laboral.<\/p>\n<p>Adem\u00e1s, destac\u00f3 que por instrucciones de la gobernadora Evelyn Salgado Pineda, las recategorizaciones, el pago de adeudos hist\u00f3ricos y la regularizaci\u00f3n de plazas forman parte de una misma estrategia para otorgar certeza laboral a quienes trabajan en la educaci\u00f3n p\u00fablica.<\/p>\n<p>A\u00f1adi\u00f3 que, desde el inicio de la administraci\u00f3n de Evelyn Salgado Pineda, el 15 de octubre de 2021, no se ha otorgado ninguna plaza sin techo presupuestal y, por el contrario, mil 872 trabajadores fueron incorporados al Fondo de Aportaciones para la N\u00f3mina Educativa y Gasto Operativo (FONE).<\/p>\n<p>Asimismo, inform\u00f3 que fueron regularizados mil 515 trabajadores que contaban con claves bajas, otro de los problemas que se hab\u00edan acumulado durante d\u00e9cadas en el sistema educativo estatal.<\/p>\n<p>Asistieron al evento el secretario de la Secci\u00f3n 14 del SNTE, Silvano Palacios Salgado; el presidente del Tribunal Superior de Justicia, Ricardo Salinas Sandoval; la presidenta del Sistema DIF Guerrero, Liz Salgado Pineda y el diputado P\u00e1nfilo S\u00e1nchez Almaz\u00e1n, entre otros funcionarios estatales.<br \/>\n<em>|\u00a0<a class=\"x1fey0fg xmper1u x1edh9d7\" href=\"https:\/\/fb.me\/Steparious\">fb.me\/Steparious<\/a>\u00a0|\u00a0<a class=\"x1fey0fg xmper1u x1edh9d7\" href=\"https:\/\/fb.me\/acapulcopress\">fb.me\/acapulcopress<\/a><\/em><\/p>\n","protected":false},"excerpt":{"rendered":"<p>CHILPANCINGO * 2 de septiembre 2026. ) Gobierno de Guerrero Con la entrega de nombramientos de regularizaci\u00f3n de plazas, recategorizaciones y atenci\u00f3n a demandas laborales que permanecieron pendientes durante d\u00e9cadas, la gobernadora Evelyn Salgado Pineda se\u00f1al\u00f3 que Guerrero avanza en la justicia social y laboral para el magisterio, atendiendo los rezagos hist\u00f3ricos en el sector&#8230;<\/p>\n","protected":false},"author":1,"featured_media":1265980,"comment_status":"closed","ping_status":"open","sticky":false,"template":"","format":"standard","meta":{"footnotes":""},"categories":[1980,1983],"tags":[8251],"class_list":["post-1265979","post","type-post","status-publish","format-standard","has-post-thumbnail","hentry","category-goverment-2","category-guerrerogob","tag-evelyn-salgado-pineda"],"_links":{"self":[{"href":"https:\/\/www.acapulcopress.com\/index.php\/wp-json\/wp\/v2\/posts\/1265979","targetHints":{"allow":["GET"]}}],"collection":[{"href":"https:\/\/www.acapulcopress.com\/index.php\/wp-json\/wp\/v2\/posts"}],"about":[{"href":"https:\/\/www.acapulcopress.com\/index.php\/wp-json\/wp\/v2\/types\/post"}],"author":[{"embeddable":true,"href":"https:\/\/www.acapulcopress.com\/index.php\/wp-json\/wp\/v2\/users\/1"}],"replies":[{"embeddable":true,"href":"https:\/\/www.acapulcopress.com\/index.php\/wp-json\/wp\/v2\/comments?post=1265979"}],"version-history":[{"count":2,"href":"https:\/\/www.acapulcopress.com\/index.php\/wp-json\/wp\/v2\/posts\/1265979\/revisions"}],"predecessor-version":[{"id":1265982,"href":"https:\/\/www.acapulcopress.com\/index.php\/wp-json\/wp\/v2\/posts\/1265979\/revisions\/1265982"}],"wp:featuredmedia":[{"embeddable":true,"href":"https:\/\/www.acapulcopress.com\/index.php\/wp-json\/wp\/v2\/media\/1265980"}],"wp:attachment":[{"href":"https:\/\/www.acapulcopress.com\/index.php\/wp-json\/wp\/v2\/media?parent=1265979"}],"wp:term":[{"taxonomy":"category","embeddable":true,"href":"https:\/\/www.acapulcopress.com\/index.php\/wp-json\/wp\/v2\/categories?post=1265979"},{"taxonomy":"post_tag","embeddable":true,"href":"https:\/\/www.acapulcopress.com\/index.php\/wp-json\/wp\/v2\/tags?post=1265979"}],"curies":[{"name":"wp","href":"https:\/\/api.w.org\/{rel}","templated":true}]}}