{"id":1265987,"date":"2026-09-03T18:43:07","date_gmt":"2026-09-04T00:43:07","guid":{"rendered":"https:\/\/www.acapulcopress.com\/?p=1265987"},"modified":"2026-09-03T18:43:55","modified_gmt":"2026-09-04T00:43:55","slug":"fenomeno-el-nino-se-extendera-hasta-febrero-de-2027","status":"publish","type":"post","link":"https:\/\/www.acapulcopress.com\/index.php\/2026\/09\/03\/fenomeno-el-nino-se-extendera-hasta-febrero-de-2027\/","title":{"rendered":"Fen\u00f3meno \u00abEl Ni\u00f1o\u00bb se extender\u00e1 hasta febrero 2027"},"content":{"rendered":"<p>HAJD\u00daSZOBOSZL\u00d3, Hungr\u00eda * 2 de septiembre 2026.<br \/>\n<em>) <a href=\"https:\/\/latinus.us\/estilo-de-vida\/2026\/9\/3\/el-fenomeno-de-el-nino-esta-adquiriendo-enormes-proporciones-durara-hasta-febrero-de-2027-senala-la-omm-183350.html\" target=\"_blank\" rel=\"noopener\">LatinUs<\/a><\/em><br \/>\n\u00abEl fen\u00f3meno de El Ni\u00f1o est\u00e1 adquiriendo enormes proporciones ante nuestros ojos\u00bb, se\u00f1ala este jueves un comunicado de prensa de la <em>Organizaci\u00f3n Meteorol\u00f3gica Mundial (OMM)<\/em>.<\/p>\n<p>La informaci\u00f3n del comunicado est\u00e1 basada en el bolet\u00edn \u00abEl Ni\u00f1o\/La Ni\u00f1a hoy\u00bb que emite la propia organizaci\u00f3n con regularidad y que \u00abson la fuente de informaci\u00f3n m\u00e1s autorizada del planeta para gobiernos e instancias decisorias\u00bb sobre el fen\u00f3meno clim\u00e1tico.<\/p>\n<p>El comunicado de prensa se\u00f1ala que esta es \u00abla primera vez\u00bb que uno de esos boletines \u00abes tan categ\u00f3rico, lo que evidencia el amplio consenso existente en la vasta red de expertos de la OMM\u00bb con respecto al fen\u00f3meno que algunos han llamado un \u00abs\u00faper El Ni\u00f1o\u00bb.<\/p>\n<p>Seg\u00fan los pron\u00f3sticos de esa red de expertos \u2014agrupada en los Centros Mundiales de Producci\u00f3n de la OMM\u2014, el fen\u00f3meno de El Ni\u00f1o \u00abse ha consolidado y en los pr\u00f3ximos meses se intensificar\u00e1 hasta convertirse en un evento de intensidad muy fuerte\u00bb.<\/p>\n<p>Tambi\u00e9n se\u00f1alan que \u00abla probabilidad de que El Ni\u00f1o persista hasta febrero de 2027 es excepcionalmente alta, de casi el 100%\u00bb.<\/p>\n<p>Estos pron\u00f3sticos implican que habr\u00e1 \u00abimportantes cambios en los patrones de temperatura y precipitaci\u00f3n, con los consiguientes riesgos en cuanto a inundaciones, sequ\u00edas y calor extremo\u00bb.<\/p>\n<p><strong>* Primera vez en 50 a\u00f1os de la OMM<\/strong><\/p>\n<p>El bolet\u00edn \u00abEl Ni\u00f1o\/La Ni\u00f1a hoy\u00bb, de la OMM, se\u00f1ala que el fen\u00f3meno de El Ni\u00f1o seguir\u00e1 fortaleci\u00e9ndose durante los pr\u00f3ximos meses, \u00abalimentado por condiciones oce\u00e1nicas excepcionalmente c\u00e1lidas en el Pac\u00edfico tropical\u00bb.<\/p>\n<p>La fortificaci\u00f3n del evento clim\u00e1tico lo llevar\u00e1 a \u00abconvertirse en un evento de intensidad muy fuerte antes de alcanzar su apogeo hacia finales de este a\u00f1o, si bien los efectos que conllevar\u00e1 en el clima se mantendr\u00e1n hasta bien entrado 2027\u00bb.<\/p>\n<p>\u00abPese a su nombre aparentemente inofensivo, El Ni\u00f1o tiene el potencial de asestar un duro golpe a comunidades y econom\u00edas de todo el mundo\u00bb, explica la Secretaria General de la OMM, Celeste Saulo. \u00abEste episodio excepcional de El Ni\u00f1o exige medidas de preparaci\u00f3n y respuesta excepcionales\u00bb, agrega.<\/p>\n<p>\u00abEn 50 a\u00f1os de historia de la OMM nunca antes hab\u00edamos emprendido una movilizaci\u00f3n tan importante junto con los servicios meteorol\u00f3gicos e hidrol\u00f3gicos nacionales, quienes encabezan el suministro de pron\u00f3sticos y servicios para salvar vidas y proteger medios de subsistencia\u00bb, dijo.<\/p>\n<p>\u00abLa OMM est\u00e1 resuelta a trabajar en estrecha colaboraci\u00f3n con los asociados de las Naciones Unidas y el sistema humanitario a fin de proporcionar la informaci\u00f3n y los conocimientos clim\u00e1ticos necesarios para contribuir a la gesti\u00f3n de desastres y apoyar a los sectores sensibles al clima, como agricultura, salud, energ\u00eda y recursos h\u00eddricos\u00bb, afirm\u00f3.<\/p>\n<p>\u00abNo hay tiempo que perder\u00bb, afirm\u00f3 Celeste Saulo.<\/p>\n<p><strong>* Mensajes clave<\/strong><\/p>\n<p>El episodio de El Ni\u00f1o se ha consolidado y se espera que se intensifique a\u00fan m\u00e1s.<\/p>\n<p>Seg\u00fan los pron\u00f3sticos de la Organizaci\u00f3n Meteorol\u00f3gica Mundial, la probabilidad de que el evento persista hasta febrero de 2027 es pr\u00e1cticamente del 100 %.<\/p>\n<p>Las aguas excepcionalmente c\u00e1lidas del oc\u00e9ano Pac\u00edfico tropical contribuyen a la intensificaci\u00f3n del fen\u00f3meno.<\/p>\n<p>Un episodio muy fuerte de El Ni\u00f1o puede alterar notablemente las pautas de precipitaci\u00f3n y temperatura en todo el mundo y agravar fen\u00f3menos meteorol\u00f3gicos extremos.<\/p>\n<p>La Organizaci\u00f3n y los Servicios Meteorol\u00f3gicos e Hidrol\u00f3gicos Nacionales refuerzan las actividades de preparaci\u00f3n y alerta temprana ante un evento excepcional.<br \/>\n<em>|\u00a0<a class=\"x1fey0fg xmper1u x1edh9d7\" href=\"https:\/\/fb.me\/Steparious\">fb.me\/Steparious<\/a>\u00a0|\u00a0<a class=\"x1fey0fg xmper1u x1edh9d7\" href=\"https:\/\/fb.me\/acapulcopress\">fb.me\/acapulcopress<\/a><\/em><\/p>\n","protected":false},"excerpt":{"rendered":"<p>\u00abEl fen\u00f3meno de El Ni\u00f1o est\u00e1 adquiriendo enormes proporciones ante nuestros ojos\u00bb, se\u00f1ala este jueves un comunicado de prensa de la Organizaci\u00f3n Meteorol\u00f3gica Mundial (OMM).<\/p>\n","protected":false},"author":1,"featured_media":1265988,"comment_status":"closed","ping_status":"open","sticky":false,"template":"","format":"standard","meta":{"footnotes":""},"categories":[2066,1988],"tags":[19661,19662,14030],"class_list":["post-1265987","post","type-post","status-publish","format-standard","has-post-thumbnail","hentry","category-habitat-salvaje","category-lifestyles","tag-fenomeno-el-nino","tag-fenomeno-la-nina-hoy","tag-organizacion-meteorologica-mundial-omm"],"_links":{"self":[{"href":"https:\/\/www.acapulcopress.com\/index.php\/wp-json\/wp\/v2\/posts\/1265987","targetHints":{"allow":["GET"]}}],"collection":[{"href":"https:\/\/www.acapulcopress.com\/index.php\/wp-json\/wp\/v2\/posts"}],"about":[{"href":"https:\/\/www.acapulcopress.com\/index.php\/wp-json\/wp\/v2\/types\/post"}],"author":[{"embeddable":true,"href":"https:\/\/www.acapulcopress.com\/index.php\/wp-json\/wp\/v2\/users\/1"}],"replies":[{"embeddable":true,"href":"https:\/\/www.acapulcopress.com\/index.php\/wp-json\/wp\/v2\/comments?post=1265987"}],"version-history":[{"count":3,"href":"https:\/\/www.acapulcopress.com\/index.php\/wp-json\/wp\/v2\/posts\/1265987\/revisions"}],"predecessor-version":[{"id":1265991,"href":"https:\/\/www.acapulcopress.com\/index.php\/wp-json\/wp\/v2\/posts\/1265987\/revisions\/1265991"}],"wp:featuredmedia":[{"embeddable":true,"href":"https:\/\/www.acapulcopress.com\/index.php\/wp-json\/wp\/v2\/media\/1265988"}],"wp:attachment":[{"href":"https:\/\/www.acapulcopress.com\/index.php\/wp-json\/wp\/v2\/media?parent=1265987"}],"wp:term":[{"taxonomy":"category","embeddable":true,"href":"https:\/\/www.acapulcopress.com\/index.php\/wp-json\/wp\/v2\/categories?post=1265987"},{"taxonomy":"post_tag","embeddable":true,"href":"https:\/\/www.acapulcopress.com\/index.php\/wp-json\/wp\/v2\/tags?post=1265987"}],"curies":[{"name":"wp","href":"https:\/\/api.w.org\/{rel}","templated":true}]}}