{"id":1266000,"date":"2026-09-03T19:34:58","date_gmt":"2026-09-04T01:34:58","guid":{"rendered":"https:\/\/www.acapulcopress.com\/?p=1266000"},"modified":"2026-09-03T19:36:18","modified_gmt":"2026-09-04T01:36:18","slug":"lo-que-importa-son-los-usuarios","status":"publish","type":"post","link":"https:\/\/www.acapulcopress.com\/index.php\/2026\/09\/03\/lo-que-importa-son-los-usuarios\/","title":{"rendered":"Lo que importa son los usuarios&#8230;"},"content":{"rendered":"<p>Esp\u00edstolas Surianas<br \/>\n\u00bb <a href=\"https:\/\/www.facebook.com\/julio.ayalacarlos\" target=\"_blank\" rel=\"noopener\"><strong>JULIO<\/strong> |<strong> AYALA CARLOS<\/strong><\/a><br \/>\n<em>) ayala.jc30@gmail.com<\/em><\/p>\n<p>Todos saben, los usuarios y los transportistas, que el transporte p\u00fablico en Chilpancingo, Acapulco y otras ciudades del estado, es de lo peor. Que hay un p\u00e9simo servicio, con choferes abusivos y corrientes, unidades en mal estado, y lo que es peor, caro.<\/p>\n<p>Obvio, hay que decirlo, no ser\u00eda as\u00ed si los concesionarios del transporte, y los conductores de las unidades, no tuvie0&#8217;pccvyJran el apoyo de las autoridades de gobierno, quienes en vez de regular y vigilar su funcionamiento, act\u00faan con negligencia, irresponsabilidad y fuera de la ley, en perjuicio del usuario que ante los cobros excesivos y mal servicio, protesta aunque sus voces nunca han sido escuchadas por las autoridades que parecen tener un amasiato con los transportistas.<\/p>\n<p>El \u00faltimo ejemplo de ello es el incremento a la tarifa del transporte p\u00fablico colectivo en su modalidad de urvans, en d\u00f3nde los transportistas incrementaron el precio, y luego las autoridades correspondientes lo validaron, pese al enojo y protestas de los usuarios, y de que nunca mostraron alg\u00fan estudio t\u00e9cnico que justificara el incremento.<\/p>\n<p>As\u00ed ha sido siempre, y no solo en Chilpancingo, sino tambi\u00e9n en Acapulco, en Iguala, Zihuatanejo, Taxco y hasta en Tlapa, y no se diga en el transporte entre municipios, en d\u00f3nde los concesionarios y trabajadores del volante incrementan las tarifas sin que la Comisi\u00f3n del Transporte estatal diga algo al respecto.<\/p>\n<p>Hay, pues, ya lo dijimos, todo un amasiato, mezquino y vergonzoso entre las autoridades de gobierno y los transportistas del estado en agravio de los usuarios, es decir, en contra del pueblo trabajador, que pese a sus protestas nunca es escuchado, qui\u00e9n pr\u00e1cticamente se encuentra secuestrado y a merced de aquellos que de manera impune los sangran econ\u00f3micamente a diario.<\/p>\n<p>Y es que el negocio del transporte urbano no solo es altamente lucrativo, de ganancias diarias para los due\u00f1os del servicio, sino tambi\u00e9n impune con las autoridades de tr\u00e1nsito municipal, y d\u00f3nde se mueven a diario millones de pesos.<\/p>\n<p>Por eso es que cuando en Chilpancingo, la capital del estado, aparece una nueva opci\u00f3n de transporte en su modalidad de taxis, en d\u00f3nde la tarifa m\u00ednima es de 80 o 90 pesos, y la dejada m\u00e1xima queda a criterio del conductor, y que puede ser hasta 200 pesos para colonias como la parte alta de la Plan de Ayala, o Las \u00c1guilas, entre muchas otras, y m\u00e1s si es de noche, hay emoci\u00f3n y alegr\u00eda de la ciudadan\u00eda, al anunciarse que las tarifas no pasan m\u00e1s que los 50 pesos.<\/p>\n<p>S\u00ed. Chilpancingo y Guerrero requieren de un transporte p\u00fablico eficiente, confortable y con tarifas accesibles que al no tenerlo en el servicio de transporte local, y el de las urbans, se hacen necesarias nuevas opciones que beneficien a los usuarios. La poblaci\u00f3n ya no aguanta m\u00e1s a taxistas prepotentes y abusivos, como a los urbaneros.<\/p>\n<p>Que no les gusta al transporte local, a los taxistas, como es el caso, es problema de ellos y de los concesionarios. Por muchos a\u00f1os se han enriquecido y han abusado del pueblo que sigue actuando pac\u00edficamente.<\/p>\n<p>Toca pues a las autoridades de gobierno, ponerse ahora s\u00ed del lado de la poblaci\u00f3n y actuar en consecuencia, regulando el transporte local, a fin de eliminar los excesos. Y toca tambi\u00e9n establecer las reglas necesarias a qui\u00e9nes a trav\u00e9s de alguna aplicaci\u00f3n digital, buscan tambi\u00e9n brindar el servicio del transporte p\u00fablico, porque lo importante es el beneficio colectivo.<\/p>\n<p>S\u00ed. Deben existir reglas claras para quienes ya prestan el servicio y para los que quieren prestarlo. Lo importante es el usuario, y no el negocio de los transportistas.<br \/>\n<em>|\u00a0<a class=\"x1fey0fg xmper1u x1edh9d7\" href=\"https:\/\/fb.me\/Steparious\">fb.me\/Steparious<\/a>\u00a0|\u00a0<a class=\"x1fey0fg xmper1u x1edh9d7\" href=\"https:\/\/fb.me\/acapulcopress\">fb.me\/acapulcopress<\/a><\/em><\/p>\n","protected":false},"excerpt":{"rendered":"<p>Todos saben, los usuarios y los transportistas, que el transporte p\u00fablico en Chilpancingo, Acapulco y otras ciudades del estado<\/p>\n","protected":false},"author":1,"featured_media":1266001,"comment_status":"closed","ping_status":"open","sticky":false,"template":"","format":"standard","meta":{"footnotes":""},"categories":[2071,1991],"tags":[8008,11319],"class_list":["post-1266000","post","type-post","status-publish","format-standard","has-post-thumbnail","hentry","category-opinion-analisis-columnas","category-libertad-de-expresion","tag-epistolas-surianas","tag-julio-ayala-carlos"],"_links":{"self":[{"href":"https:\/\/www.acapulcopress.com\/index.php\/wp-json\/wp\/v2\/posts\/1266000","targetHints":{"allow":["GET"]}}],"collection":[{"href":"https:\/\/www.acapulcopress.com\/index.php\/wp-json\/wp\/v2\/posts"}],"about":[{"href":"https:\/\/www.acapulcopress.com\/index.php\/wp-json\/wp\/v2\/types\/post"}],"author":[{"embeddable":true,"href":"https:\/\/www.acapulcopress.com\/index.php\/wp-json\/wp\/v2\/users\/1"}],"replies":[{"embeddable":true,"href":"https:\/\/www.acapulcopress.com\/index.php\/wp-json\/wp\/v2\/comments?post=1266000"}],"version-history":[{"count":1,"href":"https:\/\/www.acapulcopress.com\/index.php\/wp-json\/wp\/v2\/posts\/1266000\/revisions"}],"predecessor-version":[{"id":1266002,"href":"https:\/\/www.acapulcopress.com\/index.php\/wp-json\/wp\/v2\/posts\/1266000\/revisions\/1266002"}],"wp:featuredmedia":[{"embeddable":true,"href":"https:\/\/www.acapulcopress.com\/index.php\/wp-json\/wp\/v2\/media\/1266001"}],"wp:attachment":[{"href":"https:\/\/www.acapulcopress.com\/index.php\/wp-json\/wp\/v2\/media?parent=1266000"}],"wp:term":[{"taxonomy":"category","embeddable":true,"href":"https:\/\/www.acapulcopress.com\/index.php\/wp-json\/wp\/v2\/categories?post=1266000"},{"taxonomy":"post_tag","embeddable":true,"href":"https:\/\/www.acapulcopress.com\/index.php\/wp-json\/wp\/v2\/tags?post=1266000"}],"curies":[{"name":"wp","href":"https:\/\/api.w.org\/{rel}","templated":true}]}}