{"id":1266004,"date":"2026-09-04T19:16:53","date_gmt":"2026-09-05T01:16:53","guid":{"rendered":"https:\/\/www.acapulcopress.com\/?p=1266004"},"modified":"2026-09-04T20:52:48","modified_gmt":"2026-09-05T02:52:48","slug":"hallan-cadaver-de-diputado-federal-de-morena-en-veracruz","status":"publish","type":"post","link":"https:\/\/www.acapulcopress.com\/index.php\/2026\/09\/04\/hallan-cadaver-de-diputado-federal-de-morena-en-veracruz\/","title":{"rendered":"Hallan cad\u00e1ver de diputado federal de Morena en Veracruz"},"content":{"rendered":"<p>PUENTE NACIONAL, Ver. * 4 de septiembre 2026.<br \/>\n<em>) <span class=\"xv78j7m\" spellcheck=\"false\">Proceso<\/span> | <span class=\"xv78j7m\" spellcheck=\"false\">Infobae<\/span><\/em><br \/>\nEl hallazgo del cuerpo del diputado federal de <span class=\"xv78j7m\" spellcheck=\"false\">Morena<\/span> <strong>Roberto <span class=\"xv78j7m\" spellcheck=\"false\">Zenyazen Escobar Garc\u00eda<\/span> <\/strong>provoc\u00f3 un despliegue de fuerzas de seguridad en la zona central de Veracruz la ma\u00f1ana de este viernes 4 de septiembre de 2026.<\/p>\n<p>El legislador fue localizado dentro de un veh\u00edculo y presentaba al menos una herida causada por un proyectil de arma de fuego.<\/p>\n<p>Zenyazen Escobar fue encontrado muerto en La Gloria, un punto ubicado en el municipio de Puente Nacional, confirm\u00f3 la fiscal general de Veracruz, <strong><span class=\"xv78j7m\" spellcheck=\"false\">Lisbeth Aurelia Jim\u00e9nez Aguirre<\/span><\/strong>. La funcionaria inform\u00f3 que personal ministerial y pericial investigaba qu\u00e9 ocurri\u00f3, pero evit\u00f3 adelantar la causa de muerte o una posible l\u00ednea de investigaci\u00f3n.<\/p>\n<p>* \u00bfQu\u00e9 le pas\u00f3 al diputado Zenyazen Escobar?<\/p>\n<p>La fiscal Lisbeth Aurelia Jim\u00e9nez confirm\u00f3 el fallecimiento del legislador durante una entrevista realizada a su llegada a la guardia de honor por el mes patrio, en el parque de Los Berros, en Xalapa.<\/p>\n<p>\u201cSolo les puedo confirmar el deceso\u201d, respondi\u00f3 la titular de la Fiscal\u00eda General del Estado de Veracruz al ser interrogada sobre los primeros reportes. Agreg\u00f3 que el hallazgo ocurri\u00f3 en un punto conocido como La Gloria, municipio de Puente Nacional, en la regi\u00f3n central de Veracruz<\/p>\n<p>La funcionaria explic\u00f3 que peritos, agentes de la Polic\u00eda Ministerial y personal de la Fiscal\u00eda se encontraban en el lugar recabando informaci\u00f3n. Por esa raz\u00f3n, sostuvo que todav\u00eda no pod\u00eda precisar la mec\u00e1nica de los hechos. La Fiscal\u00eda confirm\u00f3 una sola v\u00edctima: el diputado federal Zenyazen Escobar.<\/p>\n<p>* Rencillas legislativas<\/p>\n<p>La tarde del pasado 28 de mayo la C\u00e1mara de Diputados fue escenario de empujones y un conato de pelea durante una sesi\u00f3n extraordinaria. El altercado fue entre el diputado de Morena por Veracruz, Zenyazen Escobar, y el priista <span class=\"xv78j7m\" spellcheck=\"false\">Carlos Guti\u00e9rrez Mancilla<\/span>.<\/p>\n<p>De acuerdo con clips que circulan en redes sociales, Guti\u00e9rrez Mancilla le dijo a Zenyazen Escobar: \u201cPinche estr\u00edper, trepador\u201d, hasta que el legislador de Morena perdi\u00f3 el control, se quit\u00f3 el sombrero y se coloc\u00f3 en posici\u00f3n de pelea.<\/p>\n<p>En medio del altercado, la presidenta de la Mesa Directiva, <span class=\"xv78j7m\" spellcheck=\"false\">Kenia L\u00f3pez Rabad\u00e1n<\/span>, llam\u00f3 al orden desde la tribuna: \u201cComp\u00f3rtense, si son tan amables de comportarse a la altura de su responsabilidad pol\u00edtica y p\u00fablica. No pueden ser estas escenas las que el pueblo de M\u00e9xico tiene que recibir de sus legisladores. No es posible, porque hemos tenido templanza. Les solicito que respeten el pleno de esta naci\u00f3n\u201d.<\/p>\n<p>ras los empujones, la diputada priista Ana Isabel Gonz\u00e1lez solicit\u00f3 que se practicara un antidoping a Escobar, mientras legisladores del PAN y el PRI tambi\u00e9n pidieron la prueba ante la sospecha de que su conducta estuviera relacionada con la influencia de sustancias o por estar en estado et\u00edlico.<\/p>\n<p><strong>\u00bfQui\u00e9n era Zenyazen Escobar Garc\u00eda?<\/strong><\/p>\n<p>El paso de Zenyazen Roberto Escobar Garc\u00eda por la pol\u00edtica veracruzana ha estado marcado por episodios que rebasan los l\u00edmites del \u00e1mbito legislativo.<\/p>\n<p>Quien hoy ostenta el cargo de diputado por Morena en el distrito 16 de C\u00f3rdoba y cuenta con una maestr\u00eda en Ciencias de la Educaci\u00f3n, tambi\u00e9n ha enfrentado cuestionamientos p\u00fablicos sobre su pasado, incluso antes de asumir la Secretar\u00eda de Educaci\u00f3n de Veracruz entre 2018 y 2021.<\/p>\n<p>El episodio que m\u00e1s notoriedad alcanz\u00f3 fue la circulaci\u00f3n de una fotograf\u00eda en blanco y negro en la que aparece un joven Zenyazen Escobar, con el torso desnudo y una imagen que ofrec\u00eda servicios de bailes privados bajo el nombre de \u201cTarz\u00e1n Boy\u201d, en bares y antros de la regi\u00f3n de Orizaba.<\/p>\n<p>Esa imagen fue difundida por maestros poco antes de que rindiera protesta como secretario en el gabinete estatal.<\/p>\n<p>El propio funcionario abord\u00f3 las acusaciones en una \u00fanica oportunidad, durante una entrevista en el programa de internet \u201cDesde el cascar\u00f3n\u201d en octubre de 2017. All\u00ed, explic\u00f3 que practic\u00f3 f\u00edsico-constructivismo y fitness durante once a\u00f1os, participando en concursos estatales y en un campeonato nacional en Puebla en 2013.<\/p>\n<p>El entrevistador fue directo al preguntarle si alguna vez hab\u00eda trabajado como stripper. Escobar respondi\u00f3: \u201cNo, pues fui constructivista\u201d.<\/p>\n<p>A\u00f1adi\u00f3 que si bien asist\u00eda a presentaciones, nunca recibi\u00f3 pago por bailar para una mujer, y reconoci\u00f3 que tiene varios primos que s\u00ed se dedican a esa labor. Defendi\u00f3 el trabajo de quienes realizan espect\u00e1culos privados y rechaz\u00f3 ser objeto de discriminaci\u00f3n por ese motivo, al afirmar que es \u201cm\u00e1s respetable a robarse el dinero del pueblo, porque al final se lo ganan con el sudor de su cuerpo\u201d.<\/p>\n<p>Zenyazen Roberto Escobar Garc\u00eda naci\u00f3 el 4 de junio de 1984 y ten\u00eda 42 a\u00f1os. Su trayectoria p\u00fablica estuvo vinculada inicialmente con el magisterio y posteriormente con Morena.<\/p>\n<p>La ficha oficial del Sistema de Informaci\u00f3n Legislativa de la Secretar\u00eda de Gobernaci\u00f3n lo registra como integrante de la LXVI Legislatura de la C\u00e1mara de Diputados, correspondiente al periodo del 29 de agosto de 2024 al 31 de agosto de 2027.<\/p>\n<p>Al momento de su muerte era diputado federal por el Distrito 16 de Veracruz, cuya cabecera se encuentra en C\u00f3rdoba. Obtuvo el cargo por el principio de mayor\u00eda relativa.<\/p>\n<p>La C\u00e1mara de Diputados se\u00f1ala que ocupaba la curul D-110 y pertenec\u00eda a las siguientes comisiones:<\/p>\n<p><em>&#8211; Secretario de la Comisi\u00f3n de Cambio Clim\u00e1tico y Sostenibilidad.<\/em><\/p>\n<p><em>&#8211; Integrante de la Comisi\u00f3n de Econom\u00eda, Comercio y Competitividad.<\/em><\/p>\n<p><em>&#8211; Secretario de la Comisi\u00f3n de Marina.<\/em><\/p>\n<p><em>&#8211; Integrante del Grupo de Amistad M\u00e9xico-Kuwait.<\/em><\/p>\n<p>Su suplente registrado es \u00c1ngel Etiem Jim\u00e9nez Casta\u00f1eda, quien podr\u00eda ser llamado a ocupar la diputaci\u00f3n conforme al procedimiento aplicable despu\u00e9s de que la C\u00e1mara sea notificada formalmente de la vacante.<\/p>\n<p><strong>De l\u00edder magisterial a secretario de Educaci\u00f3n<\/strong><\/p>\n<p>Antes de incorporarse al gobierno estatal, Zenyazen Escobar particip\u00f3 en movimientos magisteriales contra la reforma educativa aprobada durante el gobierno del expresidente Enrique Pe\u00f1a Nieto.<\/p>\n<p>Posteriormente lleg\u00f3 al Congreso de Veracruz como diputado local y coordin\u00f3 al grupo legislativo de Morena. En diciembre de 2018 fue nombrado secretario de Educaci\u00f3n de Veracruz por el entonces gobernador Cuitl\u00e1huac Garc\u00eda Jim\u00e9nez.<\/p>\n<p>Desde ese puesto encabez\u00f3 la administraci\u00f3n educativa estatal y particip\u00f3 en la aplicaci\u00f3n de programas vinculados con la Nueva Escuela Mexicana. Comunicados del Gobierno de Veracruz lo identifican como titular de la Secretar\u00eda de Educaci\u00f3n durante aquella administraci\u00f3n.<\/p>\n<p>Escobar dej\u00f3 la dependencia para participar en el proceso electoral federal de 2024. Posteriormente asumi\u00f3 como representante del Distrito 16 de C\u00f3rdoba en la C\u00e1mara de Diputados.<br \/>\n<em>|\u00a0<a class=\"x1fey0fg xmper1u x1edh9d7\" href=\"https:\/\/fb.me\/Steparious\">fb.me\/Steparious<\/a>\u00a0|\u00a0<a class=\"x1fey0fg xmper1u x1edh9d7\" href=\"https:\/\/fb.me\/acapulcopress\">fb.me\/acapulcopress<\/a><\/em><\/p>\n","protected":false},"excerpt":{"rendered":"<p>PUENTE NACIONAL, Ver. * 4 de septiembre 2026. ) Proceso | Infobae El hallazgo del cuerpo del diputado federal de Morena Roberto Zenyazen Escobar Garc\u00eda provoc\u00f3 un despliegue de fuerzas de seguridad en la zona central de Veracruz la ma\u00f1ana de este viernes 4 de septiembre de 2026. El legislador fue localizado dentro de un&#8230;<\/p>\n","protected":false},"author":1,"featured_media":1266030,"comment_status":"closed","ping_status":"open","sticky":false,"template":"","format":"standard","meta":{"footnotes":""},"categories":[1997],"tags":[19667,19665,19666],"class_list":["post-1266004","post","type-post","status-publish","format-standard","has-post-thumbnail","hentry","category-noticias-destacadas","tag-lisbeth-aurelia-jimenez-aguirre","tag-roberto-zenyazen-escobar-garcia","tag-tarzan-boy"],"_links":{"self":[{"href":"https:\/\/www.acapulcopress.com\/index.php\/wp-json\/wp\/v2\/posts\/1266004","targetHints":{"allow":["GET"]}}],"collection":[{"href":"https:\/\/www.acapulcopress.com\/index.php\/wp-json\/wp\/v2\/posts"}],"about":[{"href":"https:\/\/www.acapulcopress.com\/index.php\/wp-json\/wp\/v2\/types\/post"}],"author":[{"embeddable":true,"href":"https:\/\/www.acapulcopress.com\/index.php\/wp-json\/wp\/v2\/users\/1"}],"replies":[{"embeddable":true,"href":"https:\/\/www.acapulcopress.com\/index.php\/wp-json\/wp\/v2\/comments?post=1266004"}],"version-history":[{"count":3,"href":"https:\/\/www.acapulcopress.com\/index.php\/wp-json\/wp\/v2\/posts\/1266004\/revisions"}],"predecessor-version":[{"id":1266008,"href":"https:\/\/www.acapulcopress.com\/index.php\/wp-json\/wp\/v2\/posts\/1266004\/revisions\/1266008"}],"wp:featuredmedia":[{"embeddable":true,"href":"https:\/\/www.acapulcopress.com\/index.php\/wp-json\/wp\/v2\/media\/1266030"}],"wp:attachment":[{"href":"https:\/\/www.acapulcopress.com\/index.php\/wp-json\/wp\/v2\/media?parent=1266004"}],"wp:term":[{"taxonomy":"category","embeddable":true,"href":"https:\/\/www.acapulcopress.com\/index.php\/wp-json\/wp\/v2\/categories?post=1266004"},{"taxonomy":"post_tag","embeddable":true,"href":"https:\/\/www.acapulcopress.com\/index.php\/wp-json\/wp\/v2\/tags?post=1266004"}],"curies":[{"name":"wp","href":"https:\/\/api.w.org\/{rel}","templated":true}]}}