{"id":1266009,"date":"2026-09-04T19:58:55","date_gmt":"2026-09-05T01:58:55","guid":{"rendered":"https:\/\/www.acapulcopress.com\/?p=1266009"},"modified":"2026-09-04T20:04:08","modified_gmt":"2026-09-05T02:04:08","slug":"ricardo-salinas-participo-como-ciudadano-en-asamblea-informativa-en-pie-de-la-cuesta","status":"publish","type":"post","link":"https:\/\/www.acapulcopress.com\/index.php\/2026\/09\/04\/ricardo-salinas-participo-como-ciudadano-en-asamblea-informativa-en-pie-de-la-cuesta\/","title":{"rendered":"Ricardo Salinas particip\u00f3 como ciudadano en asamblea informativa en Pie de la Cuesta"},"content":{"rendered":"<p>ACAPULCO * 4 de septiembre 2026.<br \/>\n<em>) Especial<\/em><br \/>\n<strong><img loading=\"lazy\" decoding=\"async\" class=\"alignleft size-medium wp-image-1266018\" src=\"https:\/\/www.acapulcopress.com\/wp-content\/uploads\/2026\/09\/RICARDO-SALINAS-ASAMBLEA8-300x248.jpeg\" alt=\"\" width=\"300\" height=\"248\" srcset=\"https:\/\/www.acapulcopress.com\/wp-content\/uploads\/2026\/09\/RICARDO-SALINAS-ASAMBLEA8-300x248.jpeg 300w, https:\/\/www.acapulcopress.com\/wp-content\/uploads\/2026\/09\/RICARDO-SALINAS-ASAMBLEA8-1024x846.jpeg 1024w, https:\/\/www.acapulcopress.com\/wp-content\/uploads\/2026\/09\/RICARDO-SALINAS-ASAMBLEA8-768x635.jpeg 768w, https:\/\/www.acapulcopress.com\/wp-content\/uploads\/2026\/09\/RICARDO-SALINAS-ASAMBLEA8-580x479.jpeg 580w, https:\/\/www.acapulcopress.com\/wp-content\/uploads\/2026\/09\/RICARDO-SALINAS-ASAMBLEA8-860x711.jpeg 860w, https:\/\/www.acapulcopress.com\/wp-content\/uploads\/2026\/09\/RICARDO-SALINAS-ASAMBLEA8-1160x959.jpeg 1160w, https:\/\/www.acapulcopress.com\/wp-content\/uploads\/2026\/09\/RICARDO-SALINAS-ASAMBLEA8.jpeg 1280w\" sizes=\"auto, (max-width: 300px) 100vw, 300px\" \/>Ricardo Salinas M\u00e9ndez<\/strong> particip\u00f3 como ciudadano en una asamblea informativa en Pie de la Cuesta, donde dialog\u00f3 con habitantes de distintas comunidades sobre soberan\u00eda, transformaci\u00f3n y la importancia de la participaci\u00f3n ciudadana en el futuro del pa\u00eds.<\/p>\n<p>Durante el encuentro convivi\u00f3 con amigas y amigos de El Pedregoso, San Isidro, Pie de la Cuesta, Miramar, Jard\u00edn Palmas, Jard\u00edn Mangos, Jard\u00edn Azteca, Alta Membrillo, Ex Campo de Tiro, Tepeyac, Reforma Agraria y Cerrito de la Laguna, localidades que forman parte de esta emblem\u00e1tica zona de Acapulco.<\/p>\n<p>Desde Pie de la Cuesta, Salinas M\u00e9ndez refrend\u00f3 su respaldo al proyecto de naci\u00f3n que encabeza la Presidenta de M\u00e9xico, <strong>Claudia Sheinbaum Pardo<\/strong>, y destac\u00f3 la importancia de mantener un di\u00e1logo cercano con las comunidades y fomentar la participaci\u00f3n ciudadana.<\/p>\n<p><img loading=\"lazy\" decoding=\"async\" class=\"alignnone wp-image-1266020 \" src=\"https:\/\/www.acapulcopress.com\/wp-content\/uploads\/2026\/09\/RICARDO-SALINAS-ASAMBLEA10-854x715.jpeg\" alt=\"\" width=\"995\" height=\"833\" \/><\/p>\n<p><img loading=\"lazy\" decoding=\"async\" class=\"alignnone wp-image-1266011 size-cmsmasters-full-thumb\" src=\"https:\/\/www.acapulcopress.com\/wp-content\/uploads\/2026\/09\/RICARDO-SALINAS-ASAMBLEA-1160x715.jpeg\" alt=\"\" width=\"1160\" height=\"715\" \/><\/p>\n<p><img loading=\"lazy\" decoding=\"async\" class=\"alignnone wp-image-1266014 size-cmsmasters-full-thumb\" src=\"https:\/\/www.acapulcopress.com\/wp-content\/uploads\/2026\/09\/RICARDO-SALINAS-ASAMBLEA4-1160x715.jpeg\" alt=\"\" width=\"1160\" height=\"715\" \/><\/p>\n<p><img loading=\"lazy\" decoding=\"async\" class=\"alignnone wp-image-1266016 \" src=\"https:\/\/www.acapulcopress.com\/wp-content\/uploads\/2026\/09\/RICARDO-SALINAS-ASAMBLEA6-992x715.jpeg\" alt=\"\" width=\"1000\" height=\"721\" \/><\/p>\n<p><img loading=\"lazy\" decoding=\"async\" class=\"alignnone wp-image-1266017 \" src=\"https:\/\/www.acapulcopress.com\/wp-content\/uploads\/2026\/09\/RICARDO-SALINAS-ASAMBLEA7-854x715.jpeg\" alt=\"\" width=\"999\" height=\"836\" \/><\/p>\n<p><img loading=\"lazy\" decoding=\"async\" class=\"alignnone wp-image-1266019 size-cmsmasters-full-thumb\" src=\"https:\/\/www.acapulcopress.com\/wp-content\/uploads\/2026\/09\/RICARDO-SALINAS-ASAMBLEA9-1160x715.jpeg\" alt=\"\" width=\"1160\" height=\"715\" \/><\/p>\n<p><img loading=\"lazy\" decoding=\"async\" class=\"alignnone wp-image-1266018 size-cmsmasters-full-thumb\" src=\"https:\/\/www.acapulcopress.com\/wp-content\/uploads\/2026\/09\/RICARDO-SALINAS-ASAMBLEA8-1160x715.jpeg\" alt=\"\" width=\"1160\" height=\"715\" \/><\/p>\n<p><img loading=\"lazy\" decoding=\"async\" class=\"alignnone wp-image-1266015 \" src=\"https:\/\/www.acapulcopress.com\/wp-content\/uploads\/2026\/09\/RICARDO-SALINAS-ASAMBLEA5-854x715.jpeg\" alt=\"\" width=\"995\" height=\"833\" \/><\/p>\n<p><img loading=\"lazy\" decoding=\"async\" class=\"alignnone wp-image-1266012 \" src=\"https:\/\/www.acapulcopress.com\/wp-content\/uploads\/2026\/09\/RICARDO-SALINAS-ASAMBLEA2-972x715.jpeg\" alt=\"\" width=\"996\" height=\"733\" \/><\/p>\n<p><img loading=\"lazy\" decoding=\"async\" class=\"alignnone wp-image-1266013 size-cmsmasters-full-thumb\" src=\"https:\/\/www.acapulcopress.com\/wp-content\/uploads\/2026\/09\/RICARDO-SALINAS-ASAMBLEA3-1160x715.jpeg\" alt=\"\" width=\"1160\" height=\"715\" \/><\/p>\n<div style=\"width: 720px;\" class=\"wp-video\"><video class=\"wp-video-shortcode\" id=\"video-1266009-1\" width=\"720\" height=\"1280\" preload=\"metadata\" controls=\"controls\"><source type=\"video\/mp4\" src=\"https:\/\/www.acapulcopress.com\/wp-content\/uploads\/2026\/09\/RICARDO-SALINAS-MENDEZ.mp4?_=1\" \/><a href=\"https:\/\/www.acapulcopress.com\/wp-content\/uploads\/2026\/09\/RICARDO-SALINAS-MENDEZ.mp4\">https:\/\/www.acapulcopress.com\/wp-content\/uploads\/2026\/09\/RICARDO-SALINAS-MENDEZ.mp4<\/a><\/video><\/div>\n<p><em>|\u00a0<a class=\"x1fey0fg xmper1u x1edh9d7\" href=\"https:\/\/fb.me\/Steparious\">fb.me\/Steparious<\/a>\u00a0|\u00a0<a class=\"x1fey0fg xmper1u x1edh9d7\" href=\"https:\/\/fb.me\/acapulcopress\">fb.me\/acapulcopress<\/a><\/em><\/p>\n","protected":false},"excerpt":{"rendered":"<p>ACAPULCO * 4 de septiembre 2026. ) Especial Ricardo Salinas M\u00e9ndez particip\u00f3 como ciudadano en una asamblea informativa en Pie de la Cuesta, donde dialog\u00f3 con habitantes de distintas comunidades sobre soberan\u00eda, transformaci\u00f3n y la importancia de la participaci\u00f3n ciudadana en el futuro del pa\u00eds. Durante el encuentro convivi\u00f3 con amigas y amigos de El&#8230;<\/p>\n","protected":false},"author":1,"featured_media":1266012,"comment_status":"closed","ping_status":"open","sticky":false,"template":"","format":"standard","meta":{"footnotes":""},"categories":[2010],"tags":[5853,15598],"class_list":["post-1266009","post","type-post","status-publish","format-standard","has-post-thumbnail","hentry","category-sociedad","tag-claudia-sheinbaum-pardo","tag-ricardo-salinas-mendez"],"_links":{"self":[{"href":"https:\/\/www.acapulcopress.com\/index.php\/wp-json\/wp\/v2\/posts\/1266009","targetHints":{"allow":["GET"]}}],"collection":[{"href":"https:\/\/www.acapulcopress.com\/index.php\/wp-json\/wp\/v2\/posts"}],"about":[{"href":"https:\/\/www.acapulcopress.com\/index.php\/wp-json\/wp\/v2\/types\/post"}],"author":[{"embeddable":true,"href":"https:\/\/www.acapulcopress.com\/index.php\/wp-json\/wp\/v2\/users\/1"}],"replies":[{"embeddable":true,"href":"https:\/\/www.acapulcopress.com\/index.php\/wp-json\/wp\/v2\/comments?post=1266009"}],"version-history":[{"count":2,"href":"https:\/\/www.acapulcopress.com\/index.php\/wp-json\/wp\/v2\/posts\/1266009\/revisions"}],"predecessor-version":[{"id":1266022,"href":"https:\/\/www.acapulcopress.com\/index.php\/wp-json\/wp\/v2\/posts\/1266009\/revisions\/1266022"}],"wp:featuredmedia":[{"embeddable":true,"href":"https:\/\/www.acapulcopress.com\/index.php\/wp-json\/wp\/v2\/media\/1266012"}],"wp:attachment":[{"href":"https:\/\/www.acapulcopress.com\/index.php\/wp-json\/wp\/v2\/media?parent=1266009"}],"wp:term":[{"taxonomy":"category","embeddable":true,"href":"https:\/\/www.acapulcopress.com\/index.php\/wp-json\/wp\/v2\/categories?post=1266009"},{"taxonomy":"post_tag","embeddable":true,"href":"https:\/\/www.acapulcopress.com\/index.php\/wp-json\/wp\/v2\/tags?post=1266009"}],"curies":[{"name":"wp","href":"https:\/\/api.w.org\/{rel}","templated":true}]}}