{"id":40492,"date":"2025-05-24T03:36:45","date_gmt":"2025-05-24T01:36:45","guid":{"rendered":"https:\/\/acapulcopress.com\/index.php\/2025\/05\/24\/preocupa-a-onu-uso-policial-excesivo-contra-migrantes\/"},"modified":"2025-05-24T03:36:45","modified_gmt":"2025-05-24T01:36:45","slug":"preocupa-a-onu-uso-policial-excesivo-contra-migrantes","status":"publish","type":"post","link":"https:\/\/www.acapulcopress.com\/index.php\/2025\/05\/24\/preocupa-a-onu-uso-policial-excesivo-contra-migrantes\/","title":{"rendered":"Preocupa a ONU uso policial excesivo contra migrantes"},"content":{"rendered":"<p style=\"text-align: justify;\">] CIUDAD DE M\u00c9XICO. * 24 de enero de 2020.<br \/>\n| <a href=\"https:\/\/lta.reuters.com\/articulo\/inmigracion-mexico-caravanas-idLTAKBN1ZN1SE-OUSLT\" target=\"_blank\" rel=\"noopener noreferrer\">Reuters<\/a>.<br \/>\nM\u00e9xico neg\u00f3 el viernes que sus fuerzas de seguridad hubieran reprimido a miembros de la \u00faltima caravana de migrantes que ingres\u00f3 por la fuerza al pa\u00eds, ante crecientes cr\u00edticas de organismos como la ONU y analistas que han calificado la estrategia como la construcci\u00f3n de un \u201cmuro\u201d fronterizo.<\/p>\n<p style=\"text-align: justify;\">En su intento por contener el paso masivo de personas, agentes mexicanos se enfrentaron el lunes y el jueves contra la nutrida caravana, conformada por hombres, mujeres y ni\u00f1os, provocando momentos de caos que obligaron a parte de los migrantes a huir para evitar ser capturados.<\/p>\n<p style=\"text-align: justify;\">\u201cLa Guardia Nacional (est\u00e1) resistiendo, no (ha) utilizando la fuerza, nada m\u00e1s aguantando\u201d, dijo el presidente Andr\u00e9s Manuel L\u00f3pez Obrador en su habitual conferencia matutina.<\/p>\n<p style=\"text-align: justify;\">Sin embargo, Reuters testific\u00f3 c\u00f3mo el jueves los efectivos cercaron al grupo de migrantes, entre ellos mujeres cargando a ni\u00f1os en brazos, que tuvieron que salir corriendo ante el asedio de los uniformados. Hubo forcejeos y las fuerzas de seguridad lanzaron gas pimienta.<\/p>\n<p style=\"text-align: justify;\">Las acciones de la GN, que desde el a\u00f1o pasado se sum\u00f3 a los operativos de las autoridades migratorias, fueron cuestionadas por la ONU y la Comisi\u00f3n Nacional de Derechos Humanos (CNDH) de M\u00e9xico.<\/p>\n<p style=\"text-align: justify;\">La ONU, a trav\u00e9s de varias de sus agencias vinculadas con temas migratorios, expres\u00f3 el viernes \u201cpreocupaci\u00f3n por el impacto que el operativo de control migratorio\u201d del jueves \u201ctuvo en ni\u00f1ez y personas en vulnerabilidad\u201d.<\/p>\n<p style=\"text-align: justify;\">\u201cM\u00e9xico tiene derecho de controlar la entrada de extranjeros siempre que no haya uso excesivo de fuerza\u201d, se\u00f1al\u00f3, y exhort\u00f3 \u201ca preservar la unidad de las familias y asegurar la no devoluci\u00f3n de quien enfrente riesgos de persecuci\u00f3n y acceso a su procedimiento de asilo\u201d.<\/p>\n","protected":false},"excerpt":{"rendered":"<p>] CIUDAD DE M\u00c9XICO. * 24 de enero de 2020. | Reuters. M\u00e9xico neg\u00f3 el viernes que sus fuerzas de seguridad hubieran reprimido a miembros de la \u00faltima caravana de migrantes que ingres\u00f3 por la fuerza al pa\u00eds, ante crecientes cr\u00edticas de organismos como la ONU y analistas que han calificado la estrategia como la&#8230;<\/p>\n","protected":false},"author":1,"featured_media":0,"comment_status":"open","ping_status":"open","sticky":false,"template":"","format":"standard","meta":{"footnotes":""},"categories":[],"tags":[],"class_list":["post-40492","post","type-post","status-publish","format-standard","hentry"],"_links":{"self":[{"href":"https:\/\/www.acapulcopress.com\/index.php\/wp-json\/wp\/v2\/posts\/40492","targetHints":{"allow":["GET"]}}],"collection":[{"href":"https:\/\/www.acapulcopress.com\/index.php\/wp-json\/wp\/v2\/posts"}],"about":[{"href":"https:\/\/www.acapulcopress.com\/index.php\/wp-json\/wp\/v2\/types\/post"}],"author":[{"embeddable":true,"href":"https:\/\/www.acapulcopress.com\/index.php\/wp-json\/wp\/v2\/users\/1"}],"replies":[{"embeddable":true,"href":"https:\/\/www.acapulcopress.com\/index.php\/wp-json\/wp\/v2\/comments?post=40492"}],"version-history":[{"count":0,"href":"https:\/\/www.acapulcopress.com\/index.php\/wp-json\/wp\/v2\/posts\/40492\/revisions"}],"wp:attachment":[{"href":"https:\/\/www.acapulcopress.com\/index.php\/wp-json\/wp\/v2\/media?parent=40492"}],"wp:term":[{"taxonomy":"category","embeddable":true,"href":"https:\/\/www.acapulcopress.com\/index.php\/wp-json\/wp\/v2\/categories?post=40492"},{"taxonomy":"post_tag","embeddable":true,"href":"https:\/\/www.acapulcopress.com\/index.php\/wp-json\/wp\/v2\/tags?post=40492"}],"curies":[{"name":"wp","href":"https:\/\/api.w.org\/{rel}","templated":true}]}}