{"id":40502,"date":"2025-05-24T03:36:51","date_gmt":"2025-05-24T01:36:51","guid":{"rendered":"https:\/\/acapulcopress.com\/index.php\/2025\/05\/24\/congreso-nacional-unilateral-definiran-suerte-de-yeidckol-polevnsky\/"},"modified":"2025-05-24T03:36:51","modified_gmt":"2025-05-24T01:36:51","slug":"congreso-nacional-unilateral-definiran-suerte-de-yeidckol-polevnsky","status":"publish","type":"post","link":"https:\/\/www.acapulcopress.com\/index.php\/2025\/05\/24\/congreso-nacional-unilateral-definiran-suerte-de-yeidckol-polevnsky\/","title":{"rendered":"Congreso Nacional unilateral definir\u00e1n suerte de Yeidckol Polevnsky"},"content":{"rendered":"<p style=\"text-align: justify;\">] CIUDAD DE M\u00c9XICO. * 24 de enero de 2020.<br \/>\n| <a href=\"https:\/\/www.proceso.com.mx\/615559\/congreso-morena-polevnsky\" target=\"_blank\" rel=\"noopener noreferrer\">Apro<\/a>.<br \/>\nCon un ambiente envenenado, convocado s\u00f3lo por un sector del partido y sin el aval de la dirigencia, Morena celebrar\u00e1 este domingo su Congreso Nacional para definir si Yeidckol Polevnsky sigue en funciones de presidenta nacional o si se nombra un interino que conduzca un nuevo proceso interno para renovar a sus liderazgos.<\/p>\n<p style=\"text-align: justify;\">En la Sala de Armas de la Magdalena Mixhuca, en la capital del pa\u00eds, se celebrar\u00e1 el Congreso Nacional Extraordinario de Morena, convocado por la presidenta del Consejo Nacional, Bertha Luj\u00e1n, en medio de cuestionamientos sobre su validez legal, luego de que Polevnsky asegur\u00f3 que no asistir\u00e1 porque la convocatoria viola los Estatutos de ese partido y el fallo del Tribunal Electoral del Poder Judicial de la Federaci\u00f3n (TEPJF) que anul\u00f3 el proceso interno.<\/p>\n<p style=\"text-align: justify;\">Sin embargo, Luj\u00e1n, quien como Polevnsky aspira a presidir Morena, asegur\u00f3 que la convocatoria al Congreso Nacional es leg\u00edtima, porque la sentencia del TEPJF \u201cno detiene\u201d la convocatoria de este domingo.<\/p>\n<p style=\"text-align: justify;\">Asegur\u00f3 que el art\u00edculo 34, primer p\u00e1rrafo, de los Estatutos se establecen dos rutas que se emprendieron en paralelo: Primero, 18 de los 27 consejos estatales que est\u00e1n constituidos en el pa\u00eds, es decir, dos terceras partes, convocaron al Congreso.<\/p>\n<p style=\"text-align: justify;\">Y, segundo, la mayor\u00eda de las y los consejeros nacionales emitieron, el s\u00e1bado 18 de enero, una petici\u00f3n formal para convocar al Congreso Nacional Extraordinario.<\/p>\n<p style=\"text-align: justify;\">\u201cEs por ello que ratificamos la invitaci\u00f3n a todas y todos los consejeros estatales para que asistan y sean parte de este Congreso hist\u00f3rico que definir\u00e1 el rumbo de nuestro partido movimiento\u201d, afirm\u00f3 Luj\u00e1n en un pronunciamiento.<\/p>\n<p style=\"text-align: justify;\">Y, en conferencia de prensa, inform\u00f3 que en el Congreso Nacional se definir\u00e1 si Polevnsky sigue como secretaria general en funciones de presidenta de Morena.<\/p>\n<p style=\"text-align: justify;\">\u201cEl Congreso Nacional tendr\u00e1 que definir si sigue habiendo ese interinato o no\u201d, subray\u00f3 la presidenta del Consejo Nacional de Morena, quien inform\u00f3 que tambi\u00e9n se analizar\u00e1 la situaci\u00f3n de los integrantes del Comit\u00e9 Ejecutivo Nacional actual y de los comit\u00e9s estatales y, en su caso, la elecci\u00f3n de quienes ocupar\u00e1n los puestos vacantes.<\/p>\n<p style=\"text-align: justify;\">Tambi\u00e9n est\u00e1 previsto revisar la sentencia del TEPJF para repetir el proceso electoral interno e incluir a los afiliados de Morena de noviembre de 2017 a agosto de 2019, y repetir la elecci\u00f3n.<\/p>\n<p style=\"text-align: justify;\">Otro punto controvertido es la puesta en marcha del Instituto de Formaci\u00f3n Pol\u00edtica de Morena, encabezada por Rafael Barajas \u201cEl Fisg\u00f3n\u201d, quien ha denunciado que no ha recibido recursos para trabajar por los obst\u00e1culos impuestos por Polevnsky.<\/p>\n<p style=\"text-align: justify;\">Polevnsky, a su vez, ha dicho que la convocatoria al Congreso Nacional del domingo no tiene validez y que ella no va a validarlo asistiendo, porque no cumple con lo que establecen los estatutos.<\/p>\n","protected":false},"excerpt":{"rendered":"<p>] CIUDAD DE M\u00c9XICO. * 24 de enero de 2020. | Apro. Con un ambiente envenenado, convocado s\u00f3lo por un sector del partido y sin el aval de la dirigencia, Morena celebrar\u00e1 este domingo su Congreso Nacional para definir si Yeidckol Polevnsky sigue en funciones de presidenta nacional o si se nombra un interino que&#8230;<\/p>\n","protected":false},"author":1,"featured_media":0,"comment_status":"open","ping_status":"open","sticky":false,"template":"","format":"standard","meta":{"footnotes":""},"categories":[],"tags":[],"class_list":["post-40502","post","type-post","status-publish","format-standard","hentry"],"_links":{"self":[{"href":"https:\/\/www.acapulcopress.com\/index.php\/wp-json\/wp\/v2\/posts\/40502","targetHints":{"allow":["GET"]}}],"collection":[{"href":"https:\/\/www.acapulcopress.com\/index.php\/wp-json\/wp\/v2\/posts"}],"about":[{"href":"https:\/\/www.acapulcopress.com\/index.php\/wp-json\/wp\/v2\/types\/post"}],"author":[{"embeddable":true,"href":"https:\/\/www.acapulcopress.com\/index.php\/wp-json\/wp\/v2\/users\/1"}],"replies":[{"embeddable":true,"href":"https:\/\/www.acapulcopress.com\/index.php\/wp-json\/wp\/v2\/comments?post=40502"}],"version-history":[{"count":0,"href":"https:\/\/www.acapulcopress.com\/index.php\/wp-json\/wp\/v2\/posts\/40502\/revisions"}],"wp:attachment":[{"href":"https:\/\/www.acapulcopress.com\/index.php\/wp-json\/wp\/v2\/media?parent=40502"}],"wp:term":[{"taxonomy":"category","embeddable":true,"href":"https:\/\/www.acapulcopress.com\/index.php\/wp-json\/wp\/v2\/categories?post=40502"},{"taxonomy":"post_tag","embeddable":true,"href":"https:\/\/www.acapulcopress.com\/index.php\/wp-json\/wp\/v2\/tags?post=40502"}],"curies":[{"name":"wp","href":"https:\/\/api.w.org\/{rel}","templated":true}]}}