{"id":40538,"date":"2025-05-27T14:33:27","date_gmt":"2025-05-27T12:33:27","guid":{"rendered":"https:\/\/acapulcopress.com\/?p=40538"},"modified":"2025-05-27T14:33:27","modified_gmt":"2025-05-27T12:33:27","slug":"se-intensifica-confrontacion-cnte-gobierno-federal","status":"publish","type":"post","link":"https:\/\/www.acapulcopress.com\/index.php\/2025\/05\/27\/se-intensifica-confrontacion-cnte-gobierno-federal\/","title":{"rendered":"Se intensifica confrontaci\u00f3n CNTE-Gobierno Federal"},"content":{"rendered":"<p>Marem\u00e1gnum<br \/>\n\u00bb <a href=\"https:\/\/www.facebook.com\/ricardocastill01\" target=\"_blank\" rel=\"noopener\"><strong>RICARDO<\/strong> | <strong>CASTILLO BARRIENTOS<\/strong><\/a><\/p>\n<p>En las tres \u00faltimas d\u00e9cadas y media, el 17 de diciembre de 1979, en la ciudad de Tuxtla Guti\u00e9rrez, Chiapas, tuvo su origen la Coordinadora Nacional de Trabajadores de la Educaci\u00f3n (CNTE), como una alternativa democr\u00e1tica al Sindicato Nacional de Trabajadores de la Educaci\u00f3n (SNTE), la organizaci\u00f3n sindical de maestros m\u00e1s grande de Am\u00e9rica Latina.<\/p>\n<p>En la entidad surgi\u00f3 de inmediato la Coordinadora Estatal de Trabajadores de la Educaci\u00f3n de Guerrero (CETEG), con los mismos fines que la CNTE, en defensa de los derechos de los maestros guerrerenses, conculcados por las autoridades educativas.<\/p>\n<p>Hasta antes del surgimiento de la CNTE-CETEG, las actividades educativas se ven\u00edan realizando con normalidad y los maestros y maestras, pr\u00e1cticamente ejerc\u00edan un apostolado en los salones de clase, con el reconocimiento de los padres de familia y la sociedad en general.<\/p>\n<p>El crecimiento desmesurado de la poblaci\u00f3n escolar hizo que se trastocara el sistema educativo federal, dando inicio en 1978, un proceso de descentralizaci\u00f3n educativa con la gesti\u00f3n y financiamiento de la educaci\u00f3n, culminando en 1992 con la transferencia de la responsabilidad magisterial de la federaci\u00f3n a los estados de la Rep\u00fablica.<\/p>\n<p>Durante este proceso comenzaron las movilizaciones en el pa\u00eds y la entidad, impulsados por la nueva y combativa organizaci\u00f3n magisterial, con estrategias de lucha que van m\u00e1s all\u00e1 del sector educativo, afectando a la poblaci\u00f3n con bloqueos y acciones diversas, a fin de presionar a los gobiernos federal y estatal para que atendieran las demandas sindicales m\u00e1s apremiantes.<\/p>\n<p>Durante ese periodo hasta la actualidad, se han producido intensas movilizaciones como las generadas a partir del 15 de mayo del presente a\u00f1o, con alto impacto en la Ciudad de M\u00e9xico, Guerrero, Chiapas, Oaxaca, Michoac\u00e1n y Tabasco, principalmente.<\/p>\n<p>Las demandas m\u00e1s relevantes de este sector del magisterio se centran en la abrogaci\u00f3n de la Ley del ISSSTE de 2007, aprobada en el gobierno de Felipe Calder\u00f3n, con la creaci\u00f3n de las cuentas individuales en AFORES, que afecta a toda la burocracia nacional, en beneficio multi millonario de empresas aseguradoras y bancarias.<\/p>\n<p>As\u00ed mismo, exigen la desaparici\u00f3n de la \u00faltima reforma educativa aprobada en 2019, impulsada por el gobierno de Andr\u00e9s Manuel L\u00f3pez Obrador, cuya reforma se le conoce como \u201cNueva Escuela Mexicana\u201d.<\/p>\n<p>Tambi\u00e9n demandan la modificaci\u00f3n de la edad de jubilaci\u00f3n y eliminar el Sistema para la Carrera Magisterial (USICAM) y un incremento salarial del 100%, cuando la presidenta Sheinbaum les ofreci\u00f3 el 9%, y el 1%, en septiembre pr\u00f3ximo, lo cual representa un presupuesto anual de 36 mil millones de pesos.<\/p>\n<p>El problema magisterial se ha tornado bastante cr\u00edtico por la confrontaci\u00f3n con el gobierno federal, por no ceder a las demandas planteadas, algunas han sido aceptadas parcialmente, dejando insatisfechos a la organizaci\u00f3n sindical.<\/p>\n<p>Por el momento no se avizora soluci\u00f3n, se espera en los pr\u00f3ximos d\u00edas o semanas, se aterricen los acuerdos en beneficio de los maestros y maestras mexicanos y as\u00ed se pueda concluir el ciclo escolar.<\/p>\n<p><strong>Marea Baja.-<\/strong> Qui\u00e9n no baja la guardia en ning\u00fan momento, es el rector Javier Salda\u00f1a Almaz\u00e1n, al ser electo por unanimidad Presidente del Consejo de Universidades P\u00fablicas e Institucione Afines (CUPIA), durante la LXIII, celebrada en la Universidad Aut\u00f3noma de Baja California, en reconocimiento al trabajo acad\u00e9mico e investigaci\u00f3n cient\u00edfica que viene realizando en la UAGro.<\/p>\n<p>Este organismo universitario tiene como objetivo fortalecer los v\u00ednculos entre las instituciones adheridas, por medio de proyectos espec\u00edficos y la coordinaci\u00f3n de esfuerzos para enfrentar problemas comunes en la educaci\u00f3n superior p\u00fablica.<\/p>\n<p>El rector Salda\u00f1a Almaz\u00e1n agradeci\u00f3 a los rectores y rectoras del pa\u00eds, la distinci\u00f3n de representarlos en esa instituci\u00f3n de educaci\u00f3n superior, estableciendo el compromiso de poner su experiencia y voluntad en proyectos que impulsen la transformaci\u00f3n de M\u00e9xico.<\/p>\n<p><strong>Marea Alta.-<\/strong> Por primera vez desde su creaci\u00f3n en el gobierno municipal de F\u00e9lix Salgado Macedonio, el \u201cFestival Acamoto\u201d ha recibido fuertes cr\u00edticas y una f\u00e9rrea oposici\u00f3n y en lo sucesivo, no se permita la celebraci\u00f3n del evento, al cual acuden m\u00e1s de 10 mil motociclistas de var\u00edas partes del pa\u00eds, acompa\u00f1ados de familiares y amistades que ronda en m\u00e1s de 50 mil visitantes, la mayor\u00eda se hospedan en la hoteler\u00eda del Acapulco Tradicional y Dorado.<\/p>\n<p>Por infinidad de desmanes, violencia y muertes, adem\u00e1s del alto consumo de alcohol y drogas, suscitados en el transcurso del evento, m\u00e1s de 15 mil personas verificadas por <strong>Change.org<\/strong>, han firmado una petici\u00f3n solicitando a las autoridades la cancelaci\u00f3n del \u201cAcamoto\u201d, por los diversos hechos negativos registrado cada a\u00f1o. Las autoridades locales tienen la palabra, aunque los motociclistas tratar\u00e1n de imponerse a toda costa.<\/p>\n<p><strong>Maremoto.-<\/strong> Una de las mejores noticias que se han conocido en Chilpancingo en los \u00faltimos a\u00f1os, es la reubicaci\u00f3n de casi 500 familias de la zona poniente que han venido corriendo riesgos por hundimientos de la topograf\u00eda y deslizamientos de cerros, a causa de temblores, huracanes y lluvias.<\/p>\n<p>Trascendi\u00f3 que el Gobierno del Estado adquirir\u00e1 un predio de tres hect\u00e1reas, mientras el gobierno federal, a trav\u00e9s del Fondo de Vivienda ejecutar\u00e1 el Programa de Vivienda Social (PVS), con la construcci\u00f3n de casi medio millar de casas habitaci\u00f3n. Al ayuntamiento capitalino corresponder\u00e1 la introducci\u00f3n de servicios p\u00fablicos.<\/p>\n<p>Hace una d\u00e9cada que los pobladores de la zona poniente de la capital, han venido reclamando garant\u00edas de seguridad para las vidas de sus familias, ante el temor permanente de sufrir da\u00f1os de incalculables consecuencias.<\/p>\n<p><em>) acapulcopress.com<\/em><\/p>\n<p>&nbsp;<\/p>\n<p>&nbsp;<\/p>\n<p>&nbsp;<\/p>\n","protected":false},"excerpt":{"rendered":"<p>Marem\u00e1gnum \u00bb RICARDO | CASTILLO BARRIENTOS En las tres \u00faltimas d\u00e9cadas y media, el 17 de diciembre de 1979, en la ciudad de Tuxtla Guti\u00e9rrez, Chiapas, tuvo su origen la Coordinadora Nacional de Trabajadores de la Educaci\u00f3n (CNTE), como una alternativa democr\u00e1tica al Sindicato Nacional de Trabajadores de la Educaci\u00f3n (SNTE), la organizaci\u00f3n sindical de&#8230;<\/p>\n","protected":false},"author":1,"featured_media":40539,"comment_status":"open","ping_status":"open","sticky":false,"template":"","format":"standard","meta":{"footnotes":""},"categories":[2071,1991],"tags":[12503,15575],"class_list":["post-40538","post","type-post","status-publish","format-standard","has-post-thumbnail","hentry","category-opinion-analisis-columnas","category-libertad-de-expresion","tag-maremagnum","tag-ricardo-castillo-barrientos"],"_links":{"self":[{"href":"https:\/\/www.acapulcopress.com\/index.php\/wp-json\/wp\/v2\/posts\/40538","targetHints":{"allow":["GET"]}}],"collection":[{"href":"https:\/\/www.acapulcopress.com\/index.php\/wp-json\/wp\/v2\/posts"}],"about":[{"href":"https:\/\/www.acapulcopress.com\/index.php\/wp-json\/wp\/v2\/types\/post"}],"author":[{"embeddable":true,"href":"https:\/\/www.acapulcopress.com\/index.php\/wp-json\/wp\/v2\/users\/1"}],"replies":[{"embeddable":true,"href":"https:\/\/www.acapulcopress.com\/index.php\/wp-json\/wp\/v2\/comments?post=40538"}],"version-history":[{"count":1,"href":"https:\/\/www.acapulcopress.com\/index.php\/wp-json\/wp\/v2\/posts\/40538\/revisions"}],"predecessor-version":[{"id":40540,"href":"https:\/\/www.acapulcopress.com\/index.php\/wp-json\/wp\/v2\/posts\/40538\/revisions\/40540"}],"wp:featuredmedia":[{"embeddable":true,"href":"https:\/\/www.acapulcopress.com\/index.php\/wp-json\/wp\/v2\/media\/40539"}],"wp:attachment":[{"href":"https:\/\/www.acapulcopress.com\/index.php\/wp-json\/wp\/v2\/media?parent=40538"}],"wp:term":[{"taxonomy":"category","embeddable":true,"href":"https:\/\/www.acapulcopress.com\/index.php\/wp-json\/wp\/v2\/categories?post=40538"},{"taxonomy":"post_tag","embeddable":true,"href":"https:\/\/www.acapulcopress.com\/index.php\/wp-json\/wp\/v2\/tags?post=40538"}],"curies":[{"name":"wp","href":"https:\/\/api.w.org\/{rel}","templated":true}]}}