{"id":40553,"date":"2025-05-26T16:01:41","date_gmt":"2025-05-26T14:01:41","guid":{"rendered":"https:\/\/acapulcopress.com\/?p=40553"},"modified":"2025-05-27T16:16:52","modified_gmt":"2025-05-27T14:16:52","slug":"norona-reconoce-gasto-publico-en-libros-clasicos-del-comunismo-cuando-era-diputado","status":"publish","type":"post","link":"https:\/\/www.acapulcopress.com\/index.php\/2025\/05\/26\/norona-reconoce-gasto-publico-en-libros-clasicos-del-comunismo-cuando-era-diputado\/","title":{"rendered":"Noro\u00f1a reconoce gasto p\u00fablico en libros cl\u00e1sicos del comunismo cuando era diputado"},"content":{"rendered":"<p>CIUDAD DE M\u00c9XICO * 26 de mayo 2025<br \/>\n<em>) <a href=\"https:\/\/latinus.us\/mexico\/2025\/5\/26\/fernandez-norona-reconoce-gasto-publico-en-libros-clasicos-del-comunismo-cuando-era-diputado-142895.html\" target=\"_blank\" rel=\"noopener\">LatinUs<\/a><br \/>\n<\/em><strong>Gerardo Fern\u00e1ndez Noro\u00f1a<\/strong>, senador de Morena, confirm\u00f3 que como presidente del<em> Consejo Editorial de la C\u00e1mara de Diputados,<\/em> se realiz\u00f3 un gasto de 28 millones de pesos para publicar obras cl\u00e1sicas de la literatura comunista y otros t\u00edtulos.<\/p>\n<p>Latinus public\u00f3 que tan s\u00f3lo en 2024, cuando Fern\u00e1ndez Noro\u00f1a presid\u00eda el Comit\u00e9 Editorial de la C\u00e1mara de Diputados, se editaron e imprimieron 5 mil ejemplares de los libros \u201cManifiesto comunista\u201d, escrito por <strong>Marx<\/strong> y <strong>Engels<\/strong>; \u201cEl ABC del comunismo\u201d, de<strong> Nicol\u00e1i Bujarin<\/strong>; \u201cEscritos sobre el partido 1 y 2\u201d, de Lenin, as\u00ed como la biograf\u00eda: \u201cLenin\u201d, del historiador<strong> Gerard Walter<\/strong>.<\/p>\n<p>Tan s\u00f3lo la impresi\u00f3n de esos t\u00edtulos, que enaltecen la actuaci\u00f3n de figuras comunistas, tuvo un costo de 900 mil pesos con cargo al recinto legislativo de San L\u00e1zaro.<\/p>\n<p>En ese marco, en conferencia de prensa en su oficina del Senado, Fern\u00e1ndez Noro\u00f1a expuso que no s\u00f3lo se editaron dichas obras, sino otras como \u201cEl rey del mundo\u201d, \u201cPeleamos contra la injusticia\u201d, \u201cEl pasado no es un sue\u00f1o\u201d, \u201cLa cancelaci\u00f3n\u201d y \u201cUn s\u00f3lo hombre\u201d, entre otros.<\/p>\n<p>Dijo que los libros como \u201cManifiesto comunista\u201d no son \u2014per se\u2014 comunistas.<\/p>\n<p>\u201cNo s\u00e9 lo que sea un libro comunista, la verdad. S\u00e9 de libros que puedan hablar de comunismo, del anarquismo, del socialismo, de capitalismo, pero ni el &#8216;Manifiesto comunista&#8217; es un libro comunista en sentido estricto\u201d.<\/p>\n<p>Afirm\u00f3 que de los libros que propon\u00eda como presidente del Consejo Editorial en San L\u00e1zaro le correspondieron 50 para \u00e9l, por lo que a\u00fan conserva algunos de ellos.<\/p>\n<p>Sin embargo, Fern\u00e1ndez Noro\u00f1a afirm\u00f3 que pr\u00e1cticamente todos los t\u00edtulos que propuso imprimir, y que fueron obsequiados, fueron avalados por unanimidad.<\/p>\n<p>\u201cPorque todos los libros que sacamos durante, yo fui cacique del Consejo Editorial cuatro a\u00f1os, el \u00faltimo a\u00f1o de la legislatura 2018-2021, y los tres a\u00f1os de la siguiente legislatura, todos, el primer a\u00f1o fue muy dif\u00edcil porque ten\u00edan prejuicio conmigo, y a partir de que nos fuimos trabajando, todos, absolutamente todos los libros salieron por unanimidad, del PRI, del PAN, del PRD, del PT, del Verde, de Morena, todos. Y yo les recuerdo que en ese tiempo yo no ten\u00eda voto ponderado como lo tengo aqu\u00ed en la C\u00e1mara de Senadores\u201d, refiri\u00f3.<\/p>\n<p>\u201cEjercimos, para que todav\u00eda le den m\u00e1s vuelo al tema, 28 millones y medio durante esos cuatro a\u00f1os en libros, todo se gast\u00f3 en libros, todo se regal\u00f3 en ferias de libros\u201d, asever\u00f3.<\/p>\n<p><em>) acapulcopress.com<\/em><\/p>\n","protected":false},"excerpt":{"rendered":"<p>CIUDAD DE M\u00c9XICO * 26 de mayo 2025 ) LatinUs Gerardo Fern\u00e1ndez Noro\u00f1a, senador de Morena, confirm\u00f3 que como presidente del Consejo Editorial de la C\u00e1mara de Diputados, se realiz\u00f3 un gasto de 28 millones de pesos para publicar obras cl\u00e1sicas de la literatura comunista y otros t\u00edtulos. Latinus public\u00f3 que tan s\u00f3lo en 2024,&#8230;<\/p>\n","protected":false},"author":1,"featured_media":40554,"comment_status":"open","ping_status":"open","sticky":false,"template":"","format":"standard","meta":{"footnotes":""},"categories":[1972,1985],"tags":[18360,18363,18359,18362,18358,18364,9164,18361],"class_list":["post-40553","post","type-post","status-publish","format-standard","has-post-thumbnail","hentry","category-special","category-historia-y-civismo-la-foto","tag-el-abc-del-comunismo","tag-lenin","tag-manifiesto-comunista","tag-carlos-marx","tag-consejo-editorial-de-la-camara-de-diputados","tag-gerard-walter","tag-gerardo-fernandez-norona","tag-nicolai-bujarin"],"_links":{"self":[{"href":"https:\/\/www.acapulcopress.com\/index.php\/wp-json\/wp\/v2\/posts\/40553","targetHints":{"allow":["GET"]}}],"collection":[{"href":"https:\/\/www.acapulcopress.com\/index.php\/wp-json\/wp\/v2\/posts"}],"about":[{"href":"https:\/\/www.acapulcopress.com\/index.php\/wp-json\/wp\/v2\/types\/post"}],"author":[{"embeddable":true,"href":"https:\/\/www.acapulcopress.com\/index.php\/wp-json\/wp\/v2\/users\/1"}],"replies":[{"embeddable":true,"href":"https:\/\/www.acapulcopress.com\/index.php\/wp-json\/wp\/v2\/comments?post=40553"}],"version-history":[{"count":2,"href":"https:\/\/www.acapulcopress.com\/index.php\/wp-json\/wp\/v2\/posts\/40553\/revisions"}],"predecessor-version":[{"id":40556,"href":"https:\/\/www.acapulcopress.com\/index.php\/wp-json\/wp\/v2\/posts\/40553\/revisions\/40556"}],"wp:featuredmedia":[{"embeddable":true,"href":"https:\/\/www.acapulcopress.com\/index.php\/wp-json\/wp\/v2\/media\/40554"}],"wp:attachment":[{"href":"https:\/\/www.acapulcopress.com\/index.php\/wp-json\/wp\/v2\/media?parent=40553"}],"wp:term":[{"taxonomy":"category","embeddable":true,"href":"https:\/\/www.acapulcopress.com\/index.php\/wp-json\/wp\/v2\/categories?post=40553"},{"taxonomy":"post_tag","embeddable":true,"href":"https:\/\/www.acapulcopress.com\/index.php\/wp-json\/wp\/v2\/tags?post=40553"}],"curies":[{"name":"wp","href":"https:\/\/api.w.org\/{rel}","templated":true}]}}