{"id":40576,"date":"2025-05-26T17:18:48","date_gmt":"2025-05-26T15:18:48","guid":{"rendered":"https:\/\/acapulcopress.com\/?p=40576"},"modified":"2025-05-27T17:27:17","modified_gmt":"2025-05-27T15:27:17","slug":"scjn-avala-que-marina-tome-control-administrativo-de-puertos","status":"publish","type":"post","link":"https:\/\/www.acapulcopress.com\/index.php\/2025\/05\/26\/scjn-avala-que-marina-tome-control-administrativo-de-puertos\/","title":{"rendered":"SCJN avala que Marina tome control administrativo de puertos"},"content":{"rendered":"<p>CIUDAD DE M\u00c9XICO * 26 de mayo 2025<br \/>\n<em>)<a href=\"https:\/\/www.proceso.com.mx\/nacional\/2025\/5\/26\/scjn-avala-que-la-marina-tenga-el-control-administrativo-de-los-puertos-del-pais-351859.html\" target=\"_blank\" rel=\"noopener\"> Apro<\/a><br \/>\n<\/em>La <em>Suprema Corte de Justicia de la Naci\u00f3n (SCJN)<\/em> aval\u00f3 que la Secretar\u00eda de Marina (Semar) tenga el control administrativo de los puertos en el pa\u00eds.<\/p>\n<p>Este lunes los ministros analizaron la acci\u00f3n de inconstitucionalidad promovida por senadores de la oposici\u00f3n contra m\u00faltiples disposiciones de las leyes Org\u00e1nica de la Administraci\u00f3n P\u00fablica Federal y de Navegaci\u00f3n y Comercio Mar\u00edtimo.<\/p>\n<p>La reforma impugnada establece que la Semar se encargar\u00e1 de la administraci\u00f3n de los puertos y la Armada de M\u00e9xico se enfocar\u00e1 en el desarrollo de los cuerpos castrenses.<\/p>\n<p>Es decir, ambos organismos formando parte de una misma instituci\u00f3n, pero con funciones distintas.<\/p>\n<p>Esto implica que la Semar controle y administre los ingresos y egresos del comercio portuario en M\u00e9xico.<\/p>\n<p>Con mayor\u00eda de ocho votos los ministros avalaron la reforma impulsada el sexenio pasado al considerar que la transferencia de facultades a Semar en materia de v\u00edas mar\u00edtimas no fue indebida.<\/p>\n<p>\u201cEl Pleno determin\u00f3 que el Decreto impugnado no otorga atribuciones ordinarias a la Armada de M\u00e9xico fuera de sus l\u00edmites constitucionales. Tambi\u00e9n indic\u00f3 que no es posible equiparar autom\u00e1ticamente a la Semar con la Armada de M\u00e9xico, en tanto que la primera es una Secretar\u00eda de Estado y la segunda, una autoridad militar, bajo la administraci\u00f3n de la primera\u201d, explic\u00f3 la Corte mediante un comunicado.<\/p>\n<p>\u201cNo se advierte que el Decreto impugnado haya transferido a la Semar facultades en materia de seguridad p\u00fablica, por lo que tampoco representa una medida regresiva con el potencial de afectar directamente alg\u00fan derecho humano, pues no existi\u00f3 una militarizaci\u00f3n del \u00e1mbito mar\u00edtimo, ni se asignaron funciones de esta naturaleza a las fuerzas armadas\u201d.<\/p>\n<p>La ministra presidenta Norma Pi\u00f1a y el ministro Javier Laynez fueron los \u00fanicos que votaron en contra del proyecto de resoluci\u00f3n planteado por Juan Luis Gonz\u00e1lez Alc\u00e1ntara Carranc\u00e1.<\/p>\n<p><em>) acapulcopress.com<\/em><\/p>\n","protected":false},"excerpt":{"rendered":"<p>CIUDAD DE M\u00c9XICO * 26 de mayo 2025 ) Apro La Suprema Corte de Justicia de la Naci\u00f3n (SCJN) aval\u00f3 que la Secretar\u00eda de Marina (Semar) tenga el control administrativo de los puertos en el pa\u00eds. Este lunes los ministros analizaron la acci\u00f3n de inconstitucionalidad promovida por senadores de la oposici\u00f3n contra m\u00faltiples disposiciones de&#8230;<\/p>\n","protected":false},"author":1,"featured_media":40577,"comment_status":"open","ping_status":"open","sticky":false,"template":"","format":"standard","meta":{"footnotes":""},"categories":[1997],"tags":[16222,16935],"class_list":["post-40576","post","type-post","status-publish","format-standard","has-post-thumbnail","hentry","category-noticias-destacadas","tag-secretaria-de-marina-semar","tag-suprema-corte-de-justicia-de-la-nacion-scjn"],"_links":{"self":[{"href":"https:\/\/www.acapulcopress.com\/index.php\/wp-json\/wp\/v2\/posts\/40576","targetHints":{"allow":["GET"]}}],"collection":[{"href":"https:\/\/www.acapulcopress.com\/index.php\/wp-json\/wp\/v2\/posts"}],"about":[{"href":"https:\/\/www.acapulcopress.com\/index.php\/wp-json\/wp\/v2\/types\/post"}],"author":[{"embeddable":true,"href":"https:\/\/www.acapulcopress.com\/index.php\/wp-json\/wp\/v2\/users\/1"}],"replies":[{"embeddable":true,"href":"https:\/\/www.acapulcopress.com\/index.php\/wp-json\/wp\/v2\/comments?post=40576"}],"version-history":[{"count":1,"href":"https:\/\/www.acapulcopress.com\/index.php\/wp-json\/wp\/v2\/posts\/40576\/revisions"}],"predecessor-version":[{"id":40578,"href":"https:\/\/www.acapulcopress.com\/index.php\/wp-json\/wp\/v2\/posts\/40576\/revisions\/40578"}],"wp:featuredmedia":[{"embeddable":true,"href":"https:\/\/www.acapulcopress.com\/index.php\/wp-json\/wp\/v2\/media\/40577"}],"wp:attachment":[{"href":"https:\/\/www.acapulcopress.com\/index.php\/wp-json\/wp\/v2\/media?parent=40576"}],"wp:term":[{"taxonomy":"category","embeddable":true,"href":"https:\/\/www.acapulcopress.com\/index.php\/wp-json\/wp\/v2\/categories?post=40576"},{"taxonomy":"post_tag","embeddable":true,"href":"https:\/\/www.acapulcopress.com\/index.php\/wp-json\/wp\/v2\/tags?post=40576"}],"curies":[{"name":"wp","href":"https:\/\/api.w.org\/{rel}","templated":true}]}}