{"id":40593,"date":"2025-05-29T02:23:11","date_gmt":"2025-05-29T00:23:11","guid":{"rendered":"https:\/\/acapulcopress.com\/?p=40593"},"modified":"2025-05-29T02:30:28","modified_gmt":"2025-05-29T00:30:28","slug":"raul-noyola-nuevo-coordinador-de-proteccion-civil-acapulco","status":"publish","type":"post","link":"https:\/\/www.acapulcopress.com\/index.php\/2025\/05\/29\/raul-noyola-nuevo-coordinador-de-proteccion-civil-acapulco\/","title":{"rendered":"Ra\u00fal Noyola, nuevo coordinador de Protecci\u00f3n Civil Acapulco"},"content":{"rendered":"<p>ACAPULCO * 28 de mayo 2025<br \/>\n<em>) Gobierno de Acapulco<\/em><br \/>\nDurante la S\u00e9ptima Sesi\u00f3n Extraordinaria de Cabildo fue designado <strong>Ra\u00fal Noyola Rocha<\/strong> como titular de la Coordinaci\u00f3n General de Protecci\u00f3n Civil y Bomberos del municipio.<\/p>\n<p>Durante el evento, el nuevo titular de Protecci\u00f3n Civil local fue reconocido por la alcaldesa <strong>Abelina L\u00f3pez<\/strong> y el cuerpo edilicio por su vasta experiencia debido a su presencia en momentos adversos que la ciudad ha padecido.<br \/>\n<em>) acapulcopress.com<\/em><\/p>\n","protected":false},"excerpt":{"rendered":"<p>ACAPULCO * 28 de mayo 2025 ) Gobierno de Acapulco Durante la S\u00e9ptima Sesi\u00f3n Extraordinaria de Cabildo fue designado Ra\u00fal Noyola Rocha como titular de la Coordinaci\u00f3n General de Protecci\u00f3n Civil y Bomberos del municipio. Durante el evento, el nuevo titular de Protecci\u00f3n Civil local fue reconocido por la alcaldesa Abelina L\u00f3pez y el cuerpo&#8230;<\/p>\n","protected":false},"author":1,"featured_media":40586,"comment_status":"open","ping_status":"open","sticky":false,"template":"","format":"standard","meta":{"footnotes":""},"categories":[1969],"tags":[3075,18370],"class_list":["post-40593","post","type-post","status-publish","format-standard","has-post-thumbnail","hentry","category-trending","tag-abelina-lopez","tag-raul-noyola-rocha"],"_links":{"self":[{"href":"https:\/\/www.acapulcopress.com\/index.php\/wp-json\/wp\/v2\/posts\/40593","targetHints":{"allow":["GET"]}}],"collection":[{"href":"https:\/\/www.acapulcopress.com\/index.php\/wp-json\/wp\/v2\/posts"}],"about":[{"href":"https:\/\/www.acapulcopress.com\/index.php\/wp-json\/wp\/v2\/types\/post"}],"author":[{"embeddable":true,"href":"https:\/\/www.acapulcopress.com\/index.php\/wp-json\/wp\/v2\/users\/1"}],"replies":[{"embeddable":true,"href":"https:\/\/www.acapulcopress.com\/index.php\/wp-json\/wp\/v2\/comments?post=40593"}],"version-history":[{"count":2,"href":"https:\/\/www.acapulcopress.com\/index.php\/wp-json\/wp\/v2\/posts\/40593\/revisions"}],"predecessor-version":[{"id":40596,"href":"https:\/\/www.acapulcopress.com\/index.php\/wp-json\/wp\/v2\/posts\/40593\/revisions\/40596"}],"wp:featuredmedia":[{"embeddable":true,"href":"https:\/\/www.acapulcopress.com\/index.php\/wp-json\/wp\/v2\/media\/40586"}],"wp:attachment":[{"href":"https:\/\/www.acapulcopress.com\/index.php\/wp-json\/wp\/v2\/media?parent=40593"}],"wp:term":[{"taxonomy":"category","embeddable":true,"href":"https:\/\/www.acapulcopress.com\/index.php\/wp-json\/wp\/v2\/categories?post=40593"},{"taxonomy":"post_tag","embeddable":true,"href":"https:\/\/www.acapulcopress.com\/index.php\/wp-json\/wp\/v2\/tags?post=40593"}],"curies":[{"name":"wp","href":"https:\/\/api.w.org\/{rel}","templated":true}]}}