{"id":40600,"date":"2025-05-29T03:11:51","date_gmt":"2025-05-29T01:11:51","guid":{"rendered":"https:\/\/acapulcopress.com\/?p=40600"},"modified":"2025-05-29T03:13:42","modified_gmt":"2025-05-29T01:13:42","slug":"anuncia-rubio-restriccion-de-visados-a-extranjeros","status":"publish","type":"post","link":"https:\/\/www.acapulcopress.com\/index.php\/2025\/05\/29\/anuncia-rubio-restriccion-de-visados-a-extranjeros\/","title":{"rendered":"Anuncia Rubio restricci\u00f3n de visados a extranjeros"},"content":{"rendered":"<p>WASHINGTON * 28 de mayo 2025<br \/>\n<em>) <a href=\"https:\/\/efe.com\/mundo\/2025-05-28\/eeuu-visados-funcionarios-extranjeros-censura-redes-sociales\/\" target=\"_blank\" rel=\"noopener\">Efe <\/a><br \/>\n<\/em>El secretario de Estado de Estados Unidos, <strong>Marco Rubio<\/strong>, anunci\u00f3 este mi\u00e9rcoles una nueva pol\u00edtica para restringir la emisi\u00f3n de visados a funcionarios extranjeros que, seg\u00fan afirm\u00f3, incurran en actos de censura contra ciudadanos estadounidenses o redes sociales con sede en el pa\u00eds.<\/p>\n<p>\u00abEn algunos casos, funcionarios extranjeros han tomado medidas de censura flagrantes contra empresas tecnol\u00f3gicas estadounidenses y ciudadanos estadounidenses sin tener la autoridad para hacerlo\u00bb, declar\u00f3 Rubio en un comunicado.<\/p>\n<p>Por ello, el jefe de la diplomacia estadounidense anunci\u00f3 \u00abuna nueva pol\u00edtica de restricci\u00f3n de visados que se aplicar\u00e1 a los extranjeros responsables de censurar la libertad de expresi\u00f3n en Estados Unidos\u00bb.<\/p>\n<p>Rubio catalog\u00f3 de \u00abinaceptable\u00bb que funcionarios extranjeros \u00abemitan \u00f3rdenes de arresto\u00bb contra estadounidenses por publicaciones en redes sociales y que \u00abexijan a las plataformas tecnol\u00f3gicas estadounidenses que adopten pol\u00edticas de moderaci\u00f3n de contenido\u00bb.<\/p>\n<p>Un debate sobre moderaci\u00f3n de contenidos en redes sociales<br \/>\nAunque no mencion\u00f3 casos concretos, su anuncio llega tras el enfrentamiento del a\u00f1o pasado entre la red social X, propiedad de Elon Musk, y la Corte Suprema de Brasil, que orden\u00f3 eliminar perfiles falsos de la plataforma.<\/p>\n<p>En la misma l\u00ednea, la Comisi\u00f3n Europea advirti\u00f3 en enero a Meta \u2014empresa matriz de Facebook, Instagram y WhatsApp\u2014 que debe cumplir con las pol\u00edticas de moderaci\u00f3n de contenidos, luego de que la compa\u00f1\u00eda decidiera finalizar sus programas de verificaci\u00f3n de datos en Estados Unidos para complacer al nuevo Gobierno de Donald Trump.<\/p>\n<p>El vicepresidente estadounidense, JD Vance, critic\u00f3 en febrero durante un discurso en M\u00fanich a los pa\u00edses europeos, a los que acusa de \u00abcensurar\u00bb a las voces de ultraderecha.<\/p>\n<p>Al mismo tiempo, la Administraci\u00f3n de Trump ha revocado centenares de visas a estudiantes que protagonizaron protestas propalestinas en universidades de Estados Unidos y ha frenado la emisi\u00f3n de nuevos visados mientras se prepara para revisar las redes sociales de todos los solicitantes.<\/p>\n<p><em>) acapulcopress.com<\/em><\/p>\n","protected":false},"excerpt":{"rendered":"<p>WASHINGTON * 28 de mayo 2025 ) Efe El secretario de Estado de Estados Unidos, Marco Rubio, anunci\u00f3 este mi\u00e9rcoles una nueva pol\u00edtica para restringir la emisi\u00f3n de visados a funcionarios extranjeros que, seg\u00fan afirm\u00f3, incurran en actos de censura contra ciudadanos estadounidenses o redes sociales con sede en el pa\u00eds. \u00abEn algunos casos, funcionarios&#8230;<\/p>\n","protected":false},"author":1,"featured_media":40601,"comment_status":"open","ping_status":"open","sticky":false,"template":"","format":"standard","meta":{"footnotes":""},"categories":[2020],"tags":[12489,17960],"class_list":["post-40600","post","type-post","status-publish","format-standard","has-post-thumbnail","hentry","category-world-news","tag-marco-rubio","tag-visa"],"_links":{"self":[{"href":"https:\/\/www.acapulcopress.com\/index.php\/wp-json\/wp\/v2\/posts\/40600","targetHints":{"allow":["GET"]}}],"collection":[{"href":"https:\/\/www.acapulcopress.com\/index.php\/wp-json\/wp\/v2\/posts"}],"about":[{"href":"https:\/\/www.acapulcopress.com\/index.php\/wp-json\/wp\/v2\/types\/post"}],"author":[{"embeddable":true,"href":"https:\/\/www.acapulcopress.com\/index.php\/wp-json\/wp\/v2\/users\/1"}],"replies":[{"embeddable":true,"href":"https:\/\/www.acapulcopress.com\/index.php\/wp-json\/wp\/v2\/comments?post=40600"}],"version-history":[{"count":1,"href":"https:\/\/www.acapulcopress.com\/index.php\/wp-json\/wp\/v2\/posts\/40600\/revisions"}],"predecessor-version":[{"id":40602,"href":"https:\/\/www.acapulcopress.com\/index.php\/wp-json\/wp\/v2\/posts\/40600\/revisions\/40602"}],"wp:featuredmedia":[{"embeddable":true,"href":"https:\/\/www.acapulcopress.com\/index.php\/wp-json\/wp\/v2\/media\/40601"}],"wp:attachment":[{"href":"https:\/\/www.acapulcopress.com\/index.php\/wp-json\/wp\/v2\/media?parent=40600"}],"wp:term":[{"taxonomy":"category","embeddable":true,"href":"https:\/\/www.acapulcopress.com\/index.php\/wp-json\/wp\/v2\/categories?post=40600"},{"taxonomy":"post_tag","embeddable":true,"href":"https:\/\/www.acapulcopress.com\/index.php\/wp-json\/wp\/v2\/tags?post=40600"}],"curies":[{"name":"wp","href":"https:\/\/api.w.org\/{rel}","templated":true}]}}