{"id":40606,"date":"2025-05-27T03:42:19","date_gmt":"2025-05-27T01:42:19","guid":{"rendered":"https:\/\/acapulcopress.com\/?p=40606"},"modified":"2025-05-29T03:51:17","modified_gmt":"2025-05-29T01:51:17","slug":"congreso-avala-incluir-lenguaje-no-sexista-en-su-ley-organica","status":"publish","type":"post","link":"https:\/\/www.acapulcopress.com\/index.php\/2025\/05\/27\/congreso-avala-incluir-lenguaje-no-sexista-en-su-ley-organica\/","title":{"rendered":"Congreso avala incluir lenguaje no sexista en su ley org\u00e1nica"},"content":{"rendered":"<p>CHILPANCINGO * 27 de mayo 2025<br \/>\n<em>) LVI legislatura | Guerrero<\/em><br \/>\nDiputadas y diputados aprobaron reformas y adiciones a la Ley Org\u00e1nica del Poder Legislativo del Estado de Guerrero para incorporar de manera transversal el uso de un lenguaje incluyente y no sexista, y para que para que las y los diputados presenten su informe anual de actividades no solo ante la Mesa Directiva, tambi\u00e9n ante la ciudadan\u00eda, de forma presencial o a trav\u00e9s de medios digitales, garantizando con ello una completa rendici\u00f3n de cuentas.<\/p>\n<p>Los dos dict\u00e1menes fueron emitidos por la Comisi\u00f3n de Estudios Constitucionales y Jur\u00eddicos, el primero emana de una propuesta que fue presentada por la diputada <strong>Araceli Ocampo Manzanares<\/strong>, donde se menciona que en la Ley Org\u00e1nica del Poder Legislativo se utiliza el g\u00e9nero masculino, lo que hace invisibles a las mujeres y les quita el derecho que tienen a ser nombradas.<\/p>\n<p>Asimismo, que esta idea del gen\u00e9rico masculino es ligada al sexismo y el androcentrismo, produciendo el silencio, la no existencia y el ocultamiento de las mujeres, as\u00ed como un menosprecio y trato diferenciado y que el no tenerlas presentes es discriminatorio.<\/p>\n<p>Se se\u00f1ala la importancia de ser conscientes de lo que implica usar un lenguaje incluyente, libre de sexismos y que estas reformas son con la finalidad de visibilizar a las mujeres, erradicar pr\u00e1cticas ling\u00fc\u00edsticas que perpet\u00faan la desigualdad y la violencia simb\u00f3lica, as\u00ed como garantizar el derecho de todas las personas a ser nombradas y reconocidas.<\/p>\n<p>El segundo dictamen que reforma la fracci\u00f3n XV del art\u00edculo 26 de dicha Ley, deriva de una propuesta realizada por la diputada Diana Bernab\u00e9 Vega, para que las y los diputados presenten su informe anual de actividades ante la ciudadan\u00eda de forma presencial o a trav\u00e9s de medios digitales, el cual tiene como objetivo garantizar la rendici\u00f3n de cuentas.<\/p>\n<p>Se expone que la rendici\u00f3n de cuentas es la obligaci\u00f3n de toda persona a la que le es conferida una responsabilidad, para dar cuenta del encargo recibido, haciendo que pueda ser satisfactorio o insatisfactorio, sin embargo, se contemplaba como una obligaci\u00f3n de las y los diputados rendir un informe de actividades luego de un a\u00f1o en funciones ante la Mesa Directiva, pero no de presentarlo p\u00fablicamente ante la ciudadan\u00eda.<\/p>\n<p>Por lo anterior, con esta reforma queda establecido que las y los legisladores deber\u00e1n presentar un informe anual del ejercicio de sus funciones ante el presidente de la Mesa Directiva, a m\u00e1s tardar el 30 de septiembre de cada a\u00f1o y en el a\u00f1o de la renovaci\u00f3n de la legislatura, a m\u00e1s tardar el 15 de agosto, adem\u00e1s, presentarlo ante la ciudadan\u00eda de forma presencial o por medios digitales.<\/p>\n<p><em>) acapulcopress.com<\/em><\/p>\n","protected":false},"excerpt":{"rendered":"<p>CHILPANCINGO * 27 de mayo 2025 ) LVI legislatura | Guerrero Diputadas y diputados aprobaron reformas y adiciones a la Ley Org\u00e1nica del Poder Legislativo del Estado de Guerrero para incorporar de manera transversal el uso de un lenguaje incluyente y no sexista, y para que para que las y los diputados presenten su informe&#8230;<\/p>\n","protected":false},"author":1,"featured_media":40607,"comment_status":"open","ping_status":"open","sticky":false,"template":"","format":"standard","meta":{"footnotes":""},"categories":[2037,61],"tags":[4072,18371,67],"class_list":["post-40606","post","type-post","status-publish","format-standard","has-post-thumbnail","hentry","category-congreso-de-guerrero","category-legislacion","tag-araceli-ocampo-manzanares","tag-ley-organica-del-poder-legislativo-del-estado-de-guerrero","tag-lvi-legislatura-guerrero"],"_links":{"self":[{"href":"https:\/\/www.acapulcopress.com\/index.php\/wp-json\/wp\/v2\/posts\/40606","targetHints":{"allow":["GET"]}}],"collection":[{"href":"https:\/\/www.acapulcopress.com\/index.php\/wp-json\/wp\/v2\/posts"}],"about":[{"href":"https:\/\/www.acapulcopress.com\/index.php\/wp-json\/wp\/v2\/types\/post"}],"author":[{"embeddable":true,"href":"https:\/\/www.acapulcopress.com\/index.php\/wp-json\/wp\/v2\/users\/1"}],"replies":[{"embeddable":true,"href":"https:\/\/www.acapulcopress.com\/index.php\/wp-json\/wp\/v2\/comments?post=40606"}],"version-history":[{"count":1,"href":"https:\/\/www.acapulcopress.com\/index.php\/wp-json\/wp\/v2\/posts\/40606\/revisions"}],"predecessor-version":[{"id":40608,"href":"https:\/\/www.acapulcopress.com\/index.php\/wp-json\/wp\/v2\/posts\/40606\/revisions\/40608"}],"wp:featuredmedia":[{"embeddable":true,"href":"https:\/\/www.acapulcopress.com\/index.php\/wp-json\/wp\/v2\/media\/40607"}],"wp:attachment":[{"href":"https:\/\/www.acapulcopress.com\/index.php\/wp-json\/wp\/v2\/media?parent=40606"}],"wp:term":[{"taxonomy":"category","embeddable":true,"href":"https:\/\/www.acapulcopress.com\/index.php\/wp-json\/wp\/v2\/categories?post=40606"},{"taxonomy":"post_tag","embeddable":true,"href":"https:\/\/www.acapulcopress.com\/index.php\/wp-json\/wp\/v2\/tags?post=40606"}],"curies":[{"name":"wp","href":"https:\/\/api.w.org\/{rel}","templated":true}]}}