{"id":40612,"date":"2025-05-29T04:10:36","date_gmt":"2025-05-29T02:10:36","guid":{"rendered":"https:\/\/acapulcopress.com\/?p=40612"},"modified":"2025-05-29T04:10:41","modified_gmt":"2025-05-29T02:10:41","slug":"piden-a-conagua-regular-flujo-de-agua-de-la-laguna-de-mitla","status":"publish","type":"post","link":"https:\/\/www.acapulcopress.com\/index.php\/2025\/05\/29\/piden-a-conagua-regular-flujo-de-agua-de-la-laguna-de-mitla\/","title":{"rendered":"Piden a Conagua regular flujo de agua de la Laguna de Mitla"},"content":{"rendered":"<p>CHILPANCINGO * 28 de mayo 2025<br \/>\n<em>) LVI legislatura | Guerrero<\/em><br \/>\nEl Congreso del Estado exhort\u00f3 al Gobierno Federal, particularmente a la<em> Comisi\u00f3n Nacional del Agua (CONAGUA),<\/em> a la <em>Secretar\u00eda de Medio Ambiente y Recursos Naturales (SEMARNAT)<\/em> y a la<em> Procuradur\u00eda Federal de Protecci\u00f3n al Ambiente (PROFEPA)<\/em>, a coordinar esfuerzos con el Gobierno de Guerrero para tomar medidas urgentes que logren regular el flujo de agua en la Laguna de Mitla y dise\u00f1en un plan de restauraci\u00f3n ecol\u00f3gica que garantice la recuperaci\u00f3n de este ecosistema clave para la regi\u00f3n.<\/p>\n<p>Luego de aprobar un dictamen, que emiti\u00f3 la Comisi\u00f3n del Agua, Infraestructura y Recursos Hidr\u00e1ulicos, a partir de una propuesta de la diputada <strong>Mar\u00eda de Jes\u00fas Galeana Radilla<\/strong>, se menciona que con este exhorto se pretende coadyuvar a resolver la problem\u00e1tica de sequ\u00eda que enfrenta dicha laguna, ubicada en las inmediaciones de diversas comunidades de los municipios de Coyuca de Ben\u00edtez y Atoyac de \u00c1lvarez, que ha reducido dr\u00e1sticamente sus niveles de agua, afectando a m\u00e1s de 200 familias cuya principal fuente de ingreso es la pesca.<\/p>\n<p>Por lo que tambi\u00e9n se solicita a la Secretar\u00eda de Bienestar coordinar esfuerzos con el Gobierno de Guerrero a trav\u00e9s de sus Secretar\u00edas del Bienestar, del Trabajo y Previsi\u00f3n Social y de Fomento y Desarrollo Econ\u00f3mico para implementar acciones conjuntas y oportunas, dentro del \u00e1mbito de sus competencias, para otorgar apoyos econ\u00f3micos subsidiarios y explorar programas de empleo temporal que contribuyan a la recuperaci\u00f3n de los medios de vida de las personas, familias y comunidades de la Laguna de Mitla.<\/p>\n<p>Tambi\u00e9n se exhorta al Gobierno de Guerrero, a trav\u00e9s de las Secretar\u00edas de Medio Ambiente y Recursos Naturales y de Gesti\u00f3n Integral de Riesgos y Protecci\u00f3n Civil, a ejecutar acciones de mitigaci\u00f3n en la zona de la Laguna, a coordinarse con el Gobierno Federal para la implementaci\u00f3n de un plan de restauraci\u00f3n ecol\u00f3gica e impulsar mecanismos, instrumentos y procedimientos para prevenir y atender la eventualidad del riesgo o peligro que representa la crisis de la laguna.<\/p>\n<p>Adem\u00e1s, se exhortar a los Gobiernos municipales de Atoyac de \u00c1lvarez y Coyuca de Ben\u00edtez para que implementen programas de apoyo directo a los afectados y a coordinar esfuerzos con las instancias estatales y federales para la evaluaci\u00f3n del manejo de los recursos h\u00eddricos en la regi\u00f3n, en el \u00e1mbito de sus respectivas competencias.<\/p>\n<p>El dictamen, que fue aprobado por unanimidad, fue fundamentado por diputado Alejandro Carabias Icaza, presidente de la Comisi\u00f3n del Agua, Infraestructura y Recursos Hidr\u00e1ulicos.<\/p>\n<p>El diputado Vladimir Barrera Fuerte razon\u00f3 su voto a favor del dictamen se\u00f1alando que los gobiernos estatal y federal han emprendido diversas acciones y entregado insumos a pescadores para mitigar los da\u00f1os causados por las mareas de fondo en los cuerpos lagunares.<\/p>\n<p>Asimismo, destac\u00f3 la importancia de incluir a la Laguna de Mitla en el programa de dragados que realizar\u00e1 el Gobierno Federal.<\/p>\n<p><em>) acapulcopress.com<\/em><\/p>\n","protected":false},"excerpt":{"rendered":"<p>CHILPANCINGO * 28 de mayo 2025 ) LVI legislatura | Guerrero El Congreso del Estado exhort\u00f3 al Gobierno Federal, particularmente a la Comisi\u00f3n Nacional del Agua (CONAGUA), a la Secretar\u00eda de Medio Ambiente y Recursos Naturales (SEMARNAT) y a la Procuradur\u00eda Federal de Protecci\u00f3n al Ambiente (PROFEPA), a coordinar esfuerzos con el Gobierno de Guerrero&#8230;<\/p>\n","protected":false},"author":1,"featured_media":40613,"comment_status":"open","ping_status":"open","sticky":false,"template":"","format":"standard","meta":{"footnotes":""},"categories":[2037,61],"tags":[67,12530],"class_list":["post-40612","post","type-post","status-publish","format-standard","has-post-thumbnail","hentry","category-congreso-de-guerrero","category-legislacion","tag-lvi-legislatura-guerrero","tag-maria-de-jesus-galeana-radilla"],"_links":{"self":[{"href":"https:\/\/www.acapulcopress.com\/index.php\/wp-json\/wp\/v2\/posts\/40612","targetHints":{"allow":["GET"]}}],"collection":[{"href":"https:\/\/www.acapulcopress.com\/index.php\/wp-json\/wp\/v2\/posts"}],"about":[{"href":"https:\/\/www.acapulcopress.com\/index.php\/wp-json\/wp\/v2\/types\/post"}],"author":[{"embeddable":true,"href":"https:\/\/www.acapulcopress.com\/index.php\/wp-json\/wp\/v2\/users\/1"}],"replies":[{"embeddable":true,"href":"https:\/\/www.acapulcopress.com\/index.php\/wp-json\/wp\/v2\/comments?post=40612"}],"version-history":[{"count":1,"href":"https:\/\/www.acapulcopress.com\/index.php\/wp-json\/wp\/v2\/posts\/40612\/revisions"}],"predecessor-version":[{"id":40614,"href":"https:\/\/www.acapulcopress.com\/index.php\/wp-json\/wp\/v2\/posts\/40612\/revisions\/40614"}],"wp:featuredmedia":[{"embeddable":true,"href":"https:\/\/www.acapulcopress.com\/index.php\/wp-json\/wp\/v2\/media\/40613"}],"wp:attachment":[{"href":"https:\/\/www.acapulcopress.com\/index.php\/wp-json\/wp\/v2\/media?parent=40612"}],"wp:term":[{"taxonomy":"category","embeddable":true,"href":"https:\/\/www.acapulcopress.com\/index.php\/wp-json\/wp\/v2\/categories?post=40612"},{"taxonomy":"post_tag","embeddable":true,"href":"https:\/\/www.acapulcopress.com\/index.php\/wp-json\/wp\/v2\/tags?post=40612"}],"curies":[{"name":"wp","href":"https:\/\/api.w.org\/{rel}","templated":true}]}}