{"id":40622,"date":"2025-05-29T05:11:32","date_gmt":"2025-05-29T03:11:32","guid":{"rendered":"https:\/\/acapulcopress.com\/?p=40622"},"modified":"2025-05-29T05:11:32","modified_gmt":"2025-05-29T03:11:32","slug":"evelyn-salgado-reafirma-compromiso-con-la-agenda-2030","status":"publish","type":"post","link":"https:\/\/www.acapulcopress.com\/index.php\/2025\/05\/29\/evelyn-salgado-reafirma-compromiso-con-la-agenda-2030\/","title":{"rendered":"Evelyn Salgado reafirma compromiso con la Agenda 2030"},"content":{"rendered":"<p>CHILPANCINGO * 28 de mayo 2025<br \/>\n<em>) Gobierno de Guerrero<\/em><br \/>\nAl encabezar la primera sesi\u00f3n ordinaria del <em>Consejo Estatal de la Agenda 2030,<\/em> la gobernadora <strong>Evelyn Salgado Pineda<\/strong> reiter\u00f3 el <img loading=\"lazy\" decoding=\"async\" class=\"alignleft wp-image-40631\" src=\"https:\/\/acapulcopress.com\/wp-content\/uploads\/2025\/05\/GENDA-2030-GRO9.jpg\" alt=\"\" width=\"375\" height=\"209\" \/>compromiso de su administraci\u00f3n para erradicar la pobreza y el hambre, garantizar acceso a la salud en comunidades marginadas, mejorar la infraestructura educativa, combatir las desigualdades sociales y proteger el medio ambiente.<\/p>\n<p>\u201cCada acci\u00f3n, cada objetivo planteado en la Agenda 2030 nos acerca al objetivo com\u00fan: La transformaci\u00f3n total de nuestro estado, del lugar donde vivimos\u201d, expres\u00f3 la mandataria estatal ante representantes de los poderes Legislativo, Judicial y gobiernos municipales.<\/p>\n<p>Salgado Pineda convoc\u00f3 a todos los sectores a trabajar desde sus trincheras con el coraz\u00f3n por delante, para cumplir con los 17 Objetivos de Desarrollo Sostenible (ODS) impulsados por la ONU, que buscan un futuro justo, pr\u00f3spero y sostenible para todos.<\/p>\n<p>Durante el evento, el secretario de<em> Planeaci\u00f3n y Desarrollo Regional,<\/em> Ren\u00e9 Vargas Pineda, inform\u00f3 que, de acuerdo con la medici\u00f3n del <img loading=\"lazy\" decoding=\"async\" class=\"alignleft wp-image-40628\" src=\"https:\/\/acapulcopress.com\/wp-content\/uploads\/2025\/05\/GENDA-2030-GRO6.jpg\" alt=\"\" width=\"375\" height=\"277\" \/>Coneval en 2022, 189 mil 874 personas salieron de la pobreza en Guerrero, lo que representa una disminuci\u00f3n del 6%, cifra sin precedentes desde 2008.<\/p>\n<p>Tambi\u00e9n destac\u00f3 la creaci\u00f3n de nuevas universidades en la regi\u00f3n de la Sierra, como parte de la estrategia educativa para ampliar la cobertura en zonas hist\u00f3ricamente marginadas.<\/p>\n<p>Adem\u00e1s, indic\u00f3 que el Plan Estatal de Desarrollo se ha alineado a programas presupuestarios con enfoque de sostenibilidad, permitiendo un uso m\u00e1s eficiente, transparente y focalizado del gasto p\u00fablico.<\/p>\n<p>Durante la sesi\u00f3n, Evelyn Salgado hizo la declaratoria de apertura del Informe Local Voluntario 2025, que documenta los avances, desaf\u00edos y metas alcanzadas en la implementaci\u00f3n de los ODS en Guerrero.<\/p>\n<p>Por su parte, Ana Lorena Gudi\u00f1o Valdez, coordinadora de la Alianza Mexicana-Alemana de Cambio Clim\u00e1tico, reconoci\u00f3 los avances del estado en esta ruta y la voluntad pol\u00edtica de la gobernadora Evelyn Salgado que les permite entrar con confianza, como cooperaci\u00f3n internacional, para seguir trabajando de la mano en los objetivos de la agenda.<\/p>\n<p>Entre los asistentes estuvieron el presidente del Tribunal Superior de Justicia, Ricardo Salinas Sandoval; el presidente del Congreso del Estado, Jes\u00fas Parra Garc\u00eda; la presidenta de la Comisi\u00f3n de Derechos Humanos del Estado, Cecilia Narciso Gayt\u00e1n; la presidenta del DIF Guerrero, Liz Salgado Pineda; as\u00ed como funcionarios estatales, federales y presidentes municipales integrantes del Consejo Estatal.<\/p>\n<p><em>) acapulcopress.com<\/em><\/p>\n","protected":false},"excerpt":{"rendered":"<p>CHILPANCINGO * 28 de mayo 2025 ) Gobierno de Guerrero Al encabezar la primera sesi\u00f3n ordinaria del Consejo Estatal de la Agenda 2030, la gobernadora Evelyn Salgado Pineda reiter\u00f3 el compromiso de su administraci\u00f3n para erradicar la pobreza y el hambre, garantizar acceso a la salud en comunidades marginadas, mejorar la infraestructura educativa, combatir las&#8230;<\/p>\n","protected":false},"author":1,"featured_media":40629,"comment_status":"open","ping_status":"open","sticky":false,"template":"","format":"standard","meta":{"footnotes":""},"categories":[1980,1983],"tags":[6456,8251,9302],"class_list":["post-40622","post","type-post","status-publish","format-standard","has-post-thumbnail","hentry","category-goverment-2","category-guerrerogob","tag-consejo-estatal-de-la-agenda-2030","tag-evelyn-salgado-pineda","tag-gobierno-de-guerrero"],"_links":{"self":[{"href":"https:\/\/www.acapulcopress.com\/index.php\/wp-json\/wp\/v2\/posts\/40622","targetHints":{"allow":["GET"]}}],"collection":[{"href":"https:\/\/www.acapulcopress.com\/index.php\/wp-json\/wp\/v2\/posts"}],"about":[{"href":"https:\/\/www.acapulcopress.com\/index.php\/wp-json\/wp\/v2\/types\/post"}],"author":[{"embeddable":true,"href":"https:\/\/www.acapulcopress.com\/index.php\/wp-json\/wp\/v2\/users\/1"}],"replies":[{"embeddable":true,"href":"https:\/\/www.acapulcopress.com\/index.php\/wp-json\/wp\/v2\/comments?post=40622"}],"version-history":[{"count":1,"href":"https:\/\/www.acapulcopress.com\/index.php\/wp-json\/wp\/v2\/posts\/40622\/revisions"}],"predecessor-version":[{"id":40632,"href":"https:\/\/www.acapulcopress.com\/index.php\/wp-json\/wp\/v2\/posts\/40622\/revisions\/40632"}],"wp:featuredmedia":[{"embeddable":true,"href":"https:\/\/www.acapulcopress.com\/index.php\/wp-json\/wp\/v2\/media\/40629"}],"wp:attachment":[{"href":"https:\/\/www.acapulcopress.com\/index.php\/wp-json\/wp\/v2\/media?parent=40622"}],"wp:term":[{"taxonomy":"category","embeddable":true,"href":"https:\/\/www.acapulcopress.com\/index.php\/wp-json\/wp\/v2\/categories?post=40622"},{"taxonomy":"post_tag","embeddable":true,"href":"https:\/\/www.acapulcopress.com\/index.php\/wp-json\/wp\/v2\/tags?post=40622"}],"curies":[{"name":"wp","href":"https:\/\/api.w.org\/{rel}","templated":true}]}}