{"id":40712,"date":"2025-06-04T04:51:51","date_gmt":"2025-06-04T02:51:51","guid":{"rendered":"https:\/\/www.acapulcopress.com\/?p=40712"},"modified":"2025-06-05T08:38:11","modified_gmt":"2025-06-05T06:38:11","slug":"ase-denuncio-penalmente-a-abelina-ante-fiscalia-de-guerrero","status":"publish","type":"post","link":"https:\/\/www.acapulcopress.com\/index.php\/2025\/06\/04\/ase-denuncio-penalmente-a-abelina-ante-fiscalia-de-guerrero\/","title":{"rendered":"ASE denunci\u00f3 penalmente a #Abelina ante Fiscal\u00eda de Guerrero"},"content":{"rendered":"<p>CHILPANCINGO * 3 de junio 2025<br \/>\n)<em> Aps | Reforma<\/em><br \/>\nOficialmente, la A<em>uditor\u00eda Superior del Estado (ASE)<\/em> present\u00f3 este martes una denuncia ante la Fiscal\u00eda General del Estado (FGE) por los delitos de \u00ab<strong>ejercicio il\u00edcito del servicio p\u00fablico y lo que resulte<\/strong>\u00bb en contra de la alcaldesa morenista de Acapulco, <strong>Abelina L\u00f3pez Rodr\u00edguez<\/strong>, por presuntamente negarse a comprobar 898 millones de pesos de recursos federales que ejerci\u00f3 su administraci\u00f3n en el ejercicio fiscal del 2023.<\/p>\n<p>El peri\u00f3dico Reforma dio fe de la denuncia y precis\u00f3 que personal de la ASE acudi\u00f3 a la FGE para entregar las pruebas y en los pr\u00f3ximos d\u00edas se presentar\u00e1 una demanda ante el Tribunal de Justicia Administrativa.<\/p>\n<p>La <em>Auditor\u00eda de Guerrero<\/em> est\u00e1 acusando a la edil de Acapulco por el delito de ejercicio il\u00edcito del servicio p\u00fablico y lo que resulte.<\/p>\n<p>Los 898 millones de pesos que la ASE acusa a L\u00f3pez Rodr\u00edguez de no solventar pertenecen al <em>Fondo de Aportaciones para la Infraestructura Social (FAIS)<\/em>.<\/p>\n<p>La Auditor\u00eda estatal le hab\u00eda dado como plazo a la Administraci\u00f3n municipal de Acapulco hasta el pasado 27 de mayo para que presentara el informe de la comprobaci\u00f3n de los 898 millones de pesos.<\/p>\n<p>Abelina L\u00f3pez dijo que al \u00fanico \u00f3rgano fiscalizador que le presenta sus informes de comprobaci\u00f3n de recursos federales es a la Auditor\u00eda Superior de la Federaci\u00f3n (ASF).<\/p>\n<p>Seg\u00fan la edil, los 898 millones de pesos son recursos federales que le toca auditar exclusivamente a la ASF y no a la Auditor\u00eda estatal.<\/p>\n<p>La morenista, ligada al grupo pol\u00edtico del actual Secretario de Econom\u00eda, <strong>Marcelo Ebrard<\/strong>, acus\u00f3 al Gobierno estatal de \u00abpersecuci\u00f3n pol\u00edtica y violencia de g\u00e9nero\u00bb.<\/p>\n<p>Apenas el pasado 1 de junio, L\u00f3pez Rodr\u00edguez acompa\u00f1\u00f3 a la presidenta Sheinbaum y a la Gobernadora Salgado en la ceremonia para conmemorar en la Zona Naval de este puerto el 83 Aniversario de la Marina.<\/p>\n<p>Durante las casi tres horas que dur\u00f3 el acto oficial, L\u00f3pez Rodr\u00edguez y la Mandataria Evelyn Salgado no cruzaron palabra.<\/p>\n<p>En el buque de la Marina donde se realiz\u00f3 la ceremonia, la Presidenta<strong> Claudia Sheinbaum<\/strong> y la Gobernadora<strong> Evelyn Salgado<\/strong> estaban sentadas juntas en la misma fila, y muy atr\u00e1s de ellas, Abelina L\u00f3pez.<\/p>\n<p>Termin\u00f3 el evento, Claudia Sheinbaum y Evelyn Salgado caminaron juntas, mientras que L\u00f3pez Rodr\u00edguez se mantuvo atr\u00e1s junto con funcionarios del gabinete federal.<\/p>\n<p>La Edil de Acapulco ya no le entreg\u00f3 a la Presidenta un folder donde le informaba sobre la situaci\u00f3n que atraviesa.<\/p>\n<p><em>) acapulcopress.com<\/em><\/p>\n","protected":false},"excerpt":{"rendered":"<p>CHILPANCINGO * 3 de junio 2025 ) Aps | Reforma Oficialmente, la Auditor\u00eda Superior del Estado (ASE) present\u00f3 este martes una denuncia ante la Fiscal\u00eda General del Estado (FGE) por los delitos de \u00abejercicio il\u00edcito del servicio p\u00fablico y lo que resulte\u00bb en contra de la alcaldesa morenista de Acapulco, Abelina L\u00f3pez Rodr\u00edguez, por presuntamente&#8230;<\/p>\n","protected":false},"author":1,"featured_media":40739,"comment_status":"open","ping_status":"open","sticky":false,"template":"","format":"standard","meta":{"footnotes":""},"categories":[1997],"tags":[3077,4400,8703,8754,12447],"class_list":["post-40712","post","type-post","status-publish","format-standard","has-post-thumbnail","hentry","category-noticias-destacadas","tag-abelina-lopez-rodriguez","tag-auditoria-superior-del-estado-de-guerrero-ase","tag-fiscalia-general-del-estado-de-guerrero-fge","tag-fondo-de-aportaciones-para-la-infraestructura-social-fais","tag-marcelo-ebrard"],"_links":{"self":[{"href":"https:\/\/www.acapulcopress.com\/index.php\/wp-json\/wp\/v2\/posts\/40712","targetHints":{"allow":["GET"]}}],"collection":[{"href":"https:\/\/www.acapulcopress.com\/index.php\/wp-json\/wp\/v2\/posts"}],"about":[{"href":"https:\/\/www.acapulcopress.com\/index.php\/wp-json\/wp\/v2\/types\/post"}],"author":[{"embeddable":true,"href":"https:\/\/www.acapulcopress.com\/index.php\/wp-json\/wp\/v2\/users\/1"}],"replies":[{"embeddable":true,"href":"https:\/\/www.acapulcopress.com\/index.php\/wp-json\/wp\/v2\/comments?post=40712"}],"version-history":[{"count":3,"href":"https:\/\/www.acapulcopress.com\/index.php\/wp-json\/wp\/v2\/posts\/40712\/revisions"}],"predecessor-version":[{"id":40716,"href":"https:\/\/www.acapulcopress.com\/index.php\/wp-json\/wp\/v2\/posts\/40712\/revisions\/40716"}],"wp:featuredmedia":[{"embeddable":true,"href":"https:\/\/www.acapulcopress.com\/index.php\/wp-json\/wp\/v2\/media\/40739"}],"wp:attachment":[{"href":"https:\/\/www.acapulcopress.com\/index.php\/wp-json\/wp\/v2\/media?parent=40712"}],"wp:term":[{"taxonomy":"category","embeddable":true,"href":"https:\/\/www.acapulcopress.com\/index.php\/wp-json\/wp\/v2\/categories?post=40712"},{"taxonomy":"post_tag","embeddable":true,"href":"https:\/\/www.acapulcopress.com\/index.php\/wp-json\/wp\/v2\/tags?post=40712"}],"curies":[{"name":"wp","href":"https:\/\/api.w.org\/{rel}","templated":true}]}}