{"id":40742,"date":"2025-06-05T08:18:21","date_gmt":"2025-06-05T14:18:21","guid":{"rendered":"https:\/\/www.acapulcopress.com\/?p=40742"},"modified":"2025-06-05T08:53:06","modified_gmt":"2025-06-05T14:53:06","slug":"para-actuar-fiscalia-pediria-a-congreso-desafuero-de-abelina","status":"publish","type":"post","link":"https:\/\/www.acapulcopress.com\/index.php\/2025\/06\/05\/para-actuar-fiscalia-pediria-a-congreso-desafuero-de-abelina\/","title":{"rendered":"Para actuar, Fiscal\u00eda pedir\u00eda a Congreso desafuero de Abelina"},"content":{"rendered":"<p><strong>Marcial<\/strong> | <strong>Campuzano<\/strong><br \/>\nCHILPANCINGO * 5 de junio 2025<br \/>\n<em>) ANASA<\/em><br \/>\nLa Fiscal\u00eda General del Estado podr\u00eda en los pr\u00f3ximos d\u00edas presentar al Congreso local, una solicitud de ejercicio de procedencia para que la presidenta municipal de Acapulco <strong>Abelina L\u00f3pez Rodr\u00edguez<\/strong> sea despojada del fuero constitucional, para ser procesada por la no comprobaci\u00f3n de 898 millones de pesos que en 2023 habr\u00eda aplicado en obra p\u00fablica en el municipio de Acapulco.<\/p>\n<p>El presidente de la Junta de Coordinaci\u00f3n Pol\u00edtica (Jucopo) del Congreso del estado, <strong>Jes\u00fas Uri\u00f3stegui Garc\u00eda<\/strong>, dijo que, aunque hay un documento p\u00fablico relacionado con la denuncia que la <em>Auditor\u00eda Superior del Estado<\/em> present\u00f3 ante la Fiscal\u00eda General del Estado, corresponde al titular del \u00f3rgano fiscalizador del Congreso confirmar la denuncia, con la aclaraci\u00f3n de que no se trata de un asunto pol\u00edtico sino administrativo.<\/p>\n<p>Aclar\u00f3 que el Congreso del estado ha sido respetuoso del trabajo que realiza la Auditor\u00eda Superior del Estado y de su autonom\u00eda. \u201cEstaremos vigilantes y atentos para dialogar en su momento con el auditor Marcos C\u00e9sar Peralta Hidalgo, en el entendido de que la ASE es un \u00f3rgano auxiliar del Congreso\u201d.<\/p>\n<p>Confirm\u00f3 en la entrevista que el procedimiento contra la alcaldesa de Acapulco fue notificado a la Fiscal\u00eda General del Estado, en el entendido de que \u201chay un hecho que es p\u00fablico, hay un documento que es p\u00fablico que los medios de comunicaci\u00f3n dieron a conocer, y nosotros somos respetuosos de estos procesos\u201d.<\/p>\n<p>Insisti\u00f3 en que no hay una persecuci\u00f3n pol\u00edtica contra la alcaldesa de Acapulco, ni es pol\u00edtico el tema que involucra la fiscalizaci\u00f3n de recursos p\u00fablicos ejercidos por el ayuntamiento de Acapulco. \u201cEs un tema administrativo que tiene que ser atendido a trav\u00e9s de la v\u00eda indicada, y en ese sentido hay diligencias y acciones que realiza la Auditor\u00eda que conforme a derecho tiene la facultad de hacerlo\u201d.<\/p>\n<p>Jes\u00fas Uri\u00f3stegui dijo que habr\u00eda que esperar cu\u00e1l es el procedimiento que aplica la Fiscal\u00eda General del Estado, mientras que los diputados que integran la comisi\u00f3n de Vigilancia y Evaluaci\u00f3n de la Auditor\u00eda Superior del Estado en su momento celebrar\u00e1n una reuni\u00f3n.<\/p>\n<p><strong>\u00bfHabr\u00e1 juicio pol\u00edtico contra la presidenta municipal de Acapulco?<\/strong><\/p>\n<p>&#8212; Hay documentos p\u00fablicos que han salido respecto a la denuncia presentada ante la Fiscal\u00eda que tenemos que dar seguimiento, vamos a estar muy atentos. La Auditor\u00eda es un \u00f3rgano auxiliar t\u00e9cnico que tiene sus funciones con autonom\u00eda. Respondi\u00f3.<\/p>\n<p>Confirm\u00f3 que ser\u00e1 la Fiscal\u00eda la que en su momento determinar\u00e1 el procedimiento que aplicar\u00e1, porque hay un proceso que tiene que cumplirse en tiempo y forma.<\/p>\n<p>Aclar\u00f3 que tanto el Congreso como la ASE est\u00e1n cumpliendo la ley; sostuvo que no hay una persecuci\u00f3n pol\u00edtica, no hay ninguna l\u00ednea pol\u00edtica ni indicaciones en ning\u00fan sentido, ni cacer\u00eda de brujas para proceder contra la alcaldesa de Acapulco. Manifest\u00f3 que si la presidenta municipal tiene la documentaci\u00f3n que es requerida debe presentarla, as\u00ed de sencillo, indic\u00f3.<\/p>\n<p><em>) acapulcopress.com<\/em><\/p>\n<p>&nbsp;<\/p>\n","protected":false},"excerpt":{"rendered":"<p>Marcial | Campuzano CHILPANCINGO * 5 de junio 2025 ) ANASA La Fiscal\u00eda General del Estado podr\u00eda en los pr\u00f3ximos d\u00edas presentar al Congreso local, una solicitud de ejercicio de procedencia para que la presidenta municipal de Acapulco Abelina L\u00f3pez Rodr\u00edguez sea despojada del fuero constitucional, para ser procesada por la no comprobaci\u00f3n de 898&#8230;<\/p>\n","protected":false},"author":1,"featured_media":40746,"comment_status":"open","ping_status":"open","sticky":false,"template":"","format":"standard","meta":{"footnotes":""},"categories":[1997],"tags":[3077,6370,10759,18388],"class_list":["post-40742","post","type-post","status-publish","format-standard","has-post-thumbnail","hentry","category-noticias-destacadas","tag-abelina-lopez-rodriguez","tag-congreso-de-guerrero","tag-jesus-uriostegui-garcia","tag-rendicion-de-cuentas"],"_links":{"self":[{"href":"https:\/\/www.acapulcopress.com\/index.php\/wp-json\/wp\/v2\/posts\/40742","targetHints":{"allow":["GET"]}}],"collection":[{"href":"https:\/\/www.acapulcopress.com\/index.php\/wp-json\/wp\/v2\/posts"}],"about":[{"href":"https:\/\/www.acapulcopress.com\/index.php\/wp-json\/wp\/v2\/types\/post"}],"author":[{"embeddable":true,"href":"https:\/\/www.acapulcopress.com\/index.php\/wp-json\/wp\/v2\/users\/1"}],"replies":[{"embeddable":true,"href":"https:\/\/www.acapulcopress.com\/index.php\/wp-json\/wp\/v2\/comments?post=40742"}],"version-history":[{"count":2,"href":"https:\/\/www.acapulcopress.com\/index.php\/wp-json\/wp\/v2\/posts\/40742\/revisions"}],"predecessor-version":[{"id":40745,"href":"https:\/\/www.acapulcopress.com\/index.php\/wp-json\/wp\/v2\/posts\/40742\/revisions\/40745"}],"wp:featuredmedia":[{"embeddable":true,"href":"https:\/\/www.acapulcopress.com\/index.php\/wp-json\/wp\/v2\/media\/40746"}],"wp:attachment":[{"href":"https:\/\/www.acapulcopress.com\/index.php\/wp-json\/wp\/v2\/media?parent=40742"}],"wp:term":[{"taxonomy":"category","embeddable":true,"href":"https:\/\/www.acapulcopress.com\/index.php\/wp-json\/wp\/v2\/categories?post=40742"},{"taxonomy":"post_tag","embeddable":true,"href":"https:\/\/www.acapulcopress.com\/index.php\/wp-json\/wp\/v2\/tags?post=40742"}],"curies":[{"name":"wp","href":"https:\/\/api.w.org\/{rel}","templated":true}]}}