{"id":40750,"date":"2025-06-05T19:17:06","date_gmt":"2025-06-06T01:17:06","guid":{"rendered":"https:\/\/www.acapulcopress.com\/?p=40750"},"modified":"2025-06-05T19:17:06","modified_gmt":"2025-06-06T01:17:06","slug":"miles-de-familias-fueron-apoyadas-en-tianguis-del-bienestar","status":"publish","type":"post","link":"https:\/\/www.acapulcopress.com\/index.php\/2025\/06\/05\/miles-de-familias-fueron-apoyadas-en-tianguis-del-bienestar\/","title":{"rendered":"Miles de familias fueron apoyadas en Tianguis del Bienestar"},"content":{"rendered":"<p>ACAPULCO * 5 de junio 2025<br \/>\n<em>) Gobierno de Guerrero<\/em><br \/>\nEn un acto de justicia social, la gobernadora <strong>Evelyn Salgado Pineda<\/strong> y la secretaria de <em>Gobernaci\u00f3n <\/em>federal, <strong>Rosa Icela Rodr\u00edguez <img loading=\"lazy\" decoding=\"async\" class=\"alignleft size-medium wp-image-40751\" src=\"https:\/\/www.acapulcopress.com\/wp-content\/uploads\/2025\/06\/TIANGUIS-BIENESTAR-300x238.jpg\" alt=\"\" width=\"300\" height=\"238\" srcset=\"https:\/\/www.acapulcopress.com\/wp-content\/uploads\/2025\/06\/TIANGUIS-BIENESTAR-300x238.jpg 300w, https:\/\/www.acapulcopress.com\/wp-content\/uploads\/2025\/06\/TIANGUIS-BIENESTAR-1024x813.jpg 1024w, https:\/\/www.acapulcopress.com\/wp-content\/uploads\/2025\/06\/TIANGUIS-BIENESTAR-768x610.jpg 768w, https:\/\/www.acapulcopress.com\/wp-content\/uploads\/2025\/06\/TIANGUIS-BIENESTAR-580x460.jpg 580w, https:\/\/www.acapulcopress.com\/wp-content\/uploads\/2025\/06\/TIANGUIS-BIENESTAR-860x683.jpg 860w, https:\/\/www.acapulcopress.com\/wp-content\/uploads\/2025\/06\/TIANGUIS-BIENESTAR-1160x921.jpg 1160w, https:\/\/www.acapulcopress.com\/wp-content\/uploads\/2025\/06\/TIANGUIS-BIENESTAR.jpg 1280w\" sizes=\"auto, (max-width: 300px) 100vw, 300px\" \/>Vel\u00e1zquez<\/strong>, dieron el banderazo de inicio de la nueva etapa de la entrega de apoyos del <em>Tianguis del Bienestar,<\/em> beneficiando a miles de familias con la entrega de ropa y enseres, de colonias como Ciudad Renacimiento, Zapata, Cruces, Arroyo Seco, Ni\u00f1os H\u00e9roes, Libertadores, La Frontera, Arboledas, La Postal, Ampliaci\u00f3n L\u00e1zaro C\u00e1rdenas, entre otras.<\/p>\n<p>\u201cEste programa est\u00e1 llegando a donde verdad se necesita, diferentes colonias, a las comunidades y a las familias. Este Tianguis tiene la meta de atender cada d\u00eda a m\u00e1s de 5 mil personas, para que familias completas de esta colonia, reciban de forma directa y sin intermediarios, art\u00edculos esenciales y lo hacemos para construir paz desde el bienestar\u201d, refiri\u00f3 en su mensaje la mandataria estatal.<\/p>\n<p>Como parte de la esta estrategia, este programa se atiende a colonias y zonas vulnerables, a trav\u00e9s de la entrega gratuita de bienes que fueron decomisados en las aduanas, que se rige por tres ejes, que son el combate a la corrupci\u00f3n, la construcci\u00f3n de paz y la pol\u00edtica social. Al respecto, Salgado Pineda destac\u00f3 que este programa inici\u00f3 en la gesti\u00f3n del ex presidente <strong>Andr\u00e9s <img loading=\"lazy\" decoding=\"async\" class=\"alignleft size-medium wp-image-40758\" src=\"https:\/\/www.acapulcopress.com\/wp-content\/uploads\/2025\/06\/TIANGUIS-BIENESTAR8-300x240.jpg\" alt=\"\" width=\"300\" height=\"240\" srcset=\"https:\/\/www.acapulcopress.com\/wp-content\/uploads\/2025\/06\/TIANGUIS-BIENESTAR8-300x240.jpg 300w, https:\/\/www.acapulcopress.com\/wp-content\/uploads\/2025\/06\/TIANGUIS-BIENESTAR8-1024x818.jpg 1024w, https:\/\/www.acapulcopress.com\/wp-content\/uploads\/2025\/06\/TIANGUIS-BIENESTAR8-768x613.jpg 768w, https:\/\/www.acapulcopress.com\/wp-content\/uploads\/2025\/06\/TIANGUIS-BIENESTAR8-580x463.jpg 580w, https:\/\/www.acapulcopress.com\/wp-content\/uploads\/2025\/06\/TIANGUIS-BIENESTAR8-860x687.jpg 860w, https:\/\/www.acapulcopress.com\/wp-content\/uploads\/2025\/06\/TIANGUIS-BIENESTAR8-1160x926.jpg 1160w, https:\/\/www.acapulcopress.com\/wp-content\/uploads\/2025\/06\/TIANGUIS-BIENESTAR8.jpg 1280w\" sizes=\"auto, (max-width: 300px) 100vw, 300px\" \/>Manuel L\u00f3pez Obrador<\/strong>, teniendo continuidad por parte de la presidenta de M\u00e9xico, Claudia Sheinbaum.<\/p>\n<p>\u201cHoy con el mismo compromiso lo sigue impulsando una gran mujer, una guerrera, una luchadora, una mujer que pone el nombre de M\u00e9xico muy en alto, me refiero a la primera mujer presidenta de nuestro pa\u00eds, a la doctora <strong>Claudia Sheinbaum Pardo<\/strong>, a quienes le agradecemos todo su apoyo y su amor que le tiene a este puerto maravilloso\u201d, a\u00f1adi\u00f3.<\/p>\n<p>Dijo que esta estrategia tiene como meta abrir las puertas, para que las familias tengan acceso al bienestar, a la justicia social y al derecho a una vida mejor, logrando la igualdad e impactando positivamente. Y a\u00f1adi\u00f3: \u201cDesde el gobierno del estado vamos a seguir fortaleciendo todas las acciones que dignifiquen a nuestro pueblo y se hace presente la justicia social en el territorio. Compartimos con nuestra presidenta, la doctora Claudia Sheinbaum la convicci\u00f3n profunda de que, por el bien de todos, primero los pobres\u201d.<\/p>\n<p>En tanto, la secretaria de Gobernaci\u00f3n, extern\u00f3 su reconocimiento a la gobernadora Evelyn Salgado Pineda por todo su apoyo para hacer <img loading=\"lazy\" decoding=\"async\" class=\"alignleft size-medium wp-image-40756\" src=\"https:\/\/www.acapulcopress.com\/wp-content\/uploads\/2025\/06\/TIANGUIS-BIENESTAR6-300x200.jpg\" alt=\"\" width=\"300\" height=\"200\" srcset=\"https:\/\/www.acapulcopress.com\/wp-content\/uploads\/2025\/06\/TIANGUIS-BIENESTAR6-300x200.jpg 300w, https:\/\/www.acapulcopress.com\/wp-content\/uploads\/2025\/06\/TIANGUIS-BIENESTAR6-1024x682.jpg 1024w, https:\/\/www.acapulcopress.com\/wp-content\/uploads\/2025\/06\/TIANGUIS-BIENESTAR6-768x512.jpg 768w, https:\/\/www.acapulcopress.com\/wp-content\/uploads\/2025\/06\/TIANGUIS-BIENESTAR6-580x387.jpg 580w, https:\/\/www.acapulcopress.com\/wp-content\/uploads\/2025\/06\/TIANGUIS-BIENESTAR6-860x573.jpg 860w, https:\/\/www.acapulcopress.com\/wp-content\/uploads\/2025\/06\/TIANGUIS-BIENESTAR6-1160x773.jpg 1160w, https:\/\/www.acapulcopress.com\/wp-content\/uploads\/2025\/06\/TIANGUIS-BIENESTAR6.jpg 1280w\" sizes=\"auto, (max-width: 300px) 100vw, 300px\" \/>posible el arranque de la nueva etapa del Tianguis del Bienestar. \u201cMuchas gracias, querida gobernadora, amiga, por todo el apoyo\u201d, dijo.<\/p>\n<p>Explic\u00f3 que el gobierno que encabeza la presidenta Claudia Sheinbaum, atiende las causas que ocasionan la violencia, con programas sociales y acciones en beneficio de la poblaci\u00f3n, haciendo efectivo todos los derechos de los ciudadanos.<\/p>\n<p>Detall\u00f3 que, en esta nueva etapa, se visitar\u00e1n las comunidades de 710 municipios de ocho entidades, que forman parte de la cuenca del R\u00edo Balsas y el Pac\u00edfico Sur; indici\u00f3 que, para Acapulco, ya inici\u00f3 el reparto de ropa y enseres a habitantes de diversas colonias del puerto.<\/p>\n<p>Enseguida, la gobernadora y la secretaria de Gobernaci\u00f3n, realizaron un recorrido y atestiguaron la din\u00e1mica de entrega de los apoyos.<\/p>\n<p><img loading=\"lazy\" decoding=\"async\" class=\"alignnone wp-image-40755 size-post-thumbnail\" src=\"https:\/\/www.acapulcopress.com\/wp-content\/uploads\/2025\/06\/TIANGUIS-BIENESTAR5-860x655.jpg\" alt=\"\" width=\"860\" height=\"655\" \/><\/p>\n<p><em>) acapulcopress.com<\/em><\/p>\n","protected":false},"excerpt":{"rendered":"<p>ACAPULCO * 5 de junio 2025 ) Gobierno de Guerrero En un acto de justicia social, la gobernadora Evelyn Salgado Pineda y la secretaria de Gobernaci\u00f3n federal, Rosa Icela Rodr\u00edguez Vel\u00e1zquez, dieron el banderazo de inicio de la nueva etapa de la entrega de apoyos del Tianguis del Bienestar, beneficiando a miles de familias con&#8230;<\/p>\n","protected":false},"author":1,"featured_media":40752,"comment_status":"open","ping_status":"open","sticky":false,"template":"","format":"standard","meta":{"footnotes":""},"categories":[1980,1983],"tags":[8251,15802,18389],"class_list":["post-40750","post","type-post","status-publish","format-standard","has-post-thumbnail","hentry","category-goverment-2","category-guerrerogob","tag-evelyn-salgado-pineda","tag-rosa-icela-rodriguez-velazquez","tag-tianguis-del-bienestar"],"_links":{"self":[{"href":"https:\/\/www.acapulcopress.com\/index.php\/wp-json\/wp\/v2\/posts\/40750","targetHints":{"allow":["GET"]}}],"collection":[{"href":"https:\/\/www.acapulcopress.com\/index.php\/wp-json\/wp\/v2\/posts"}],"about":[{"href":"https:\/\/www.acapulcopress.com\/index.php\/wp-json\/wp\/v2\/types\/post"}],"author":[{"embeddable":true,"href":"https:\/\/www.acapulcopress.com\/index.php\/wp-json\/wp\/v2\/users\/1"}],"replies":[{"embeddable":true,"href":"https:\/\/www.acapulcopress.com\/index.php\/wp-json\/wp\/v2\/comments?post=40750"}],"version-history":[{"count":1,"href":"https:\/\/www.acapulcopress.com\/index.php\/wp-json\/wp\/v2\/posts\/40750\/revisions"}],"predecessor-version":[{"id":40763,"href":"https:\/\/www.acapulcopress.com\/index.php\/wp-json\/wp\/v2\/posts\/40750\/revisions\/40763"}],"wp:featuredmedia":[{"embeddable":true,"href":"https:\/\/www.acapulcopress.com\/index.php\/wp-json\/wp\/v2\/media\/40752"}],"wp:attachment":[{"href":"https:\/\/www.acapulcopress.com\/index.php\/wp-json\/wp\/v2\/media?parent=40750"}],"wp:term":[{"taxonomy":"category","embeddable":true,"href":"https:\/\/www.acapulcopress.com\/index.php\/wp-json\/wp\/v2\/categories?post=40750"},{"taxonomy":"post_tag","embeddable":true,"href":"https:\/\/www.acapulcopress.com\/index.php\/wp-json\/wp\/v2\/tags?post=40750"}],"curies":[{"name":"wp","href":"https:\/\/api.w.org\/{rel}","templated":true}]}}