{"id":40764,"date":"2025-06-05T20:39:10","date_gmt":"2025-06-06T02:39:10","guid":{"rendered":"https:\/\/www.acapulcopress.com\/?p=40764"},"modified":"2025-06-05T20:39:10","modified_gmt":"2025-06-06T02:39:10","slug":"encabezo-gobernadora-actividades-del-dia-mundial-del-medio-ambiente","status":"publish","type":"post","link":"https:\/\/www.acapulcopress.com\/index.php\/2025\/06\/05\/encabezo-gobernadora-actividades-del-dia-mundial-del-medio-ambiente\/","title":{"rendered":"Encabez\u00f3 Gobernadora actividades del D\u00eda Mundial del Medio Ambiente"},"content":{"rendered":"<p>ACAPULCO * 5 de junio 2025<br \/>\n<em>) Gobierno de Guerrero<\/em><br \/>\nEn el marco de la conmemoraci\u00f3n del <em>D\u00eda Mundial del Medio Ambiente,<\/em> la gobernadora <strong>Evelyn Salgado<\/strong> se sum\u00f3 a la Estrategia Nacional <img loading=\"lazy\" decoding=\"async\" class=\"alignleft size-medium wp-image-40769\" src=\"https:\/\/www.acapulcopress.com\/wp-content\/uploads\/2025\/06\/limpieza-playas4-300x200.jpg\" alt=\"\" width=\"300\" height=\"200\" srcset=\"https:\/\/www.acapulcopress.com\/wp-content\/uploads\/2025\/06\/limpieza-playas4-300x200.jpg 300w, https:\/\/www.acapulcopress.com\/wp-content\/uploads\/2025\/06\/limpieza-playas4-1024x682.jpg 1024w, https:\/\/www.acapulcopress.com\/wp-content\/uploads\/2025\/06\/limpieza-playas4-768x512.jpg 768w, https:\/\/www.acapulcopress.com\/wp-content\/uploads\/2025\/06\/limpieza-playas4-580x387.jpg 580w, https:\/\/www.acapulcopress.com\/wp-content\/uploads\/2025\/06\/limpieza-playas4-860x573.jpg 860w, https:\/\/www.acapulcopress.com\/wp-content\/uploads\/2025\/06\/limpieza-playas4-1160x773.jpg 1160w, https:\/\/www.acapulcopress.com\/wp-content\/uploads\/2025\/06\/limpieza-playas4.jpg 1280w\" sizes=\"auto, (max-width: 300px) 100vw, 300px\" \/>de Limpieza y Conservaci\u00f3n de Playas Costas de M\u00e9xico, que encabeza la presidenta Claudia Sheinbaum Pardo; m\u00e1s de 400 voluntarios, entre sociedad civil, funcionarios y estudiantes de distintos niveles, acompa\u00f1aron a la mandataria estatal durante su participaci\u00f3n v\u00eda remota, en la conferencia ma\u00f1anera de la presidenta de M\u00e9xico, en donde enfatiz\u00f3 el compromiso para participar en esta jornada nacional, con una convicci\u00f3n ambientalista y ecologista, para eliminar desechos que puedan contaminar las playas y mares.<\/p>\n<p>\u00abSabemos que cuidar nuestras playas es una responsabilidad compartida y un compromiso con nuestras ni\u00f1as, con nuestros ni\u00f1os y con las futuras generaciones. Desde Guerrero, asumimos con mucho amor, con mucha responsabilidad esta tarea y la cumplimos no s\u00f3lo con la limpieza de nuestras playas, sino de todos los espacios p\u00fablicos\u00bb, se\u00f1al\u00f3.<\/p>\n<p>En este enlace tambi\u00e9n participaron los estados de Quintana Roo, Yucat\u00e1n y Baja California.<\/p>\n<p><img loading=\"lazy\" decoding=\"async\" class=\"alignleft size-medium wp-image-40767\" src=\"https:\/\/www.acapulcopress.com\/wp-content\/uploads\/2025\/06\/limpieza-playas2-300x252.jpg\" alt=\"\" width=\"300\" height=\"252\" srcset=\"https:\/\/www.acapulcopress.com\/wp-content\/uploads\/2025\/06\/limpieza-playas2-300x252.jpg 300w, https:\/\/www.acapulcopress.com\/wp-content\/uploads\/2025\/06\/limpieza-playas2-1024x859.jpg 1024w, https:\/\/www.acapulcopress.com\/wp-content\/uploads\/2025\/06\/limpieza-playas2-768x644.jpg 768w, https:\/\/www.acapulcopress.com\/wp-content\/uploads\/2025\/06\/limpieza-playas2-580x487.jpg 580w, https:\/\/www.acapulcopress.com\/wp-content\/uploads\/2025\/06\/limpieza-playas2-860x722.jpg 860w, https:\/\/www.acapulcopress.com\/wp-content\/uploads\/2025\/06\/limpieza-playas2-1160x973.jpg 1160w, https:\/\/www.acapulcopress.com\/wp-content\/uploads\/2025\/06\/limpieza-playas2.jpg 1280w\" sizes=\"auto, (max-width: 300px) 100vw, 300px\" \/>En un breve mensaje la gobernadora refrend\u00f3 su compromiso para \u201cTrabajar de la mano del gobierno de M\u00e9xico y de los ayuntamientos para no solo tener las playas m\u00e1s bellas sino tambi\u00e9n tener las playas m\u00e1s limpias y por supuesto recibir con amor a los millones de visitantes que hacen pues de Acapulco y de Guerrero su hogar en cada temporada vacacional\u201d.<\/p>\n<p>Luego de su participaci\u00f3n en esta transmisi\u00f3n nacional, la gobernadora dio el banderazo oficial para el arranque de las actividades de recolecci\u00f3n de basura, limpieza y conservaci\u00f3n. Ante los asistentes que se dieron cita en el punto conocido como el Asta Bandera, ofreci\u00f3 un mensaje en donde les agradeci\u00f3 su compromiso para participar en esta estrategia, en la que se genera una conciencia sobre la importancia del cuidado del medio ambiente.<\/p>\n<p>\u00abHoy los ni\u00f1os y los j\u00f3venes, nos est\u00e1n dando las mejores lecciones sobre el cuidado de nuestro medio ambiente; hoy est\u00e1n m\u00e1s involucrados que nunca. Hoy son los principales que est\u00e1n cuidando r\u00edos, cuidando mares\u00bb, a\u00f1adi\u00f3.<\/p>\n<p>En su mensaje, el director ejecutivo de la Agencia de Seguridad, Energ\u00eda y Ambiente, Armando Ocampo Zambrano explic\u00f3 que esta acci\u00f3n <img loading=\"lazy\" decoding=\"async\" class=\"alignleft size-medium wp-image-40772\" src=\"https:\/\/www.acapulcopress.com\/wp-content\/uploads\/2025\/06\/limpieza-playas7-300x218.jpg\" alt=\"\" width=\"300\" height=\"218\" srcset=\"https:\/\/www.acapulcopress.com\/wp-content\/uploads\/2025\/06\/limpieza-playas7-300x218.jpg 300w, https:\/\/www.acapulcopress.com\/wp-content\/uploads\/2025\/06\/limpieza-playas7-1024x744.jpg 1024w, https:\/\/www.acapulcopress.com\/wp-content\/uploads\/2025\/06\/limpieza-playas7-768x558.jpg 768w, https:\/\/www.acapulcopress.com\/wp-content\/uploads\/2025\/06\/limpieza-playas7-580x421.jpg 580w, https:\/\/www.acapulcopress.com\/wp-content\/uploads\/2025\/06\/limpieza-playas7-860x625.jpg 860w, https:\/\/www.acapulcopress.com\/wp-content\/uploads\/2025\/06\/limpieza-playas7-1160x843.jpg 1160w, https:\/\/www.acapulcopress.com\/wp-content\/uploads\/2025\/06\/limpieza-playas7.jpg 1280w\" sizes=\"auto, (max-width: 300px) 100vw, 300px\" \/>conjunta busca que, en unidad, se puedan realizar acciones en beneficio del medio ambiente, as\u00ed como de promover la concientizaci\u00f3n sobre la importancia de cuidar los espacios. Y agreg\u00f3: \u201cAdem\u00e1s de generar una acci\u00f3n concreta de limpieza de nuestras playas y costas, lo que buscamos es concientizar, tambi\u00e9n buscamos educar, hacer llegar este mensaje de que debemos cuidar nuestro medio ambiente, procurar evitar el uso de pl\u00e1stico de un solo uso\u201d.<\/p>\n<p>Como parte de esta jornada, se cont\u00f3 con la participaci\u00f3n de integrantes de dependencias federales, estatales y municipales, como la Secretar\u00eda de Turismo, la Procuradur\u00eda de Protecci\u00f3n Ambiental del Estado de Guerrero, Promotora y Administradora de Playas, Comisi\u00f3n Nacional Forestal, Servicios P\u00fablicos Municipales, entre otros. Tambi\u00e9n instituciones educativas como Unid, Cbtis 14, Facultad de Psicolog\u00eda de la Uagro, Cobach 32, Doctorado en Ciencias Ambientales de la Uagro y Facultad de Ecolog\u00eda Marina; adem\u00e1s de empresas como como Ecoce y Femsa.<\/p>\n<p>El representante de la Novena Regi\u00f3n Militar, Ram\u00f3n Dur\u00e1n Quiroz; el representante de la Octava Regi\u00f3n Naval, Gast\u00f3n Ram\u00f3n Delgado; la diputada local y presidenta de la Comisi\u00f3n de Recursos Naturales, Desarrollo Sustentable y Cambio Clim\u00e1tico, Obdulia Naranjo Cabrera; el secretario de Medio Ambiente y Recursos Naturales del estado, \u00c1ngel Almaz\u00e1n; el secretario de Turismo en el estado, Sim\u00f3n Qui\u00f1ones Orozco; el gerente de Asuntos Corporativos y Gubernamentales Coca Femsa M\u00e9xico, Gibr\u00e1n de la Torre; la presidenta de Acapulco, Abelina L\u00f3pez Rodr\u00edguez; la ganadora del Premio al M\u00e9rito Juvenil en la categor\u00eda Protecci\u00f3n al Medio Ambiente y Desarrollo Sostenible, Perla Michel Garc\u00eda Montero, entre otros.<\/p>\n<p><img loading=\"lazy\" decoding=\"async\" class=\"alignnone wp-image-40768 size-cmsmasters-masonry-thumb\" src=\"https:\/\/www.acapulcopress.com\/wp-content\/uploads\/2025\/06\/limpieza-playas3-860x573.jpg\" alt=\"\" width=\"860\" height=\"573\" srcset=\"https:\/\/www.acapulcopress.com\/wp-content\/uploads\/2025\/06\/limpieza-playas3-860x573.jpg 860w, https:\/\/www.acapulcopress.com\/wp-content\/uploads\/2025\/06\/limpieza-playas3-300x200.jpg 300w, https:\/\/www.acapulcopress.com\/wp-content\/uploads\/2025\/06\/limpieza-playas3-1024x682.jpg 1024w, https:\/\/www.acapulcopress.com\/wp-content\/uploads\/2025\/06\/limpieza-playas3-768x512.jpg 768w, https:\/\/www.acapulcopress.com\/wp-content\/uploads\/2025\/06\/limpieza-playas3-580x387.jpg 580w, https:\/\/www.acapulcopress.com\/wp-content\/uploads\/2025\/06\/limpieza-playas3-1160x773.jpg 1160w, https:\/\/www.acapulcopress.com\/wp-content\/uploads\/2025\/06\/limpieza-playas3.jpg 1280w\" sizes=\"auto, (max-width: 860px) 100vw, 860px\" \/><\/p>\n<p><em>) acapulcopress.com<\/em><\/p>\n","protected":false},"excerpt":{"rendered":"<p>ACAPULCO * 5 de junio 2025 ) Gobierno de Guerrero En el marco de la conmemoraci\u00f3n del D\u00eda Mundial del Medio Ambiente, la gobernadora Evelyn Salgado se sum\u00f3 a la Estrategia Nacional de Limpieza y Conservaci\u00f3n de Playas Costas de M\u00e9xico, que encabeza la presidenta Claudia Sheinbaum Pardo; m\u00e1s de 400 voluntarios, entre sociedad civil,&#8230;<\/p>\n","protected":false},"author":1,"featured_media":40771,"comment_status":"open","ping_status":"open","sticky":false,"template":"","format":"standard","meta":{"footnotes":""},"categories":[1980,1983],"tags":[7244,8251],"class_list":["post-40764","post","type-post","status-publish","format-standard","has-post-thumbnail","hentry","category-goverment-2","category-guerrerogob","tag-dia-mundial-del-medio-ambiente","tag-evelyn-salgado-pineda"],"_links":{"self":[{"href":"https:\/\/www.acapulcopress.com\/index.php\/wp-json\/wp\/v2\/posts\/40764","targetHints":{"allow":["GET"]}}],"collection":[{"href":"https:\/\/www.acapulcopress.com\/index.php\/wp-json\/wp\/v2\/posts"}],"about":[{"href":"https:\/\/www.acapulcopress.com\/index.php\/wp-json\/wp\/v2\/types\/post"}],"author":[{"embeddable":true,"href":"https:\/\/www.acapulcopress.com\/index.php\/wp-json\/wp\/v2\/users\/1"}],"replies":[{"embeddable":true,"href":"https:\/\/www.acapulcopress.com\/index.php\/wp-json\/wp\/v2\/comments?post=40764"}],"version-history":[{"count":1,"href":"https:\/\/www.acapulcopress.com\/index.php\/wp-json\/wp\/v2\/posts\/40764\/revisions"}],"predecessor-version":[{"id":40774,"href":"https:\/\/www.acapulcopress.com\/index.php\/wp-json\/wp\/v2\/posts\/40764\/revisions\/40774"}],"wp:featuredmedia":[{"embeddable":true,"href":"https:\/\/www.acapulcopress.com\/index.php\/wp-json\/wp\/v2\/media\/40771"}],"wp:attachment":[{"href":"https:\/\/www.acapulcopress.com\/index.php\/wp-json\/wp\/v2\/media?parent=40764"}],"wp:term":[{"taxonomy":"category","embeddable":true,"href":"https:\/\/www.acapulcopress.com\/index.php\/wp-json\/wp\/v2\/categories?post=40764"},{"taxonomy":"post_tag","embeddable":true,"href":"https:\/\/www.acapulcopress.com\/index.php\/wp-json\/wp\/v2\/tags?post=40764"}],"curies":[{"name":"wp","href":"https:\/\/api.w.org\/{rel}","templated":true}]}}