{"id":40775,"date":"2025-06-05T20:52:56","date_gmt":"2025-06-06T02:52:56","guid":{"rendered":"https:\/\/www.acapulcopress.com\/?p=40775"},"modified":"2025-06-07T10:54:17","modified_gmt":"2025-06-07T16:54:17","slug":"buscan-garantizas-consulta-afromexicana-e-indigena","status":"publish","type":"post","link":"https:\/\/www.acapulcopress.com\/index.php\/2025\/06\/05\/buscan-garantizas-consulta-afromexicana-e-indigena\/","title":{"rendered":"Buscan garantizar consulta afromexicana e ind\u00edgena"},"content":{"rendered":"<p>CHILPANCINGO * 5 de junio 2025<br \/>\n<em>) LXVI legislatura | Guerrero<\/em><br \/>\nLa diputada <strong>Catalina Apolinar Santiago<\/strong> present\u00f3 una iniciativa de reforma a la <em>Ley Org\u00e1nica del Poder Legislativo<\/em> para garantizar procesos de consulta previa, libre e informada para los pueblos y comunidades ind\u00edgenas, afromexicanas y personas con discapacidad en Guerrero.<\/p>\n<p>Durante la exposici\u00f3n de motivos, la integrante de la LXIV Legislatura del Congreso del Estado explic\u00f3 que la propuesta busca armonizar el marco jur\u00eddico del Congreso con los est\u00e1ndares nacionales e internacionales en materia de derechos colectivos, en especial el mandato constitucional del Art\u00edculo 2\u00ba y los tratados como el Convenio 169 de la OIT y la Declaraci\u00f3n de las Naciones Unidas sobre los Derechos de los Pueblos Ind\u00edgenas.<\/p>\n<p>Dijo que entre los puntos que contempla esta reforma se encuentra incorporar una definici\u00f3n legal del derecho a la consulta, establecer procedimientos legislativos especiales, y formalizar la creaci\u00f3n de una Coordinaci\u00f3n de Procesos de Consulta como \u00f3rgano t\u00e9cnico-administrativo responsable de dise\u00f1ar e implementar estos procesos con pertinencia cultural y accesibilidad.<\/p>\n<p>La propuesta tambi\u00e9n plantea que, en los casos de creaci\u00f3n de nuevos municipios con poblaci\u00f3n ind\u00edgena o afromexicana, se garantice la realizaci\u00f3n obligatoria de una consulta que refleje la voluntad y necesidades de las comunidades afectadas.<\/p>\n<p>Asimismo, se dota al Congreso de facultades expresas para coordinarse con instituciones como el Instituto Nacional de los Pueblos Ind\u00edgenas, la Comisi\u00f3n de Derechos Humanos del Estado y autoridades comunitarias, adem\u00e1s de asignar nuevas competencias a la Secretar\u00eda de Servicios Parlamentarios para apoyar en la implementaci\u00f3n de estos procesos.<\/p>\n<p>La diputada record\u00f3 que esta propuesta responde a sentencias de la <em>Suprema Corte de Justicia de la Naci\u00f3n<\/em> que ha invalidado reformas por falta de consulta previa, as\u00ed como a recomendaciones de la Comisi\u00f3n Nacional de los Derechos Humanos, por lo que su aprobaci\u00f3n es fundamental para garantizar el respeto pleno de los derechos colectivos en la entidad.<\/p>\n<p>\u201cSe trata de fortalecer los mecanismos de participaci\u00f3n sustantiva y asegurar que ninguna medida legislativa que afecte directamente a estas comunidades se imponga. Esta iniciativa refrenda el compromiso de un Congreso m\u00e1s incluyente, plural y respetuoso de la diversidad cultural del Estado de Guerrero\u201d, subray\u00f3 Apolinar Santiago.<\/p>\n<p>La iniciativa fue turnada a la Comisi\u00f3n de Estudios Constitucionales y Jur\u00eddicos para su an\u00e1lisis.<\/p>\n<p><em>) acapulcopress.com<\/em><\/p>\n","protected":false},"excerpt":{"rendered":"<p>CHILPANCINGO * 5 de junio 2025 ) LXVI legislatura | Guerrero La diputada Catalina Apolinar Santiago present\u00f3 una iniciativa de reforma a la Ley Org\u00e1nica del Poder Legislativo para garantizar procesos de consulta previa, libre e informada para los pueblos y comunidades ind\u00edgenas, afromexicanas y personas con discapacidad en Guerrero. Durante la exposici\u00f3n de motivos,&#8230;<\/p>\n","protected":false},"author":1,"featured_media":40776,"comment_status":"open","ping_status":"open","sticky":false,"template":"","format":"standard","meta":{"footnotes":""},"categories":[2037,61],"tags":[5386,11904,18372,16934],"class_list":["post-40775","post","type-post","status-publish","format-standard","has-post-thumbnail","hentry","category-congreso-de-guerrero","category-legislacion","tag-catalina-apolinar-santiago","tag-ley-organica-del-poder-legislativo","tag-lxvi-legislatura-guerrero","tag-suprema-corte-de-justicia-de-la-nacion"],"_links":{"self":[{"href":"https:\/\/www.acapulcopress.com\/index.php\/wp-json\/wp\/v2\/posts\/40775","targetHints":{"allow":["GET"]}}],"collection":[{"href":"https:\/\/www.acapulcopress.com\/index.php\/wp-json\/wp\/v2\/posts"}],"about":[{"href":"https:\/\/www.acapulcopress.com\/index.php\/wp-json\/wp\/v2\/types\/post"}],"author":[{"embeddable":true,"href":"https:\/\/www.acapulcopress.com\/index.php\/wp-json\/wp\/v2\/users\/1"}],"replies":[{"embeddable":true,"href":"https:\/\/www.acapulcopress.com\/index.php\/wp-json\/wp\/v2\/comments?post=40775"}],"version-history":[{"count":2,"href":"https:\/\/www.acapulcopress.com\/index.php\/wp-json\/wp\/v2\/posts\/40775\/revisions"}],"predecessor-version":[{"id":40851,"href":"https:\/\/www.acapulcopress.com\/index.php\/wp-json\/wp\/v2\/posts\/40775\/revisions\/40851"}],"wp:featuredmedia":[{"embeddable":true,"href":"https:\/\/www.acapulcopress.com\/index.php\/wp-json\/wp\/v2\/media\/40776"}],"wp:attachment":[{"href":"https:\/\/www.acapulcopress.com\/index.php\/wp-json\/wp\/v2\/media?parent=40775"}],"wp:term":[{"taxonomy":"category","embeddable":true,"href":"https:\/\/www.acapulcopress.com\/index.php\/wp-json\/wp\/v2\/categories?post=40775"},{"taxonomy":"post_tag","embeddable":true,"href":"https:\/\/www.acapulcopress.com\/index.php\/wp-json\/wp\/v2\/tags?post=40775"}],"curies":[{"name":"wp","href":"https:\/\/api.w.org\/{rel}","templated":true}]}}