{"id":40852,"date":"2025-06-07T11:53:59","date_gmt":"2025-06-07T17:53:59","guid":{"rendered":"https:\/\/www.acapulcopress.com\/?p=40852"},"modified":"2025-06-07T12:11:57","modified_gmt":"2025-06-07T18:11:57","slug":"auguran-lluvias-intensas-para-este-fin-de-semana","status":"publish","type":"post","link":"https:\/\/www.acapulcopress.com\/index.php\/2025\/06\/07\/auguran-lluvias-intensas-para-este-fin-de-semana\/","title":{"rendered":"Auguran lluvias intensas para este fin de semana"},"content":{"rendered":"<p>CHILPANCINGO * 7 de junio 2025<br \/>\n<em>) Protecci\u00f3n Civil Guerrero<\/em><br \/>\nLa<em> Secretar\u00eda de Gesti\u00f3n Integral de Riesgos y Protecci\u00f3n Civil<\/em> recomienda a la poblaci\u00f3n en general, extremar las medidas de precauci\u00f3n necesarias, ante el pron\u00f3stico de lluvias de moderadas a intensas para este fin de semana en gran parte del estado.<\/p>\n<p>Las lluvias en menci\u00f3n ser\u00e1n m\u00e1s intensas en las regiones Costa Chica, Acapulco y Costa Grande, debido al ingreso de Aire Mar\u00edtimo Tropical proveniente del Oc\u00e9ano Pac\u00edfico, as\u00ed como por un Canal de Baja Presi\u00f3n que se extiende al norte de Guerrero, lo que habr\u00e1 de favorecer el desarrollo de nubosidad por las tardes y noches del s\u00e1bado y domingo.<\/p>\n<p>Para este d\u00eda se esperan condiciones de cielo parcialmente nublado, con probabilidad de lluvias de moderadas a intensas, acompa\u00f1adas de tormentas el\u00e9ctricas, rachas de viento de 40 a 60 kil\u00f3metros por hora y oleaje de dos a tres metros de altura.<\/p>\n<p>El gobierno del estado mantiene en vigilancia y monitoreo permanente a tres zonas de Baja Presi\u00f3n con potencial cicl\u00f3nico en el oc\u00e9ano Pac\u00edfico, mismas que podr\u00edan favorecer el potencial de lluvias intensas para los siguientes d\u00edas en Guerrero.<\/p>\n<p>Se recomienda extremar medidas de precauci\u00f3n, ya que las precipitaciones previstas podr\u00edan generar derrumbes y deslaves, incremento en niveles de r\u00edos y arroyos, as\u00ed como desbordamientos e inundaciones en zonas bajas de la entidad.<\/p>\n<p>La dependencia estatal recomienda no propagar rumores, consultar fuentes oficiales y seguir las recomendaciones de las autoridades de Protecci\u00f3n Civil, as\u00ed como reportar cualquier incidencia al n\u00famero de emergencias 9-1-1.<\/p>\n<p><em>) acapulcopress.com<\/em><\/p>\n","protected":false},"excerpt":{"rendered":"<p>CHILPANCINGO * 7 de junio 2025 ) Protecci\u00f3n Civil Guerrero La Secretar\u00eda de Gesti\u00f3n Integral de Riesgos y Protecci\u00f3n Civil recomienda a la poblaci\u00f3n en general, extremar las medidas de precauci\u00f3n necesarias, ante el pron\u00f3stico de lluvias de moderadas a intensas para este fin de semana en gran parte del estado. Las lluvias en menci\u00f3n&#8230;<\/p>\n","protected":false},"author":1,"featured_media":40857,"comment_status":"open","ping_status":"open","sticky":false,"template":"","format":"standard","meta":{"footnotes":""},"categories":[1997],"tags":[16195],"class_list":["post-40852","post","type-post","status-publish","format-standard","has-post-thumbnail","hentry","category-noticias-destacadas","tag-secretaria-de-gestion-integral-de-riesgos-y-proteccion-civil-guerrero"],"_links":{"self":[{"href":"https:\/\/www.acapulcopress.com\/index.php\/wp-json\/wp\/v2\/posts\/40852","targetHints":{"allow":["GET"]}}],"collection":[{"href":"https:\/\/www.acapulcopress.com\/index.php\/wp-json\/wp\/v2\/posts"}],"about":[{"href":"https:\/\/www.acapulcopress.com\/index.php\/wp-json\/wp\/v2\/types\/post"}],"author":[{"embeddable":true,"href":"https:\/\/www.acapulcopress.com\/index.php\/wp-json\/wp\/v2\/users\/1"}],"replies":[{"embeddable":true,"href":"https:\/\/www.acapulcopress.com\/index.php\/wp-json\/wp\/v2\/comments?post=40852"}],"version-history":[{"count":2,"href":"https:\/\/www.acapulcopress.com\/index.php\/wp-json\/wp\/v2\/posts\/40852\/revisions"}],"predecessor-version":[{"id":40855,"href":"https:\/\/www.acapulcopress.com\/index.php\/wp-json\/wp\/v2\/posts\/40852\/revisions\/40855"}],"wp:featuredmedia":[{"embeddable":true,"href":"https:\/\/www.acapulcopress.com\/index.php\/wp-json\/wp\/v2\/media\/40857"}],"wp:attachment":[{"href":"https:\/\/www.acapulcopress.com\/index.php\/wp-json\/wp\/v2\/media?parent=40852"}],"wp:term":[{"taxonomy":"category","embeddable":true,"href":"https:\/\/www.acapulcopress.com\/index.php\/wp-json\/wp\/v2\/categories?post=40852"},{"taxonomy":"post_tag","embeddable":true,"href":"https:\/\/www.acapulcopress.com\/index.php\/wp-json\/wp\/v2\/tags?post=40852"}],"curies":[{"name":"wp","href":"https:\/\/api.w.org\/{rel}","templated":true}]}}