{"id":40864,"date":"2025-06-08T14:05:59","date_gmt":"2025-06-08T20:05:59","guid":{"rendered":"https:\/\/www.acapulcopress.com\/?p=40864"},"modified":"2025-06-08T14:32:12","modified_gmt":"2025-06-08T20:32:12","slug":"barbara-ocasionara-lluvias-muy-fuertes-hoy-y-manana","status":"publish","type":"post","link":"https:\/\/www.acapulcopress.com\/index.php\/2025\/06\/08\/barbara-ocasionara-lluvias-muy-fuertes-hoy-y-manana\/","title":{"rendered":"\u00abB\u00e1rbara\u00bb ocasionar\u00e1 lluvias muy fuertes hoy y ma\u00f1ana"},"content":{"rendered":"<p><img loading=\"lazy\" decoding=\"async\" class=\"alignnone wp-image-40865 size-post-thumbnail\" src=\"https:\/\/www.acapulcopress.com\/wp-content\/uploads\/2025\/06\/BARBARA-860x655.jpg\" alt=\"\" width=\"860\" height=\"655\" \/><\/p>\n<p>CIUDAD DE M\u00c9XICO * 7 de junio, 2025.<br \/>\n<em>) Servicio Metereol\u00f3gico Nacional<\/em><br \/>\nEsta ma\u00f1ana se form\u00f3 la depresi\u00f3n tropical \u00abTres-E\u00bb al sur de Baja California Sur, pero por el momento no genera efectos en territorio <img loading=\"lazy\" decoding=\"async\" class=\"alignleft size-medium wp-image-40866\" src=\"https:\/\/www.acapulcopress.com\/wp-content\/uploads\/2025\/06\/BARBARA3-300x200.jpg\" alt=\"\" width=\"300\" height=\"200\" srcset=\"https:\/\/www.acapulcopress.com\/wp-content\/uploads\/2025\/06\/BARBARA3-300x200.jpg 300w, https:\/\/www.acapulcopress.com\/wp-content\/uploads\/2025\/06\/BARBARA3-1024x681.jpg 1024w, https:\/\/www.acapulcopress.com\/wp-content\/uploads\/2025\/06\/BARBARA3-768x511.jpg 768w, https:\/\/www.acapulcopress.com\/wp-content\/uploads\/2025\/06\/BARBARA3-580x386.jpg 580w, https:\/\/www.acapulcopress.com\/wp-content\/uploads\/2025\/06\/BARBARA3-860x572.jpg 860w, https:\/\/www.acapulcopress.com\/wp-content\/uploads\/2025\/06\/BARBARA3.jpg 1159w\" sizes=\"auto, (max-width: 300px) 100vw, 300px\" \/>nacional.<\/p>\n<p>Las bandas nubosas de la tormenta tropical \u00abBarbara\u00bb (que ocasiona lluvias muy fuertes en Jalisco, Colima, Michoac\u00e1n y Guerrero) y el arrastre de humedad que genera, ocasionar\u00e1n durante este domingo, lluvias muy fuertes (de 50 a 75 mil\u00edmetros [mm]) y viento de 40 a 60 kil\u00f3metros por hora (km\/h) con rachas de 70 a 90 km\/h en Jalisco, Colima, Michoac\u00e1n y Guerrero, as\u00ed como oleaje de 4 a 5 metros (m) de altura en Colima, Michoac\u00e1n y Guerrero, y de 3 a 4 m en Jalisco.<\/p>\n<p>A las 09:00 horas, tiempo del centro de M\u00e9xico, el centro de la tormenta tropical Barbara se localiz\u00f3 aproximadamente a 275 kil\u00f3metros (km) al suroeste de Zihuatanejo, Guerrero, y a 265 km al sur-suroeste de L\u00e1zaro C\u00e1rdenas, Michoac\u00e1n, con vientos m\u00e1ximos sostenidos de 95 km\/h, rachas de 110 km\/h y desplazamiento hacia el oeste-noroeste a 19 km\/h.<\/p>\n<p>Las precipitaciones mencionadas podr\u00edan generar deslaves, incremento en niveles de r\u00edos y arroyos, as\u00ed como desbordamientos e inundaciones en zonas bajas de los estados mencionados, por lo que se exhorta a la poblaci\u00f3n a atender los avisos del Servicio Meteorol\u00f3gico <img loading=\"lazy\" decoding=\"async\" class=\"alignleft size-medium wp-image-40867\" src=\"https:\/\/www.acapulcopress.com\/wp-content\/uploads\/2025\/06\/BARBARA7-300x210.jpg\" alt=\"\" width=\"300\" height=\"210\" srcset=\"https:\/\/www.acapulcopress.com\/wp-content\/uploads\/2025\/06\/BARBARA7-300x210.jpg 300w, https:\/\/www.acapulcopress.com\/wp-content\/uploads\/2025\/06\/BARBARA7-1024x717.jpg 1024w, https:\/\/www.acapulcopress.com\/wp-content\/uploads\/2025\/06\/BARBARA7-768x537.jpg 768w, https:\/\/www.acapulcopress.com\/wp-content\/uploads\/2025\/06\/BARBARA7-580x406.jpg 580w, https:\/\/www.acapulcopress.com\/wp-content\/uploads\/2025\/06\/BARBARA7-860x602.jpg 860w, https:\/\/www.acapulcopress.com\/wp-content\/uploads\/2025\/06\/BARBARA7.jpg 1129w\" sizes=\"auto, (max-width: 300px) 100vw, 300px\" \/>Nacional, de la Comisi\u00f3n Nacional del Agua, y seguir las recomendaciones de Protecci\u00f3n Civil.<\/p>\n<p>Esta ma\u00f1ana, tambi\u00e9n en el oc\u00e9ano Pac\u00edfico, se form\u00f3 la depresi\u00f3n tropical <em>Tres-E<\/em>. Este sistema se localiza aproximadamente a 980 km al suroeste de Playa P\u00e9rula, Jalisco, y a mil 145 km al sur de Cabo San Lucas, Baja California, con vientos m\u00e1ximos sostenidos de 55 km\/h, rachas de 75 km\/h y desplazamiento hacia el noroeste a 13 km\/h.<\/p>\n<p>Debido a su distancia, por el momento no genera efectos en territorio nacional. Mantente informado en las p\u00e1ginas<em> <a class=\"x1fey0fg xmper1u x1edh9d7\" dir=\"ltr\" href=\"https:\/\/www.gob.mx\/conagua\" target=\"_blank\" rel=\"noopener\">www.gob.mx\/conagua<\/a> <\/em>y <a class=\"x1fey0fg xmper1u x1edh9d7\" dir=\"ltr\" href=\"https:\/\/smn.conagua.gob.mx\" target=\"_blank\" rel=\"noopener\">h<em>ttps:\/\/smn.conagua.gob.mx<\/em><\/a>, en las cuentas de X @conagua_mx y @conagua_clima y de Facebook <span class=\"xv78j7m\" spellcheck=\"false\">ww.facebook.com\/conaguamx<\/span>, as\u00ed como en la aplicaci\u00f3n para dispositivos m\u00f3viles ConaguaClima, donde se puede consultar el pron\u00f3stico por municipio.<\/p>\n","protected":false},"excerpt":{"rendered":"<p>CIUDAD DE M\u00c9XICO * 7 de junio, 2025. ) Servicio Metereol\u00f3gico Nacional Esta ma\u00f1ana se form\u00f3 la depresi\u00f3n tropical \u00abTres-E\u00bb al sur de Baja California Sur, pero por el momento no genera efectos en territorio nacional. Las bandas nubosas de la tormenta tropical \u00abBarbara\u00bb (que ocasiona lluvias muy fuertes en Jalisco, Colima, Michoac\u00e1n y Guerrero)&#8230;<\/p>\n","protected":false},"author":1,"featured_media":40869,"comment_status":"open","ping_status":"open","sticky":false,"template":"","format":"standard","meta":{"footnotes":""},"categories":[1997],"tags":[18395],"class_list":["post-40864","post","type-post","status-publish","format-standard","has-post-thumbnail","hentry","category-noticias-destacadas","tag-depresion-tropical-tres-e"],"_links":{"self":[{"href":"https:\/\/www.acapulcopress.com\/index.php\/wp-json\/wp\/v2\/posts\/40864","targetHints":{"allow":["GET"]}}],"collection":[{"href":"https:\/\/www.acapulcopress.com\/index.php\/wp-json\/wp\/v2\/posts"}],"about":[{"href":"https:\/\/www.acapulcopress.com\/index.php\/wp-json\/wp\/v2\/types\/post"}],"author":[{"embeddable":true,"href":"https:\/\/www.acapulcopress.com\/index.php\/wp-json\/wp\/v2\/users\/1"}],"replies":[{"embeddable":true,"href":"https:\/\/www.acapulcopress.com\/index.php\/wp-json\/wp\/v2\/comments?post=40864"}],"version-history":[{"count":1,"href":"https:\/\/www.acapulcopress.com\/index.php\/wp-json\/wp\/v2\/posts\/40864\/revisions"}],"predecessor-version":[{"id":40868,"href":"https:\/\/www.acapulcopress.com\/index.php\/wp-json\/wp\/v2\/posts\/40864\/revisions\/40868"}],"wp:featuredmedia":[{"embeddable":true,"href":"https:\/\/www.acapulcopress.com\/index.php\/wp-json\/wp\/v2\/media\/40869"}],"wp:attachment":[{"href":"https:\/\/www.acapulcopress.com\/index.php\/wp-json\/wp\/v2\/media?parent=40864"}],"wp:term":[{"taxonomy":"category","embeddable":true,"href":"https:\/\/www.acapulcopress.com\/index.php\/wp-json\/wp\/v2\/categories?post=40864"},{"taxonomy":"post_tag","embeddable":true,"href":"https:\/\/www.acapulcopress.com\/index.php\/wp-json\/wp\/v2\/tags?post=40864"}],"curies":[{"name":"wp","href":"https:\/\/api.w.org\/{rel}","templated":true}]}}