{"id":40941,"date":"2025-06-09T13:58:48","date_gmt":"2025-06-09T19:58:48","guid":{"rendered":"https:\/\/www.acapulcopress.com\/?p=40941"},"modified":"2025-06-10T20:15:56","modified_gmt":"2025-06-11T02:15:56","slug":"304-citas-de-negocios-se-concretaron-en-foro-minero-2025","status":"publish","type":"post","link":"https:\/\/www.acapulcopress.com\/index.php\/2025\/06\/09\/304-citas-de-negocios-se-concretaron-en-foro-minero-2025\/","title":{"rendered":"304 citas de negocios se concret\u00f3 el Foro Minero 2025"},"content":{"rendered":"<p>CHILPANCINGO * 9 de junio 2025<br \/>\n<em>) Desarrollo Econ\u00f3mico Guerrero<br \/>\n<\/em>Como resultado del Foro Guerrero Minero 2025 se concretaron 304 citas de negocio, 300 entrevistas profesionales, con 160 empresas <img loading=\"lazy\" decoding=\"async\" class=\"alignleft size-medium wp-image-40948\" src=\"https:\/\/www.acapulcopress.com\/wp-content\/uploads\/2025\/06\/FORO-MINERO-20257-300x200.jpg\" alt=\"\" width=\"300\" height=\"200\" srcset=\"https:\/\/www.acapulcopress.com\/wp-content\/uploads\/2025\/06\/FORO-MINERO-20257-300x200.jpg 300w, https:\/\/www.acapulcopress.com\/wp-content\/uploads\/2025\/06\/FORO-MINERO-20257-1024x682.jpg 1024w, https:\/\/www.acapulcopress.com\/wp-content\/uploads\/2025\/06\/FORO-MINERO-20257-768x512.jpg 768w, https:\/\/www.acapulcopress.com\/wp-content\/uploads\/2025\/06\/FORO-MINERO-20257-1536x1023.jpg 1536w, https:\/\/www.acapulcopress.com\/wp-content\/uploads\/2025\/06\/FORO-MINERO-20257-580x386.jpg 580w, https:\/\/www.acapulcopress.com\/wp-content\/uploads\/2025\/06\/FORO-MINERO-20257-860x573.jpg 860w, https:\/\/www.acapulcopress.com\/wp-content\/uploads\/2025\/06\/FORO-MINERO-20257-1160x773.jpg 1160w, https:\/\/www.acapulcopress.com\/wp-content\/uploads\/2025\/06\/FORO-MINERO-20257-1320x879.jpg 1320w, https:\/\/www.acapulcopress.com\/wp-content\/uploads\/2025\/06\/FORO-MINERO-20257.jpg 1600w\" sizes=\"auto, (max-width: 300px) 100vw, 300px\" \/>provenientes de estados del Norte de M\u00e9xico como Chihuahua, Aguascalientes, Zacatecas y Sonora.<\/p>\n<p>La secretaria de <em>Fomento y Desarrollo Econ\u00f3mico<\/em>, <strong>Teodora Ram\u00edrez Vega<\/strong> destac\u00f3 que gracias al apoyo de la gobernadora, Evelyn Salgado Pineda se realiz\u00f3 este importante evento que busca fortalecer la vinculaci\u00f3n entre el sector minero, el gobierno, la academia y la sociedad.<\/p>\n<p>Al foro asistieron mil 800 personas y se realiz\u00f3 en coordinaci\u00f3n con las empresas mineras: Industrias Pe\u00f1oles, Minera Media Luna, Equinox Gold, Luca Mining y Heliostar Metals, quienes realizaron la instalaci\u00f3n de 23 stands entre proveedores e invitados de las empresas mineras.<\/p>\n<p>Resalt\u00f3 que el Foro Guerrero Minero 2025, cumpli\u00f3 con el objetivo de propiciar una vinculaci\u00f3n efectiva y estrat\u00e9gica entre el sector minero, el gobierno del estado, proveedores locales, instituciones acad\u00e9micas y actores clave del desarrollo econ\u00f3mico.<\/p>\n<p><img loading=\"lazy\" decoding=\"async\" class=\"alignleft size-medium wp-image-40943\" src=\"https:\/\/www.acapulcopress.com\/wp-content\/uploads\/2025\/06\/FORO-MINERO-20252-300x200.jpg\" alt=\"\" width=\"300\" height=\"200\" srcset=\"https:\/\/www.acapulcopress.com\/wp-content\/uploads\/2025\/06\/FORO-MINERO-20252-300x200.jpg 300w, https:\/\/www.acapulcopress.com\/wp-content\/uploads\/2025\/06\/FORO-MINERO-20252-1024x682.jpg 1024w, https:\/\/www.acapulcopress.com\/wp-content\/uploads\/2025\/06\/FORO-MINERO-20252-768x512.jpg 768w, https:\/\/www.acapulcopress.com\/wp-content\/uploads\/2025\/06\/FORO-MINERO-20252-1536x1023.jpg 1536w, https:\/\/www.acapulcopress.com\/wp-content\/uploads\/2025\/06\/FORO-MINERO-20252-580x386.jpg 580w, https:\/\/www.acapulcopress.com\/wp-content\/uploads\/2025\/06\/FORO-MINERO-20252-860x573.jpg 860w, https:\/\/www.acapulcopress.com\/wp-content\/uploads\/2025\/06\/FORO-MINERO-20252-1160x773.jpg 1160w, https:\/\/www.acapulcopress.com\/wp-content\/uploads\/2025\/06\/FORO-MINERO-20252-1320x879.jpg 1320w, https:\/\/www.acapulcopress.com\/wp-content\/uploads\/2025\/06\/FORO-MINERO-20252.jpg 1600w\" sizes=\"auto, (max-width: 300px) 100vw, 300px\" \/>Entre otros de los principales logros institucionales y de vinculaci\u00f3n destacan la Presentaci\u00f3n de caso de \u00e9xito \u2013 Minera Capela (Industrias Pe\u00f1oles): Se expusieron pr\u00e1cticas de operaci\u00f3n responsables, desarrollo comunitario y sostenibilidad, consolidando a Guerrero como referente nacional en miner\u00eda moderna y socialmente comprometida, la Afiliaci\u00f3n de mujeres guerrerenses a Women In Mining M\u00e9xico (WIM M\u00e9xico).<\/p>\n<p>Asimismo, se llev\u00f3 a cabo la firma de un convenio SEFODECO y FIFOMI, el cual facilitar\u00e1 el acceso a cr\u00e9ditos, asistencia t\u00e9cnica y programas de capacitaci\u00f3n para proveedores guerrerenses, lo cual potenciar\u00e1 el desarrollo econ\u00f3mico local y la integraci\u00f3n efectiva de m\u00e1s empresas regionales en la cadena de valor minera.<\/p>\n<p>Adem\u00e1s, para fortalecer las acciones conjuntas en materia de sostenibilidad, protecci\u00f3n ambiental y cumplimiento normativo, marcando un precedente en la corresponsabilidad entre sector p\u00fablico y privado, inform\u00f3 que entre SEMAREN e Industrias Pe\u00f1oles llevaron a cabo la <img loading=\"lazy\" decoding=\"async\" class=\"alignleft size-medium wp-image-40942\" src=\"https:\/\/www.acapulcopress.com\/wp-content\/uploads\/2025\/06\/FORO-MINERO-2025-300x200.jpg\" alt=\"\" width=\"300\" height=\"200\" srcset=\"https:\/\/www.acapulcopress.com\/wp-content\/uploads\/2025\/06\/FORO-MINERO-2025-300x200.jpg 300w, https:\/\/www.acapulcopress.com\/wp-content\/uploads\/2025\/06\/FORO-MINERO-2025-1024x682.jpg 1024w, https:\/\/www.acapulcopress.com\/wp-content\/uploads\/2025\/06\/FORO-MINERO-2025-768x512.jpg 768w, https:\/\/www.acapulcopress.com\/wp-content\/uploads\/2025\/06\/FORO-MINERO-2025-1536x1023.jpg 1536w, https:\/\/www.acapulcopress.com\/wp-content\/uploads\/2025\/06\/FORO-MINERO-2025-580x386.jpg 580w, https:\/\/www.acapulcopress.com\/wp-content\/uploads\/2025\/06\/FORO-MINERO-2025-860x573.jpg 860w, https:\/\/www.acapulcopress.com\/wp-content\/uploads\/2025\/06\/FORO-MINERO-2025-1160x773.jpg 1160w, https:\/\/www.acapulcopress.com\/wp-content\/uploads\/2025\/06\/FORO-MINERO-2025-1320x879.jpg 1320w, https:\/\/www.acapulcopress.com\/wp-content\/uploads\/2025\/06\/FORO-MINERO-2025.jpg 1600w\" sizes=\"auto, (max-width: 300px) 100vw, 300px\" \/>firma de un convenio de colaboraci\u00f3n.<\/p>\n<p>La funcionaria destac\u00f3 que el componente de Networking empresarial del Foro Guerrero Minero 2025 represent\u00f3 uno de los pilares m\u00e1s s\u00f3lidos del evento, logrando 300 entrevistas profesionales realizadas en dos d\u00edas, la vinculaci\u00f3n entre empresas mineras, proveedores estrat\u00e9gicos, universidades y talento joven del estado de Guerrero.<\/p>\n<p>Las empresas que participaron fueron Grupo Pe\u00f1oles, Torex Gold, Luca Mining, Heliostar Metals, CyPlus Idesa, SVF Maquinaria, SVF Maquinaria, Supercool Mobility Center, Gruminex y Soluciones para Miner\u00eda.<\/p>\n<p><img loading=\"lazy\" decoding=\"async\" class=\"alignnone size-post-thumbnail wp-image-40944\" src=\"https:\/\/www.acapulcopress.com\/wp-content\/uploads\/2025\/06\/FORO-MINERO-20253-860x655.jpg\" alt=\"\" width=\"860\" height=\"655\" \/><\/p>\n<p><em>) acapulcopress.com<\/em><\/p>\n","protected":false},"excerpt":{"rendered":"<p>Como resultado del Foro Guerrero Minero 2025 se concretaron 304 citas de negocio, 300 entrevistas profesionales, con 160 empresas<br \/>\nprovenientes de estados del Norte de M\u00e9xico como Chihuahua, Aguascalientes, Zacatecas y Sonora.<\/p>\n<p>La secretaria de Fomento y Desarrollo Econ\u00f3mico, Teodora Ram\u00edrez Vega destac\u00f3 que gracias al apoyo de la gobernadora, Evelyn Salgado Pineda se realiz\u00f3 este importante evento que busca fortalecer la vinculaci\u00f3n entre el sector minero, el gobierno, la academia y la sociedad.<\/p>\n<p>Al foro asistieron mil 800 personas y se realiz\u00f3 en coordinaci\u00f3n con las empresas mineras<\/p>\n","protected":false},"author":1,"featured_media":40946,"comment_status":"open","ping_status":"open","sticky":false,"template":"","format":"standard","meta":{"footnotes":""},"categories":[18397,2009],"tags":[18398,18399,17054],"class_list":["post-40941","post","type-post","status-publish","format-standard","has-post-thumbnail","hentry","category-eventos","category-politics","tag-desarrollo-economico-guerrero","tag-foro-minero-2025","tag-teodora-ramirez-vega"],"_links":{"self":[{"href":"https:\/\/www.acapulcopress.com\/index.php\/wp-json\/wp\/v2\/posts\/40941","targetHints":{"allow":["GET"]}}],"collection":[{"href":"https:\/\/www.acapulcopress.com\/index.php\/wp-json\/wp\/v2\/posts"}],"about":[{"href":"https:\/\/www.acapulcopress.com\/index.php\/wp-json\/wp\/v2\/types\/post"}],"author":[{"embeddable":true,"href":"https:\/\/www.acapulcopress.com\/index.php\/wp-json\/wp\/v2\/users\/1"}],"replies":[{"embeddable":true,"href":"https:\/\/www.acapulcopress.com\/index.php\/wp-json\/wp\/v2\/comments?post=40941"}],"version-history":[{"count":5,"href":"https:\/\/www.acapulcopress.com\/index.php\/wp-json\/wp\/v2\/posts\/40941\/revisions"}],"predecessor-version":[{"id":41101,"href":"https:\/\/www.acapulcopress.com\/index.php\/wp-json\/wp\/v2\/posts\/40941\/revisions\/41101"}],"wp:featuredmedia":[{"embeddable":true,"href":"https:\/\/www.acapulcopress.com\/index.php\/wp-json\/wp\/v2\/media\/40946"}],"wp:attachment":[{"href":"https:\/\/www.acapulcopress.com\/index.php\/wp-json\/wp\/v2\/media?parent=40941"}],"wp:term":[{"taxonomy":"category","embeddable":true,"href":"https:\/\/www.acapulcopress.com\/index.php\/wp-json\/wp\/v2\/categories?post=40941"},{"taxonomy":"post_tag","embeddable":true,"href":"https:\/\/www.acapulcopress.com\/index.php\/wp-json\/wp\/v2\/tags?post=40941"}],"curies":[{"name":"wp","href":"https:\/\/api.w.org\/{rel}","templated":true}]}}