{"id":40966,"date":"2025-06-09T15:48:44","date_gmt":"2025-06-09T21:48:44","guid":{"rendered":"https:\/\/www.acapulcopress.com\/?p=40966"},"modified":"2025-06-09T15:49:52","modified_gmt":"2025-06-09T21:49:52","slug":"se-ofertaron-mas-de-mil-empleos-en-feria-nacional-del-empleo","status":"publish","type":"post","link":"https:\/\/www.acapulcopress.com\/index.php\/2025\/06\/09\/se-ofertaron-mas-de-mil-empleos-en-feria-nacional-del-empleo\/","title":{"rendered":"Se ofertaron m\u00e1s de mil empleos en la Feria Nacional del Empleo en Acapulco"},"content":{"rendered":"<p>ACAPULCO * 9 de junio 2025<br \/>\n<em>) Gobierno de Guerrero<\/em><br \/>\n<img loading=\"lazy\" decoding=\"async\" class=\"alignleft wp-image-40979 size-cmsmasters-square-thumb\" src=\"https:\/\/www.acapulcopress.com\/wp-content\/uploads\/2025\/06\/feriaempleo13-360x360.jpg\" alt=\"\" width=\"360\" height=\"360\" srcset=\"https:\/\/www.acapulcopress.com\/wp-content\/uploads\/2025\/06\/feriaempleo13-360x360.jpg 360w, https:\/\/www.acapulcopress.com\/wp-content\/uploads\/2025\/06\/feriaempleo13-150x150.jpg 150w, https:\/\/www.acapulcopress.com\/wp-content\/uploads\/2025\/06\/feriaempleo13-70x70.jpg 70w\" sizes=\"auto, (max-width: 360px) 100vw, 360px\" \/>Con el prop\u00f3sito de impulsar la vinculaci\u00f3n para que el bienestar llegue a m\u00e1s familias mediante la obtenci\u00f3n de una fuente de empleo digna y con condiciones laborales adecuadas, la gobernadora <strong>Evelyn Salgado Pineda<\/strong> y la subsecretaria de Empleo del gobierno federal, <strong>Quiahuitl Ch\u00e1vez Dom\u00ednguez<\/strong>, cortaron el list\u00f3n inaugural de la<em> Feria Nacional del Empleo en Acapulco<\/em>, en donde participan m\u00e1s de 80 empresas locales y for\u00e1neas, para ofertar poco m\u00e1s de mil 100 vacantes en diversos rubros, lo que contribuye a que Guerrero se encuentre en los estados con menor \u00edndice de desempleo.<\/p>\n<p>\u201cGuerrero tiene la tasa de desempleo m\u00e1s baja del pa\u00eds y cada vez m\u00e1s personas cuentan con seguridad social. Esto tambi\u00e9n es algo muy importante; en lo que va de nuestra administraci\u00f3n son m\u00e1s de 31 mil personas colocadas en un empleo formal, a trav\u00e9s del Servicio Nacional del Empleo; esta cifra es lo que llevamos en esta administraci\u00f3n, es un buen n\u00famero, es un n\u00famero de muchos hombres y muchas mujeres que est\u00e1n trabajando, porque en Guerrero tambi\u00e9n estamos cerrando brechas, evitando cualquier tipo de desigualdad, construyendo la igualdad sustantiva\u201d, dijo.<\/p>\n<p>En el evento que se realiz\u00f3 en el estacionamiento del Parque Papagayo, la gobernadora destac\u00f3 que gracias a la coordinaci\u00f3n de esfuerzos y al impulso decidido, la entidad ha mantenido \u00edndices positivos en esta materia, refrendando su compromiso para continuar en este esfuerzo que permita dotar de m\u00e1s y mejores oportunidades a los guerrerenses.<\/p>\n<p><img loading=\"lazy\" decoding=\"async\" class=\"alignleft size-cmsmasters-square-thumb wp-image-40978\" src=\"https:\/\/www.acapulcopress.com\/wp-content\/uploads\/2025\/06\/feriaempleo12-360x360.jpg\" alt=\"\" width=\"360\" height=\"360\" srcset=\"https:\/\/www.acapulcopress.com\/wp-content\/uploads\/2025\/06\/feriaempleo12-360x360.jpg 360w, https:\/\/www.acapulcopress.com\/wp-content\/uploads\/2025\/06\/feriaempleo12-150x150.jpg 150w, https:\/\/www.acapulcopress.com\/wp-content\/uploads\/2025\/06\/feriaempleo12-70x70.jpg 70w\" sizes=\"auto, (max-width: 360px) 100vw, 360px\" \/>\u201cEn Guerrero hay muchas ganas de trabajar y por supuesto, hay futuro, porque detr\u00e1s de cada uno de ustedes, sabemos que hay familias que dependen del ingreso, a veces de una persona, sabemos que hay historias de vida tambi\u00e9n detr\u00e1s de cada una de las personas que vienen hoy aqu\u00ed y nuestro trabajo como gobierno es estar a la altura del esfuerzo que ustedes realizan, de abrir puertas, evitar obst\u00e1culos y llevar oportunidades a donde m\u00e1s se necesita\u201d, a\u00f1adi\u00f3.<\/p>\n<p>Ante la presencia de quienes se dieron cita para buscar una oportunidad de empleo, la gobernadora agradeci\u00f3 la coordinaci\u00f3n de esfuerzos con el gobierno federal y la iniciativa privada, para lograr la generaci\u00f3n de empleos dignos, oportunidades con salarios justos y con posibilidades de crecimiento. \u201cSin duda, la generaci\u00f3n de un empleo digno, es una de las principales fuentes de desarrollo y de bienestar; porque gracias, precisamente al empleo, es como se impulsa el crecimiento, se dinamiza el consumo local\u201d, subray\u00f3.<\/p>\n<p>Durante su participaci\u00f3n, la representante del gobierno federal se refiri\u00f3 al compromiso del gobierno de M\u00e9xico para seguir transformando el futuro de las familias, con fuentes de empleo dignas, que representen seguridad, generaci\u00f3n de econom\u00eda y un proyecto de vida.<\/p>\n<p>\u201cHemos hecho del trabajo una prioridad, ya no se trata s\u00f3lo de cu\u00e1ntos empleos se crean, sino de qu\u00e9 tipos de empleos se ofertan. Queremos que cada plaza ofertada, sea una puerta hacia el bienestar. Esta visi\u00f3n ya est\u00e1 dando resultados, hoy en M\u00e9xico hay una tasa hist\u00f3rica m\u00ednima <img loading=\"lazy\" decoding=\"async\" class=\"alignleft size-cmsmasters-square-thumb wp-image-40977\" src=\"https:\/\/www.acapulcopress.com\/wp-content\/uploads\/2025\/06\/feriaempleo11-360x360.jpg\" alt=\"\" width=\"360\" height=\"360\" srcset=\"https:\/\/www.acapulcopress.com\/wp-content\/uploads\/2025\/06\/feriaempleo11-360x360.jpg 360w, https:\/\/www.acapulcopress.com\/wp-content\/uploads\/2025\/06\/feriaempleo11-150x150.jpg 150w, https:\/\/www.acapulcopress.com\/wp-content\/uploads\/2025\/06\/feriaempleo11-70x70.jpg 70w\" sizes=\"auto, (max-width: 360px) 100vw, 360px\" \/>de desocupaci\u00f3n, una recuperaci\u00f3n del salario m\u00ednimo sin precedentes y una generaci\u00f3n constante de empleo formal\u201d, puntualiz\u00f3 la funcionaria.<\/p>\n<p>Tambi\u00e9n enfatiz\u00f3 el apoyo de la presidenta Claudia Sheinbaum hacia Acapulco, mediante diversas acciones para la recuperaci\u00f3n de este destino. \u201cY no s\u00f3lo para reconstruir lo que se perdi\u00f3, sino para transformar lo que nunca debi\u00f3 de estar en abandono. Esta Feria de Empleo es parte de esa responsabilidad, el d\u00eda de hoy organizamos esta feria para poner a su disposici\u00f3n vacantes de trabajos que pueden ser de su inter\u00e9s\u201d, dijo.<\/p>\n<p>En tanto que el titular de la Secretar\u00eda del Trabajo y Previsi\u00f3n Social en el estado, Omar Estrada Bustos, reconoci\u00f3 la voluntad, disposici\u00f3n y generosidad del sector empresarial, para la apertura de estos espacios, en beneficio de las personas que necesitan una oportunidad de trabajo. Y se\u00f1al\u00f3: \u201cAbrir estos espacios para la gente que necesita una oportunidad de demostrar su talento y de generar experiencia\u201d.<\/p>\n<p>Explic\u00f3 que esta feria se enmarca en el Plan M\u00e9xico, en la que se est\u00e1n ofertando alrededor de 800 vacantes locales y poco m\u00e1s de 300 for\u00e1neas, algunas de ellas con vinculaci\u00f3n en el extranjero, en pa\u00edses como Canad\u00e1 y Estados Unidos. Las vacantes disponibles son de rubros como hoteler\u00eda, gastronom\u00eda, de servicios, especializados, telecomunicaciones, entre otros.<\/p>\n<p>A este acto se dieron cita empresas e instituciones como <em>Playa Suites, El Plebe Alegre, La Casa de los Abuelos, 100% Natural, Hotel Aristos, Mega, Hotel El Mirador, Oxxo, Mc Donald\u2019s, Chevrolet, Hotel Hotsson, Standex, Total Play, Macrot\u00fanel, Pollo Caliente, Conafe, Grupo Walmart, Hotel Emporio,<\/em> s\u00f3lo por mencionar algunos.<\/p>\n<p>Acompa\u00f1aron a la gobernadora el titular de la Unidad del Servicio Nacional de Empleo, Claudio Frausto Lara; el coordinador de Programas y Proyectos de Capacitaci\u00f3n y Vinculaci\u00f3n Interinstitucional de la Secretar\u00eda de Gobernaci\u00f3n, Roberto Gerardo Cruz Aguilera; el presidente de Coparmex, Daniel Garc\u00eda Aguirre y el presidente de Canacintra, Mario Moreno Rojas.<\/p>\n<p><img loading=\"lazy\" decoding=\"async\" class=\"alignnone size-cmsmasters-masonry-thumb wp-image-40968\" src=\"https:\/\/www.acapulcopress.com\/wp-content\/uploads\/2025\/06\/feriaempleo2-860x573.jpg\" alt=\"\" width=\"860\" height=\"573\" srcset=\"https:\/\/www.acapulcopress.com\/wp-content\/uploads\/2025\/06\/feriaempleo2-860x573.jpg 860w, https:\/\/www.acapulcopress.com\/wp-content\/uploads\/2025\/06\/feriaempleo2-300x200.jpg 300w, https:\/\/www.acapulcopress.com\/wp-content\/uploads\/2025\/06\/feriaempleo2-1024x682.jpg 1024w, https:\/\/www.acapulcopress.com\/wp-content\/uploads\/2025\/06\/feriaempleo2-768x512.jpg 768w, https:\/\/www.acapulcopress.com\/wp-content\/uploads\/2025\/06\/feriaempleo2-580x387.jpg 580w, https:\/\/www.acapulcopress.com\/wp-content\/uploads\/2025\/06\/feriaempleo2-1160x773.jpg 1160w, https:\/\/www.acapulcopress.com\/wp-content\/uploads\/2025\/06\/feriaempleo2.jpg 1280w\" sizes=\"auto, (max-width: 860px) 100vw, 860px\" \/><\/p>\n<p><em>) acapulcopress.com<\/em><\/p>\n","protected":false},"excerpt":{"rendered":"<p>ACAPULCO * 9 de junio 2025 ) Gobierno de Guerrero Con el prop\u00f3sito de impulsar la vinculaci\u00f3n para que el bienestar llegue a m\u00e1s familias mediante la obtenci\u00f3n de una fuente de empleo digna y con condiciones laborales adecuadas, la gobernadora Evelyn Salgado Pineda y la subsecretaria de Empleo del gobierno federal, Quiahuitl Ch\u00e1vez Dom\u00ednguez,&#8230;<\/p>\n","protected":false},"author":1,"featured_media":40969,"comment_status":"open","ping_status":"open","sticky":false,"template":"","format":"standard","meta":{"footnotes":""},"categories":[1980,1983],"tags":[18408,18413,6289,18407,8251,18419,9476,18409,18411,18418,18414,11530,12279,18412,18410,14114,18406,18417,18420,18415,18416],"class_list":["post-40966","post","type-post","status-publish","format-standard","has-post-thumbnail","hentry","category-goverment-2","category-guerrerogob","tag-100-natural","tag-chevrolet","tag-conafe","tag-el-plebe-alegre","tag-evelyn-salgado-pineda","tag-feria-nacional-del-empleo-en-acapulco","tag-grupo-walmart","tag-hotel-aristos","tag-hotel-el-mirador","tag-hotel-emporio","tag-hotel-hotsson","tag-la-casa-de-los-abuelos","tag-macrotunel","tag-mc-donalds","tag-mega","tag-oxxo","tag-playa-suites","tag-pollo-caliente","tag-quiahuitl-chavez-dominguez","tag-standex","tag-total-play"],"_links":{"self":[{"href":"https:\/\/www.acapulcopress.com\/index.php\/wp-json\/wp\/v2\/posts\/40966","targetHints":{"allow":["GET"]}}],"collection":[{"href":"https:\/\/www.acapulcopress.com\/index.php\/wp-json\/wp\/v2\/posts"}],"about":[{"href":"https:\/\/www.acapulcopress.com\/index.php\/wp-json\/wp\/v2\/types\/post"}],"author":[{"embeddable":true,"href":"https:\/\/www.acapulcopress.com\/index.php\/wp-json\/wp\/v2\/users\/1"}],"replies":[{"embeddable":true,"href":"https:\/\/www.acapulcopress.com\/index.php\/wp-json\/wp\/v2\/comments?post=40966"}],"version-history":[{"count":2,"href":"https:\/\/www.acapulcopress.com\/index.php\/wp-json\/wp\/v2\/posts\/40966\/revisions"}],"predecessor-version":[{"id":40981,"href":"https:\/\/www.acapulcopress.com\/index.php\/wp-json\/wp\/v2\/posts\/40966\/revisions\/40981"}],"wp:featuredmedia":[{"embeddable":true,"href":"https:\/\/www.acapulcopress.com\/index.php\/wp-json\/wp\/v2\/media\/40969"}],"wp:attachment":[{"href":"https:\/\/www.acapulcopress.com\/index.php\/wp-json\/wp\/v2\/media?parent=40966"}],"wp:term":[{"taxonomy":"category","embeddable":true,"href":"https:\/\/www.acapulcopress.com\/index.php\/wp-json\/wp\/v2\/categories?post=40966"},{"taxonomy":"post_tag","embeddable":true,"href":"https:\/\/www.acapulcopress.com\/index.php\/wp-json\/wp\/v2\/tags?post=40966"}],"curies":[{"name":"wp","href":"https:\/\/api.w.org\/{rel}","templated":true}]}}