{"id":40989,"date":"2025-06-09T19:01:58","date_gmt":"2025-06-10T01:01:58","guid":{"rendered":"https:\/\/www.acapulcopress.com\/?p=40989"},"modified":"2025-06-09T19:03:50","modified_gmt":"2025-06-10T01:03:50","slug":"proponen-reconocer-derechos-afromexicanos-igual-que-los-de-los-indigenas","status":"publish","type":"post","link":"https:\/\/www.acapulcopress.com\/index.php\/2025\/06\/09\/proponen-reconocer-derechos-afromexicanos-igual-que-los-de-los-indigenas\/","title":{"rendered":"Proponen reconocer derechos afromexicanos igual que los derechos ind\u00edgenas"},"content":{"rendered":"<p>CHILPANCINGO * 9 de junio 2025<br \/>\n<em>) LXVI legislatura | Guerrero<\/em><br \/>\nLa <em>Comisi\u00f3n de Justicia<\/em> del Congreso del Estado analiza una reforma a la<em> Ley del Registro Civil<\/em> del Estado para que se reconozca a los pueblos afromexicanos con los mismos derechos que los pueblos ind\u00edgenas, se garantice su acceso efectivo al Registro Civil con campa\u00f1as gratuitas y unidades m\u00f3viles y se capacite al personal en derechos, interculturalidad y respeto a sus costumbres, promoviendo una inclusi\u00f3n real y equitativa.<\/p>\n<p>En la propuesta, presentada por la diputada <strong>Araceli Ocampo Manzanares<\/strong> y a la cual se adhiri\u00f3 la diputada Gladys Cort\u00e9s Genchi, se menciona la necesidad de que la diversidad del Estado sea reconocida en su legislaci\u00f3n para garantizar que las y los guerrerenses tengan pleno acceso a sus derechos fundamentales.<\/p>\n<p>Y es que refiere que para muchas personas que viven en zonas rurales de Guerrero, tener acceso al Registro Civil es pr\u00e1cticamente imposible y que al no contar con documentos oficiales que prueben su existencia legal o su estado civil los margina a\u00fan m\u00e1s, empuj\u00e1ndolos a una espiral de exclusi\u00f3n social, econ\u00f3mica y pol\u00edtica.<\/p>\n<p>Agreg\u00f3 que \u201cla falta de Registro Civil tiene una consecuencia inmediata: la invisibilidad jur\u00eddica, sin un acta de nacimiento, las personas no existen oficialmente para el Estado, significando que no pueden obtener una identificaci\u00f3n oficial, lo que a su vez les<\/p>\n<p>impide acceder a servicios tan importantes como la educaci\u00f3n, porque no pueden inscribirse en la escuela, limitando sus oportunidades de desarrollo y perpetuando la pobreza\u201d.<\/p>\n<p>Asimismo, dijo que la ausencia de un Registro Civil tambi\u00e9n afecta directamente la econom\u00eda de estas personas, porque les resulta dif\u00edcil conseguir empleos formales, abrir cuentas bancarias, solicitar cr\u00e9ditos o participar en programas de ayuda del gobierno, limitaci\u00f3n que los condena a la informalidad y a la inestabilidad laboral, frenando su progreso social y su capacidad para construir un futuro digno para ellos y sus familias.<\/p>\n<p>Por ello, plantea reformar los art\u00edculos 22 y 37 de la Ley N\u00famero 495 del Registro Civil del Estado de Guerrero.<\/p>\n<p><em>) acapulcopress.com<\/em><\/p>\n","protected":false},"excerpt":{"rendered":"<p>CHILPANCINGO * 9 de junio 2025 ) LXVI legislatura | Guerrero La Comisi\u00f3n de Justicia del Congreso del Estado analiza una reforma a la Ley del Registro Civil del Estado para que se reconozca a los pueblos afromexicanos con los mismos derechos que los pueblos ind\u00edgenas, se garantice su acceso efectivo al Registro Civil con&#8230;<\/p>\n","protected":false},"author":1,"featured_media":40990,"comment_status":"open","ping_status":"open","sticky":false,"template":"","format":"standard","meta":{"footnotes":""},"categories":[2037,61],"tags":[4072,11863,18372],"class_list":["post-40989","post","type-post","status-publish","format-standard","has-post-thumbnail","hentry","category-congreso-de-guerrero","category-legislacion","tag-araceli-ocampo-manzanares","tag-ley-del-registro-civil-del-estado","tag-lxvi-legislatura-guerrero"],"_links":{"self":[{"href":"https:\/\/www.acapulcopress.com\/index.php\/wp-json\/wp\/v2\/posts\/40989","targetHints":{"allow":["GET"]}}],"collection":[{"href":"https:\/\/www.acapulcopress.com\/index.php\/wp-json\/wp\/v2\/posts"}],"about":[{"href":"https:\/\/www.acapulcopress.com\/index.php\/wp-json\/wp\/v2\/types\/post"}],"author":[{"embeddable":true,"href":"https:\/\/www.acapulcopress.com\/index.php\/wp-json\/wp\/v2\/users\/1"}],"replies":[{"embeddable":true,"href":"https:\/\/www.acapulcopress.com\/index.php\/wp-json\/wp\/v2\/comments?post=40989"}],"version-history":[{"count":2,"href":"https:\/\/www.acapulcopress.com\/index.php\/wp-json\/wp\/v2\/posts\/40989\/revisions"}],"predecessor-version":[{"id":40992,"href":"https:\/\/www.acapulcopress.com\/index.php\/wp-json\/wp\/v2\/posts\/40989\/revisions\/40992"}],"wp:featuredmedia":[{"embeddable":true,"href":"https:\/\/www.acapulcopress.com\/index.php\/wp-json\/wp\/v2\/media\/40990"}],"wp:attachment":[{"href":"https:\/\/www.acapulcopress.com\/index.php\/wp-json\/wp\/v2\/media?parent=40989"}],"wp:term":[{"taxonomy":"category","embeddable":true,"href":"https:\/\/www.acapulcopress.com\/index.php\/wp-json\/wp\/v2\/categories?post=40989"},{"taxonomy":"post_tag","embeddable":true,"href":"https:\/\/www.acapulcopress.com\/index.php\/wp-json\/wp\/v2\/tags?post=40989"}],"curies":[{"name":"wp","href":"https:\/\/api.w.org\/{rel}","templated":true}]}}